{"id":2476,"date":"2023-10-23T18:37:20","date_gmt":"2023-10-23T18:37:20","guid":{"rendered":"https:\/\/entrenotasyacordes.com\/?p=2476"},"modified":"2023-10-23T18:37:23","modified_gmt":"2023-10-23T18:37:23","slug":"reik-carin-leon-presentan-el-correcto","status":"publish","type":"post","link":"https:\/\/entrenotasyacordes.com\/?p=2476","title":{"rendered":"REIK &amp; CARIN LEON PRESENTAN \u201cEL CORRECTO\u201d"},"content":{"rendered":"\n<p class=\"has-black-color has-text-color\"><strong>\u00a1REIK est\u00e1 de vuelta!<\/strong>\u00a0Luego de casi un a\u00f1o sin publicar m\u00fasica propia nueva y de multipremiadas incursiones en el urbano, una de las agrupaciones m\u00e1s ic\u00f3nicas de M\u00e9xico vuelve a su esencia con\u00a0<strong>\u201cEl Correcto\u201d<\/strong>, un elegante comeback al pop junto al inigualable\u00a0<strong>Carin Leon<\/strong>.<\/p>\n\n\n\n<div style=\"height:21px\" aria-hidden=\"true\" class=\"wp-block-spacer\"><\/div>\n\n\n\n<!--more-->\n\n\n\n<figure class=\"wp-block-embed is-type-rich is-provider-spotify wp-block-embed-spotify wp-embed-aspect-21-9 wp-has-aspect-ratio\"><div class=\"wp-block-embed__wrapper\">\n<iframe title=\"Spotify Embed: El Correcto\" style=\"border-radius: 12px\" width=\"100%\" height=\"352\" frameborder=\"0\" allowfullscreen allow=\"autoplay; clipboard-write; encrypted-media; fullscreen; picture-in-picture\" loading=\"lazy\" src=\"https:\/\/open.spotify.com\/embed\/album\/1mM3IeOAt840NlJXVNWUWH?referral=labelaffiliate&#038;utm_source=oembed&#038;utm_medium=Sony_SonyMusicMexico&#038;utm_campaign=labelaffiliate\"><\/iframe>\n<\/div><\/figure>\n\n\n\n<div style=\"height:33px\" aria-hidden=\"true\" class=\"wp-block-spacer\"><\/div>\n\n\n\n<p class=\"has-black-color has-text-color\"><strong><em>\u201cHab\u00eda que volver al punto de partida\u201d<\/em><\/strong>, cuentan&nbsp;<strong>Jes\u00fas Navarro, Julio Ram\u00edrez y Bibi Mar\u00edn<\/strong>quienes sacudieron a sus 2.5M de seguidores en IG cuando desaparecieron todas sus fotos para dar paso a su nueva era.<strong>&nbsp;<em>\u201cLa gente lo ped\u00eda a gritos, pero hab\u00eda que hacerlo de forma diferente: explorando todas las posibilidades del pop para que ahora seamos nosotros quienes traigamos a nuestro sonido a los nuevos talentos\u201d.<\/em><\/strong><\/p>\n\n\n\n<div style=\"height:17px\" aria-hidden=\"true\" class=\"wp-block-spacer\"><\/div>\n\n\n\n<p class=\"has-black-color has-text-color\">Compuesta por Julio Ram\u00edrez en colaboraci\u00f3n con Pambo, Mauro Mu\u00f1oz, Luis Miguel G\u00f3mez Casta\u00f1o \u201cCasta\u201d y el propio Carin Le\u00f3n,&nbsp;<strong>\u201cEl Correcto\u201d<\/strong>&nbsp;explora el despecho de un buen:&nbsp;<strong><em>\u201cAmiga date cuenta. Te dije que yo era el correcto\u201d<\/em><\/strong>. Llevando al l\u00edmite la m\u00e1xima de cl\u00e1sicos de Reik como \u201cYo Quisiera\u201d con sutiles sintetizadores y un sofisticado sonido de bajo el\u00e9ctrico que proyecta finas texturas musicales.<\/p>\n\n\n\n<div style=\"height:17px\" aria-hidden=\"true\" class=\"wp-block-spacer\"><\/div>\n\n\n\n<p class=\"has-black-color has-text-color\"><em>\u201cCuando empezamos la canci\u00f3n e invitamos a Carin nos emocionamos mucho\u201d,&nbsp;<\/em>revel\u00f3 Reik, que mediante un reel que actualmente lleva 3.4M de vistas, dio un adelanto de la colaboraci\u00f3n compartiendo un cover.<strong>&nbsp;\u201c<em>Desde el inicio le puso mucha onda y acept\u00f3 el reto de sumarse<\/em><\/strong><em>&nbsp;<strong>100 al sonido pop. Es un artista que admiramos no solo por su talento, sino por su calidad como persona<\/strong>\u201d<\/em><\/p>\n\n\n\n<div style=\"height:17px\" aria-hidden=\"true\" class=\"wp-block-spacer\"><\/div>\n\n\n\n<p class=\"has-black-color has-text-color\">Grabado en el desierto de Sonora, en Hermosillo, el video cont\u00f3 con la direcci\u00f3n de la chilena Camila Grandi. Una extraordinaria artista audiovisual que, con tan solo 28 a\u00f1os, ya cuenta con m\u00e1s de 50 videoclips bajo su direcci\u00f3n, esto para artistas como Mon Laferte, Silvana Estrada, Los Bunkers, Francisca Valenzuela, entre otros.<\/p>\n\n\n\n<div style=\"height:17px\" aria-hidden=\"true\" class=\"wp-block-spacer\"><\/div>\n\n\n\n<p class=\"has-black-color has-text-color\"><strong><em>\u201cA veces puedes perder de vista que la gente lo \u00fanico que necesita es algo muy pop, algo que le haga conectar con sus emociones\u201d,<\/em><\/strong>&nbsp;agrega el grupo.&nbsp;<em>\u201cNos parece que este nuevo sonido es<\/em><strong><em>\u2018El Correcto\u2019\u201d<\/em>.<\/strong><\/p>\n\n\n\n<div style=\"height:17px\" aria-hidden=\"true\" class=\"wp-block-spacer\"><\/div>\n\n\n\n<p class=\"has-black-color has-text-color\"><strong>Sobre Reik:<\/strong><\/p>\n\n\n\n<div style=\"height:17px\" aria-hidden=\"true\" class=\"wp-block-spacer\"><\/div>\n\n\n\n<p class=\"has-black-color has-text-color\">Su nombre, REIK, ya es fuerte y tiene peso. Prueba de ello son los m\u00faltiples\u00a0<strong>sold outs<\/strong>\u00a0de sus conciertos que cada a\u00f1o ofrecen por toda Latinoam\u00e9rica, Estados Unidos y Espa\u00f1a, los numerosos hits que han logrado en la radio y hasta las marcas internacionales que han solicitado su m\u00fasica para sus campa\u00f1as publicitarias; nadie se imaginar\u00eda que aquellos tres j\u00f3venes que llegaron de Mexicali, Baja California, hace aproximadamente 16 a\u00f1os, desarrollar\u00edan una carrera s\u00f3lida y permanente de manera tan r\u00e1pida.<\/p>\n\n\n\n<div style=\"height:17px\" aria-hidden=\"true\" class=\"wp-block-spacer\"><\/div>\n\n\n\n<p class=\"has-black-color has-text-color\">Por m\u00e1s de 18 a\u00f1os el grupo ha marcado tendencia, lo que se traduce en m\u00e1s de 9.1 mil millones de audio streams, m\u00e1s de 8.5 mil millones de views en su canal de YouTube y m\u00e1s de 9.8 millones de suscriptores en la plataforma. Adem\u00e1s, cuentan con 18.9M de oyentes mensuales en plataformas como Spotify.<br><br>Cuentan con 6 \u00e1lbumes de estudio, 2 \u00e1lbumes en vivo &amp; 2 EP\u2019S conceptuales los cuales han sido certificados por altas ventas en M\u00e9xico, Latinoam\u00e9rica, Espa\u00f1a y Estados Unidos.<\/p>\n\n\n\n<div style=\"height:17px\" aria-hidden=\"true\" class=\"wp-block-spacer\"><\/div>\n\n\n\n<p class=\"has-black-color has-text-color\">Han realizado m\u00e1s de 30 colaboraciones con artistas internacionales como Maluma, J. Balvin, Wisin &amp; Yandel, Sebasti\u00e1n Yatra, Ozuna, Morat, Super Junior, Manuel Turizo, Farruko, Camilo, Aitana, Christian Nodal, Grupo Firme, Nicky Jam, entre otros. Y son ganadores de diversos Premios como: Grammy Latino, MTV Music Award, Premios Lo Nuestro, Gaviotas de Plata y Oro, Billboard Latin Music, Juventud, etc.<\/p>\n\n\n\n<div style=\"height:17px\" aria-hidden=\"true\" class=\"wp-block-spacer\"><\/div>\n\n\n\n<p class=\"has-black-color has-text-color\"><strong>Sobre Carin Le\u00f3n:<\/strong><\/p>\n\n\n\n<div style=\"height:17px\" aria-hidden=\"true\" class=\"wp-block-spacer\"><\/div>\n\n\n\n<p class=\"has-black-color has-text-color\">A los 16 a\u00f1os, Carin Le\u00f3n, originario de Hermosillo, Sonora, decidi\u00f3 emprender su viaje musical y lleg\u00f3 r\u00e1pidamente a dominar la escena de la m\u00fasica mexicana y posicionar el g\u00e9nero en el foco mundial. Su cautivadora y vibrante voz, demuestra la versatilidad para la composici\u00f3n que le permite navegar entre m\u00faltiples g\u00e9neros. Hoy en d\u00eda es reconocido como un \u00edcono moderno que ha llevado las tradiciones de la m\u00fasica mexicana a nuevas generaciones y fronteras. El aclamado artista ha aparecido en las portadas de las principales playlists de las plataformas digitales, y actualmente tiene tres temas en el Top 200 del chart Global de Spotify.<\/p>\n\n\n\n<div style=\"height:17px\" aria-hidden=\"true\" class=\"wp-block-spacer\"><\/div>\n\n\n\n<p class=\"has-black-color has-text-color\">Carin ha obtenido innumerables nominaciones y m\u00faltiples premiaciones, incluyendo un premio ASCAP, dos Premio Lo Nuestro, un Latin GRAMMY\u00ae as\u00ed como siete nominaciones a Premios de la Radio, convirti\u00e9ndose en el artista m\u00e1s nominado para dicha entrega. Reci\u00e9n, recibi\u00f3 dos nominaciones a los Premios Billboard de la M\u00fasica Latina 2023, y otra nominaci\u00f3n en la 24a edici\u00f3n de los premios Latin GRAMMY\u00ae.<\/p>\n\n\n\n<div style=\"height:17px\" aria-hidden=\"true\" class=\"wp-block-spacer\"><\/div>\n\n\n\n<p class=\"has-black-color has-text-color\">Recientemente, Carin Le\u00f3n culmin\u00f3 de manera exitosa su gira por Estados Unidos con su \u201cTour Colmillo de Leche\u201d present\u00e1ndose en un total de 38 shows en las ciudades principales de la uni\u00f3n americana, apoyando su m\u00e1s reciente disco \u201cColmillo de Leche\u201d, el cual ha colocado tres temas en el #1 del chart Regional Mexicano de Billboard.<\/p>\n\n\n\n<div style=\"height:17px\" aria-hidden=\"true\" class=\"wp-block-spacer\"><\/div>\n","protected":false},"excerpt":{"rendered":"<p>\u00a1REIK est\u00e1 de vuelta!\u00a0Luego de casi un a\u00f1o sin publicar m\u00fasica propia nueva y de<\/p>\n","protected":false},"author":5,"featured_media":2477,"comment_status":"open","ping_status":"open","sticky":false,"template":"","format":"standard","meta":{"om_disable_all_campaigns":false,"_uf_show_specific_survey":0,"_uf_disable_surveys":false,"footnotes":""},"categories":[4],"tags":[],"class_list":["post-2476","post","type-post","status-publish","format-standard","has-post-thumbnail","hentry","category-musica"],"_links":{"self":[{"href":"https:\/\/entrenotasyacordes.com\/index.php?rest_route=\/wp\/v2\/posts\/2476","targetHints":{"allow":["GET"]}}],"collection":[{"href":"https:\/\/entrenotasyacordes.com\/index.php?rest_route=\/wp\/v2\/posts"}],"about":[{"href":"https:\/\/entrenotasyacordes.com\/index.php?rest_route=\/wp\/v2\/types\/post"}],"author":[{"embeddable":true,"href":"https:\/\/entrenotasyacordes.com\/index.php?rest_route=\/wp\/v2\/users\/5"}],"replies":[{"embeddable":true,"href":"https:\/\/entrenotasyacordes.com\/index.php?rest_route=%2Fwp%2Fv2%2Fcomments&post=2476"}],"version-history":[{"count":1,"href":"https:\/\/entrenotasyacordes.com\/index.php?rest_route=\/wp\/v2\/posts\/2476\/revisions"}],"predecessor-version":[{"id":2478,"href":"https:\/\/entrenotasyacordes.com\/index.php?rest_route=\/wp\/v2\/posts\/2476\/revisions\/2478"}],"wp:featuredmedia":[{"embeddable":true,"href":"https:\/\/entrenotasyacordes.com\/index.php?rest_route=\/wp\/v2\/media\/2477"}],"wp:attachment":[{"href":"https:\/\/entrenotasyacordes.com\/index.php?rest_route=%2Fwp%2Fv2%2Fmedia&parent=2476"}],"wp:term":[{"taxonomy":"category","embeddable":true,"href":"https:\/\/entrenotasyacordes.com\/index.php?rest_route=%2Fwp%2Fv2%2Fcategories&post=2476"},{"taxonomy":"post_tag","embeddable":true,"href":"https:\/\/entrenotasyacordes.com\/index.php?rest_route=%2Fwp%2Fv2%2Ftags&post=2476"}],"curies":[{"name":"wp","href":"https:\/\/api.w.org\/{rel}","templated":true}]}}