{"id":2484,"date":"2023-10-23T19:07:46","date_gmt":"2023-10-23T19:07:46","guid":{"rendered":"https:\/\/entrenotasyacordes.com\/?p=2484"},"modified":"2023-10-23T19:07:49","modified_gmt":"2023-10-23T19:07:49","slug":"steffania-uttaro-la-cantautora-venezolana-radicada-en-argentina-presenta-su-nuevo-single-vas-a-volver-conmigo","status":"publish","type":"post","link":"https:\/\/entrenotasyacordes.com\/?p=2484","title":{"rendered":"STEFFANIA UTTARO\u00a0 LA CANTAUTORA VENEZOLANA RADICADA EN ARGENTINA PRESENTA SU NUEVO SINGLE \u00abVAS A VOLVER CONMIGO"},"content":{"rendered":"\n<div style=\"height:36px\" aria-hidden=\"true\" class=\"wp-block-spacer\"><\/div>\n\n\n\n<!--more-->\n\n\n\n<p class=\"has-black-color has-text-color\"><strong>Una conmovedora balada pop que captura en su letra la esencia de un amor verdadero.<\/strong><\/p>\n\n\n\n<div style=\"height:29px\" aria-hidden=\"true\" class=\"wp-block-spacer\"><\/div>\n\n\n\n<figure class=\"wp-block-embed is-type-rich is-provider-spotify wp-block-embed-spotify wp-embed-aspect-21-9 wp-has-aspect-ratio\"><div class=\"wp-block-embed__wrapper\">\n<iframe title=\"Spotify Embed: Vas a Volver Conmigo\" style=\"border-radius: 12px\" width=\"100%\" height=\"352\" frameborder=\"0\" allowfullscreen allow=\"autoplay; clipboard-write; encrypted-media; fullscreen; picture-in-picture\" loading=\"lazy\" src=\"https:\/\/open.spotify.com\/embed\/album\/4FxW7iy21yw1bO2xs59VbS?si=mVjaSc0oTBqUO0jgqoeJow&#038;utm_source=oembed&#038;utm_admin=86415&#038;utm_medium=email&#038;utm_campaign=Vas_a_volver_conmigo_nuevo_single_de_STEFFANIA_UTTARO&#038;nd=1\"><\/iframe>\n<\/div><\/figure>\n\n\n\n<div style=\"height:29px\" aria-hidden=\"true\" class=\"wp-block-spacer\"><\/div>\n\n\n\n<p class=\"has-black-color has-text-color\"><strong>Steffania Uttaro<\/strong>&nbsp;es una artista de origen venezolano que reside en Argentina hace&nbsp;<strong>m\u00e1s de 4 a\u00f1os.<\/strong><\/p>\n\n\n\n<div style=\"height:29px\" aria-hidden=\"true\" class=\"wp-block-spacer\"><\/div>\n\n\n\n<p class=\"has-black-color has-text-color\">En\u00a0<strong>2018<\/strong>\u00a0sali\u00f3 de su pa\u00eds en busca de<strong>\u00a0un crecimiento personal y art\u00edstico<\/strong>, siguiendo sus instintos y sus ganas de expandirse profesionalmente.\u00a0<\/p>\n\n\n\n<div style=\"height:29px\" aria-hidden=\"true\" class=\"wp-block-spacer\"><\/div>\n\n\n\n<p class=\"has-black-color has-text-color\"><br>Despu\u00e9s del gran \u00e9xito como\u00a0<strong>semifinalista en La Voz Argentina 2021<\/strong>, y gracias a su propuesta musical en la que\u00a0<strong>fusiona diferentes g\u00e9neros<\/strong>, la artista\u00a0<strong>comenz\u00f3 a escucharse en toda Latinoam\u00e9rica.\u00a0<\/strong><\/p>\n\n\n\n<div style=\"height:29px\" aria-hidden=\"true\" class=\"wp-block-spacer\"><\/div>\n\n\n\n<p>Tras haber presentado \u00ab<strong>La Mala<\/strong>\u00ab, canci\u00f3n que&nbsp;<strong>encabeza una nueva etapa musical de la artista en la que&nbsp;<\/strong>mezcla perfecta entre el&nbsp;<strong>mundo urbano y el pop latino,&nbsp;<\/strong>Steffania lanza \u00ab<strong>Vas a volver conmig<\/strong>o\u00bb. Su nueva canci\u00f3n es&nbsp;una conmovedora&nbsp;<strong>balada pop<\/strong>&nbsp;que narra&nbsp;<strong>la historia atemporal de un amor inquebrantable enfrentando desaf\u00edos imponentes<\/strong>. La canci\u00f3n nos sumerge en la emoci\u00f3n de un romance que persiste a pesar de las barreras, y a&nbsp;trav\u00e9s de su mel\u00f3dica armon\u00eda y emotivas letras nos recuerda que el verdadero amor supera todas las adversidades, encontrando siempre una salida incluso en los momentos m\u00e1s oscuros.<\/p>\n\n\n\n<div style=\"height:28px\" aria-hidden=\"true\" class=\"wp-block-spacer\"><\/div>\n\n\n\n<figure class=\"wp-block-image size-full\"><img loading=\"lazy\" decoding=\"async\" width=\"1400\" height=\"931\" src=\"https:\/\/entrenotasyacordes.com\/wp-content\/uploads\/2023\/10\/652d68a3108e7f8458b8749f.jpg\" alt=\"\" class=\"wp-image-2485\"\/><\/figure>\n\n\n\n<div style=\"height:28px\" aria-hidden=\"true\" class=\"wp-block-spacer\"><\/div>\n\n\n\n<p class=\"has-black-color has-text-color\"><strong>FICHA T\u00c9CNICA.&nbsp;<\/strong><br>Steffania Uttaro: Composici\u00f3n y voz.<br>Andr\u00e9s De La Cruz: Producci\u00f3n, co-escritor.<\/p>\n\n\n\n<div style=\"height:28px\" aria-hidden=\"true\" class=\"wp-block-spacer\"><\/div>\n\n\n\n<p class=\"has-black-color has-text-color\"><strong>UN POCO MAS DE STTEFANIA UTTARO.&nbsp;<\/strong><\/p>\n\n\n\n<div style=\"height:28px\" aria-hidden=\"true\" class=\"wp-block-spacer\"><\/div>\n\n\n\n<p class=\"has-black-color has-text-color\">Es una artista venezolana de&nbsp;<strong>26 a\u00f1os<\/strong>&nbsp;que reside en Argentina desde 2018, pa\u00eds al que abraz\u00f3 como su segundo hogar. Su pasi\u00f3n por la m\u00fasica viene desde la universidad. En el mismo a\u00f1o en que lleg\u00f3 a nuestro pa\u00eds, comenz\u00f3 a componer sin parar y post pandemia aprendi\u00f3 a tocar el piano, instrumento que la ayud\u00f3 mucho a la hora de escribir.&nbsp;<\/p>\n\n\n\n<div style=\"height:28px\" aria-hidden=\"true\" class=\"wp-block-spacer\"><\/div>\n\n\n\n<p class=\"has-black-color has-text-color\">En 2022 lanz\u00f3 \u00ab<a href=\"https:\/\/86415.clicks.tstes.net\/track\/click?u=3305464&amp;p=38363431353a3738373a3638333a303a313a30&amp;s=19fb08e4a8849e860871bf2672317b20&amp;m=4697\" target=\"_blank\" rel=\"noreferrer noopener\">Vengo<\/a>\u00ab, un EP de<strong>&nbsp;6 canciones<\/strong>&nbsp;y en el \u00faltimo a\u00f1o&nbsp;ha participado en eventos como:&nbsp;<strong>Buenos Aires Celebra Venezuela, M\u00fasica para nuestro Hogar de la mano de Latin Vox Machine, Festival PEP, El principito Sinf\u00f3nico, La Voz Argentina<\/strong>&nbsp;entre otros.<\/p>\n\n\n\n<div style=\"height:28px\" aria-hidden=\"true\" class=\"wp-block-spacer\"><\/div>\n\n\n\n<p class=\"has-black-color has-text-color\">Hoy sigue escribiendo sus propias canciones que tiene planeado lanzar durante este a\u00f1o y principios de 2024. Adem\u00e1s, comienza un tour por USA, Venezuela y Argentina.&nbsp;<\/p>\n\n\n\n<div style=\"height:28px\" aria-hidden=\"true\" class=\"wp-block-spacer\"><\/div>\n","protected":false},"excerpt":{"rendered":"","protected":false},"author":5,"featured_media":2486,"comment_status":"open","ping_status":"open","sticky":false,"template":"","format":"standard","meta":{"om_disable_all_campaigns":false,"_uf_show_specific_survey":0,"_uf_disable_surveys":false,"footnotes":""},"categories":[4],"tags":[],"class_list":["post-2484","post","type-post","status-publish","format-standard","has-post-thumbnail","hentry","category-musica"],"_links":{"self":[{"href":"https:\/\/entrenotasyacordes.com\/index.php?rest_route=\/wp\/v2\/posts\/2484","targetHints":{"allow":["GET"]}}],"collection":[{"href":"https:\/\/entrenotasyacordes.com\/index.php?rest_route=\/wp\/v2\/posts"}],"about":[{"href":"https:\/\/entrenotasyacordes.com\/index.php?rest_route=\/wp\/v2\/types\/post"}],"author":[{"embeddable":true,"href":"https:\/\/entrenotasyacordes.com\/index.php?rest_route=\/wp\/v2\/users\/5"}],"replies":[{"embeddable":true,"href":"https:\/\/entrenotasyacordes.com\/index.php?rest_route=%2Fwp%2Fv2%2Fcomments&post=2484"}],"version-history":[{"count":1,"href":"https:\/\/entrenotasyacordes.com\/index.php?rest_route=\/wp\/v2\/posts\/2484\/revisions"}],"predecessor-version":[{"id":2487,"href":"https:\/\/entrenotasyacordes.com\/index.php?rest_route=\/wp\/v2\/posts\/2484\/revisions\/2487"}],"wp:featuredmedia":[{"embeddable":true,"href":"https:\/\/entrenotasyacordes.com\/index.php?rest_route=\/wp\/v2\/media\/2486"}],"wp:attachment":[{"href":"https:\/\/entrenotasyacordes.com\/index.php?rest_route=%2Fwp%2Fv2%2Fmedia&parent=2484"}],"wp:term":[{"taxonomy":"category","embeddable":true,"href":"https:\/\/entrenotasyacordes.com\/index.php?rest_route=%2Fwp%2Fv2%2Fcategories&post=2484"},{"taxonomy":"post_tag","embeddable":true,"href":"https:\/\/entrenotasyacordes.com\/index.php?rest_route=%2Fwp%2Fv2%2Ftags&post=2484"}],"curies":[{"name":"wp","href":"https:\/\/api.w.org\/{rel}","templated":true}]}}