{"id":4628,"date":"2024-01-22T13:44:02","date_gmt":"2024-01-22T13:44:02","guid":{"rendered":"https:\/\/entrenotasyacordes.com\/?p=4628"},"modified":"2024-01-22T13:44:04","modified_gmt":"2024-01-22T13:44:04","slug":"ahyre","status":"publish","type":"post","link":"https:\/\/entrenotasyacordes.com\/?p=4628","title":{"rendered":"AHYRE"},"content":{"rendered":"\n<p class=\"has-black-color has-text-color has-link-color wp-elements-6710f955898de9f2eb498f94677b0c1a\"><strong>ANTES DE REPRESENTAR A ARGENTINA EN EL\u00a0FESTIVAL DE VI\u00d1A DEL MAR DE CHILE<\/strong><\/p>\n\n\n\n<p class=\"has-black-color has-text-color has-link-color wp-elements-a8c53b96dd8b5727a8b806c894116fb2\"><strong>HAR\u00c1N HISTORIA UNA VEZ M\u00c1S EN EL ESCENARIO M\u00c1S IMPORTANTE DE LA CUNA DEL<\/strong><strong>FOLKLORE&nbsp;COSQUIN 2024<\/strong><\/p>\n\n\n\n<!--more-->\n\n\n\n<p class=\"has-black-color has-text-color has-link-color wp-elements-8fc56ba26e379592ee07114a4872713e\">El cuarteto salte\u00f1o llega este\u00a0<strong>martes 23 de enero al escenario de Cosqu\u00edn, en C\u00f3rdoba<\/strong>. Ratificando el ascendente momento que vive la banda, su show promete ser una fiesta de sonidos latinoamericanos.<\/p>\n\n\n\n<div style=\"height:19px\" aria-hidden=\"true\" class=\"wp-block-spacer\"><\/div>\n\n\n\n<p class=\"has-black-color has-text-color has-link-color wp-elements-071f019d6bef34faf2cbf4f4bf13dd7e\">La banda, compuesta por\u00a0<strong>Juan Jos\u00e9 Vasconcellos, Sebasti\u00e1n Gim\u00e9nez, Hernando M\u00f3nico y Federico Maldonado,<\/strong>\u00a0cuenta con la colaboraci\u00f3n de\u00a0<strong>Guido Bertini, en percusi\u00f3n y bater\u00eda.<\/strong>\u00a0Fueron Ganadores del premio\u00a0<strong>GARDEL 2020 a Mejor \u00e1lbum grupo de folklore,<\/strong>\u00a0consagraci\u00f3n del\u00a0<strong>Festival Nacional de Doma y Folklore Jes\u00fas Mar\u00eda (2020).<\/strong>\u00a0Recientemente,\u00a0AHYRE\u00a0sum\u00f3 tres nominaciones a los\u00a0<strong>Premios GARDEL 2021 en las ternas: \u00abMejor \u00c1lbum en vivo\u00bb, \u00abMejor Canci\u00f3n de folklore\u00bb y \u00abMejor videoclip Largo\u00bb.<\/strong><\/p>\n\n\n\n<div style=\"height:19px\" aria-hidden=\"true\" class=\"wp-block-spacer\"><\/div>\n\n\n\n<p class=\"has-black-color has-text-color has-link-color wp-elements-21457f2e05850b9c0d85d1480cf3462c\"><strong>AHYRE<\/strong>\u00a0estren\u00f3 recientemente su nuevo \u00e1lbum\u00a0<strong>\u00abECO\u00bb<\/strong>, material que contiene 12 canciones con colaboraciones como Abel Pintos en \u00abC\u00f3mplices\u00bb, Soledad en \u00ab\u00c1rbol\u00bb, Los Tekis \u201cR\u00cdO\u201d y Nahuel Penissi en \u00abLos d\u00edas\u00bb. Adem\u00e1s de canciones como \u00abLas Ideas\u00bb, \u00abNuestras Flores\u00bb y \u00abCusco\u00bb, que muestran la esencia de un material que suena a m\u00fasica del mundo, a m\u00fasica de Latinoam\u00e9rica.<\/p>\n\n\n\n<div style=\"height:19px\" aria-hidden=\"true\" class=\"wp-block-spacer\"><\/div>\n\n\n\n<figure class=\"wp-block-embed is-type-rich is-provider-spotify wp-block-embed-spotify wp-embed-aspect-21-9 wp-has-aspect-ratio\"><div class=\"wp-block-embed__wrapper\">\n<iframe title=\"Spotify Embed: Eco\" style=\"border-radius: 12px\" width=\"100%\" height=\"352\" frameborder=\"0\" allowfullscreen allow=\"autoplay; clipboard-write; encrypted-media; fullscreen; picture-in-picture\" loading=\"lazy\" src=\"https:\/\/open.spotify.com\/embed\/album\/3ejrQS0tgyUNG2WyHRoNJA?utm_source=oembed\"><\/iframe>\n<\/div><\/figure>\n\n\n\n<div style=\"height:19px\" aria-hidden=\"true\" class=\"wp-block-spacer\"><\/div>\n\n\n\n<p class=\"has-black-color has-text-color has-link-color wp-elements-8b99ea1d16b2f41324e2e2207cddb02a\">Pr\u00f3ximamente,&nbsp;Ahyre&nbsp;llevar\u00e1 por lo alto la bandera de Argentina, present\u00e1ndose, por primera vez, en el reconocido y prestigioso&nbsp;<strong>Festival Internacional de la Canci\u00f3n de Vi\u00f1a del Mar 2024, con su \u00e9xito \u00abLa Luna\u00bb<\/strong>El certamen se llevar\u00e1 a cabo desde el domingo&nbsp;<strong>25 de febrero hasta el 1 de marzo en la emblem\u00e1tica Quinta Vergara.<\/strong><\/p>\n\n\n\n<div style=\"height:51px\" aria-hidden=\"true\" class=\"wp-block-spacer\"><\/div>\n","protected":false},"excerpt":{"rendered":"<p>ANTES DE REPRESENTAR A ARGENTINA EN EL\u00a0FESTIVAL DE VI\u00d1A DEL MAR DE CHILE HAR\u00c1N HISTORIA<\/p>\n","protected":false},"author":5,"featured_media":4629,"comment_status":"open","ping_status":"open","sticky":false,"template":"","format":"standard","meta":{"om_disable_all_campaigns":false,"_uf_show_specific_survey":0,"_uf_disable_surveys":false,"footnotes":""},"categories":[36],"tags":[],"class_list":["post-4628","post","type-post","status-publish","format-standard","has-post-thumbnail","hentry","category-conciertos"],"_links":{"self":[{"href":"https:\/\/entrenotasyacordes.com\/index.php?rest_route=\/wp\/v2\/posts\/4628","targetHints":{"allow":["GET"]}}],"collection":[{"href":"https:\/\/entrenotasyacordes.com\/index.php?rest_route=\/wp\/v2\/posts"}],"about":[{"href":"https:\/\/entrenotasyacordes.com\/index.php?rest_route=\/wp\/v2\/types\/post"}],"author":[{"embeddable":true,"href":"https:\/\/entrenotasyacordes.com\/index.php?rest_route=\/wp\/v2\/users\/5"}],"replies":[{"embeddable":true,"href":"https:\/\/entrenotasyacordes.com\/index.php?rest_route=%2Fwp%2Fv2%2Fcomments&post=4628"}],"version-history":[{"count":1,"href":"https:\/\/entrenotasyacordes.com\/index.php?rest_route=\/wp\/v2\/posts\/4628\/revisions"}],"predecessor-version":[{"id":4630,"href":"https:\/\/entrenotasyacordes.com\/index.php?rest_route=\/wp\/v2\/posts\/4628\/revisions\/4630"}],"wp:featuredmedia":[{"embeddable":true,"href":"https:\/\/entrenotasyacordes.com\/index.php?rest_route=\/wp\/v2\/media\/4629"}],"wp:attachment":[{"href":"https:\/\/entrenotasyacordes.com\/index.php?rest_route=%2Fwp%2Fv2%2Fmedia&parent=4628"}],"wp:term":[{"taxonomy":"category","embeddable":true,"href":"https:\/\/entrenotasyacordes.com\/index.php?rest_route=%2Fwp%2Fv2%2Fcategories&post=4628"},{"taxonomy":"post_tag","embeddable":true,"href":"https:\/\/entrenotasyacordes.com\/index.php?rest_route=%2Fwp%2Fv2%2Ftags&post=4628"}],"curies":[{"name":"wp","href":"https:\/\/api.w.org\/{rel}","templated":true}]}}