{"id":4650,"date":"2024-01-23T14:10:25","date_gmt":"2024-01-23T14:10:25","guid":{"rendered":"https:\/\/entrenotasyacordes.com\/?p=4650"},"modified":"2024-01-23T14:10:27","modified_gmt":"2024-01-23T14:10:27","slug":"nefertiti-single-de-marki","status":"publish","type":"post","link":"https:\/\/entrenotasyacordes.com\/?p=4650","title":{"rendered":"NEFERTITI SINGLE DE MARKI"},"content":{"rendered":"\n<!--more-->\n\n\n\n<p class=\"has-black-color has-text-color has-link-color wp-elements-01706a59679ecbed4da40685f932e973\">\u00a8Nefertiti\u00a8 es el nuevo single de Marki, inspirado en la vibra afrosound de Atlanta mezcla de soul, R&amp;B, jazz y mamble rap, en su versi\u00f3n castellana &#8211; argentina.<\/p>\n\n\n\n<div style=\"height:18px\" aria-hidden=\"true\" class=\"wp-block-spacer\"><\/div>\n\n\n\n<figure class=\"wp-block-embed is-type-video is-provider-youtube wp-block-embed-youtube wp-embed-aspect-16-9 wp-has-aspect-ratio\"><div class=\"wp-block-embed__wrapper\">\n<div class=\"epyt-video-wrapper\"><iframe loading=\"lazy\"  id=\"_ytid_35025\"  width=\"640\" height=\"360\"  data-origwidth=\"640\" data-origheight=\"360\" src=\"https:\/\/www.youtube.com\/embed\/g5-rpuPx1DY?enablejsapi=1&#038;autoplay=0&#038;cc_load_policy=0&#038;cc_lang_pref=&#038;iv_load_policy=1&#038;loop=0&#038;rel=1&#038;fs=1&#038;playsinline=0&#038;autohide=2&#038;theme=dark&#038;color=white&#038;controls=1&#038;\" class=\"__youtube_prefs__  epyt-is-override  no-lazyload\" data-vol=\"50\"  title=\"YouTube player\"  allow=\"fullscreen; accelerometer; autoplay; clipboard-write; encrypted-media; gyroscope; picture-in-picture; web-share\" referrerpolicy=\"strict-origin-when-cross-origin\" allowfullscreen data-no-lazy=\"1\" data-skipgform_ajax_framebjll=\"\"><\/iframe><\/div>\n<\/div><\/figure>\n\n\n\n<div style=\"height:18px\" aria-hidden=\"true\" class=\"wp-block-spacer\"><\/div>\n\n\n\n<p class=\"has-black-color has-text-color has-link-color wp-elements-6f10bed9bbf41561be19900b64c720d0\"><strong>Acerca de Marki<\/strong><\/p>\n\n\n\n<div style=\"height:19px\" aria-hidden=\"true\" class=\"wp-block-spacer\"><\/div>\n\n\n\n<p class=\"has-black-color has-text-color has-link-color wp-elements-0f8be0606c50aa8e088ae640c5ddbb0f\">Marki naci\u00f3 en el barrio de Once un verano de 1996. Fue criado por su abuelo italiano, baterista por hobby, quien desde joven le inculc\u00f3 el amor por la m\u00fasica. Fue con un cassette de canciones cl\u00e1sicas italianas que su abuelo pon\u00eda cuando lo llevaba al jard\u00edn, que Marki sinti\u00f3 los primeros acordes resonar dentro. En su familia, se juntaban a tocar canciones y a veces iban a ver a las orquestas barriales donde ve\u00eda como los trombones, los pianos y las guitarras le generaban sensaciones completamente nuevas.<\/p>\n\n\n\n<div style=\"height:19px\" aria-hidden=\"true\" class=\"wp-block-spacer\"><\/div>\n\n\n\n<p class=\"has-black-color has-text-color has-link-color wp-elements-ed062770ca45178bff00a15b171635ae\">M\u00e1s tarde, su primo comenz\u00f3 a inculcarle lo que terminar\u00eda de formar su imagen: desde los RHCP, Gorillaz hasta Los Piojos. Una cruza entre el sonido anglo y la belleza que solo el rock nacional, sus lunfardos y el barrio pod\u00edan darle.<\/p>\n\n\n\n<div style=\"height:19px\" aria-hidden=\"true\" class=\"wp-block-spacer\"><\/div>\n\n\n\n<p class=\"has-black-color has-text-color has-link-color wp-elements-2eaf3d8322c38c33ac31f4d2d9a0f572\">Comenz\u00f3 a componer a los 12 a\u00f1os con un bajo y arm\u00f3 su primera banda en el secundario. Arm\u00f3 festivales con bandas amigas y toc\u00f3 en varias bandas desde ese momento.<\/p>\n\n\n\n<div style=\"height:19px\" aria-hidden=\"true\" class=\"wp-block-spacer\"><\/div>\n\n\n\n<figure class=\"wp-block-image size-large\"><img loading=\"lazy\" decoding=\"async\" width=\"1024\" height=\"683\" src=\"https:\/\/entrenotasyacordes.com\/wp-content\/uploads\/2024\/01\/838cd989-060a-ea58-cfd1-0115554de24a-1024x683.jpeg\" alt=\"\" class=\"wp-image-4651\" srcset=\"https:\/\/entrenotasyacordes.com\/wp-content\/uploads\/2024\/01\/838cd989-060a-ea58-cfd1-0115554de24a-1024x683.jpeg 1024w, https:\/\/entrenotasyacordes.com\/wp-content\/uploads\/2024\/01\/838cd989-060a-ea58-cfd1-0115554de24a-300x200.jpeg 300w, https:\/\/entrenotasyacordes.com\/wp-content\/uploads\/2024\/01\/838cd989-060a-ea58-cfd1-0115554de24a-768x512.jpeg 768w, https:\/\/entrenotasyacordes.com\/wp-content\/uploads\/2024\/01\/838cd989-060a-ea58-cfd1-0115554de24a-1536x1024.jpeg 1536w, https:\/\/entrenotasyacordes.com\/wp-content\/uploads\/2024\/01\/838cd989-060a-ea58-cfd1-0115554de24a-2048x1365.jpeg 2048w\" sizes=\"auto, (max-width: 1024px) 100vw, 1024px\" \/><\/figure>\n\n\n\n<div style=\"height:19px\" aria-hidden=\"true\" class=\"wp-block-spacer\"><\/div>\n\n\n\n<p class=\"has-black-color has-text-color has-link-color wp-elements-1cc8503ae4f9c83dfbd37e7704335954\">La pandemia, se encontr\u00f3 componiendo sus propias canciones y las subi\u00f3 as\u00ed como estaban a Spotify. Su simpleza, su honestidad y su profundidad fueron grabadas a fuego en esas letras que sus primeros oyentes abrazaron de inmediato. De esta manera y con un formato completamente DIY, Marki se abri\u00f3 su primer peque\u00f1o lugar en el indie argentino.<\/p>\n\n\n\n<div style=\"height:19px\" aria-hidden=\"true\" class=\"wp-block-spacer\"><\/div>\n\n\n\n<p class=\"has-black-color has-text-color has-link-color wp-elements-a57ff02f446f7c00cca109662562934f\">Luego, se junto con Axel Fiks e hicieron lo que fue\u00a0para muchos\u00a0j\u00f3venes el hit del verano pos-pandemia que sonaba en fogones y juntadas en balcones al aire libre: \u201cMusikita del Cielo\u201d as\u00ed dio paso una serie de singles como \u00a8Matando el tiempo\u00a8 \u00a8Retrovisor\u00a8 \u00a8Parque Avellaneda\u00a8 \u00a8 Luna Llena\u00a8 \u00a8Comer &amp;Mechar\u00a8 \u00a8Piyama Pary\u00a8 y su exitoso feat con Connie Isla \u00a8No te puedo decir que no\u00a8 que no han dejado de sorprender, revolucionar y sumar escuchas.<\/p>\n\n\n\n<div style=\"height:19px\" aria-hidden=\"true\" class=\"wp-block-spacer\"><\/div>\n\n\n\n<p class=\"has-black-color has-text-color has-link-color wp-elements-b9da3044242e610ae75960c4316de977\">Marki se encuentra en constante movimiento y continu\u00f3 lanzando\u00a0singles entre los cuales podemos destacar\u00a0 \u00a8Kidz\u00a8, canci\u00f3n con la cual fue destacado \u00a0Artista Radar para Spotify,\u00a0\u00a8Hora de irte\u00a8, Fugitivos, entre otros.<\/p>\n\n\n\n<div style=\"height:19px\" aria-hidden=\"true\" class=\"wp-block-spacer\"><\/div>\n\n\n\n<p class=\"has-black-color has-text-color has-link-color wp-elements-04347891b089706f22c7cf715f82d6f2\">Marki es un artista est\u00e1 virando hacia una nueva identidad musical, sin perder su esencia, pero con\u00a0 actitud y fuerza.<\/p>\n\n\n\n<div style=\"height:19px\" aria-hidden=\"true\" class=\"wp-block-spacer\"><\/div>\n\n\n\n<p><\/p>\n","protected":false},"excerpt":{"rendered":"","protected":false},"author":5,"featured_media":4652,"comment_status":"open","ping_status":"open","sticky":false,"template":"","format":"standard","meta":{"om_disable_all_campaigns":false,"_uf_show_specific_survey":0,"_uf_disable_surveys":false,"footnotes":""},"categories":[4],"tags":[],"class_list":["post-4650","post","type-post","status-publish","format-standard","has-post-thumbnail","hentry","category-musica"],"_links":{"self":[{"href":"https:\/\/entrenotasyacordes.com\/index.php?rest_route=\/wp\/v2\/posts\/4650","targetHints":{"allow":["GET"]}}],"collection":[{"href":"https:\/\/entrenotasyacordes.com\/index.php?rest_route=\/wp\/v2\/posts"}],"about":[{"href":"https:\/\/entrenotasyacordes.com\/index.php?rest_route=\/wp\/v2\/types\/post"}],"author":[{"embeddable":true,"href":"https:\/\/entrenotasyacordes.com\/index.php?rest_route=\/wp\/v2\/users\/5"}],"replies":[{"embeddable":true,"href":"https:\/\/entrenotasyacordes.com\/index.php?rest_route=%2Fwp%2Fv2%2Fcomments&post=4650"}],"version-history":[{"count":2,"href":"https:\/\/entrenotasyacordes.com\/index.php?rest_route=\/wp\/v2\/posts\/4650\/revisions"}],"predecessor-version":[{"id":4654,"href":"https:\/\/entrenotasyacordes.com\/index.php?rest_route=\/wp\/v2\/posts\/4650\/revisions\/4654"}],"wp:featuredmedia":[{"embeddable":true,"href":"https:\/\/entrenotasyacordes.com\/index.php?rest_route=\/wp\/v2\/media\/4652"}],"wp:attachment":[{"href":"https:\/\/entrenotasyacordes.com\/index.php?rest_route=%2Fwp%2Fv2%2Fmedia&parent=4650"}],"wp:term":[{"taxonomy":"category","embeddable":true,"href":"https:\/\/entrenotasyacordes.com\/index.php?rest_route=%2Fwp%2Fv2%2Fcategories&post=4650"},{"taxonomy":"post_tag","embeddable":true,"href":"https:\/\/entrenotasyacordes.com\/index.php?rest_route=%2Fwp%2Fv2%2Ftags&post=4650"}],"curies":[{"name":"wp","href":"https:\/\/api.w.org\/{rel}","templated":true}]}}