{"id":4655,"date":"2024-01-23T14:32:42","date_gmt":"2024-01-23T14:32:42","guid":{"rendered":"https:\/\/entrenotasyacordes.com\/?p=4655"},"modified":"2024-01-23T14:32:45","modified_gmt":"2024-01-23T14:32:45","slug":"tan-bionica-revoluciono-el-estadio-mundialista-de-mar-del-plata-con-un-nuevo-show-de-su-gira","status":"publish","type":"post","link":"https:\/\/entrenotasyacordes.com\/?p=4655","title":{"rendered":"TAN BIONICA REVOLUCION\u00d3 EL ESTADIO MUNDIALISTA DE MAR DEL PLATA CON UN NUEVO SHOW DE SU GIRA"},"content":{"rendered":"\n<!--more-->\n\n\n\n<p class=\"has-black-color has-text-color has-link-color wp-elements-4b04f74367c9521ede98231d9d417e05\">Luego de 9 a\u00f1os, el Estadio Mundialista Jos\u00e9 Mar\u00eda Minella volvi\u00f3 a recibir un concierto\u00a0y se trat\u00f3 de\u00a0\u00a0La \u00daltima Noche M\u00e1gica en la Provincia de Buenos Aires ante 20 mil personas.<\/p>\n\n\n\n<div style=\"height:21px\" aria-hidden=\"true\" class=\"wp-block-spacer\"><\/div>\n\n\n\n<figure class=\"wp-block-image size-large\"><img loading=\"lazy\" decoding=\"async\" width=\"1024\" height=\"683\" src=\"https:\/\/entrenotasyacordes.com\/wp-content\/uploads\/2024\/01\/ba0c56ad-78a6-54fe-40ea-da25eeb49a53-1024x683.jpg\" alt=\"\" class=\"wp-image-4656\" srcset=\"https:\/\/entrenotasyacordes.com\/wp-content\/uploads\/2024\/01\/ba0c56ad-78a6-54fe-40ea-da25eeb49a53-1024x683.jpg 1024w, https:\/\/entrenotasyacordes.com\/wp-content\/uploads\/2024\/01\/ba0c56ad-78a6-54fe-40ea-da25eeb49a53-300x200.jpg 300w, https:\/\/entrenotasyacordes.com\/wp-content\/uploads\/2024\/01\/ba0c56ad-78a6-54fe-40ea-da25eeb49a53-768x512.jpg 768w, https:\/\/entrenotasyacordes.com\/wp-content\/uploads\/2024\/01\/ba0c56ad-78a6-54fe-40ea-da25eeb49a53-1536x1024.jpg 1536w, https:\/\/entrenotasyacordes.com\/wp-content\/uploads\/2024\/01\/ba0c56ad-78a6-54fe-40ea-da25eeb49a53-2048x1365.jpg 2048w\" sizes=\"auto, (max-width: 1024px) 100vw, 1024px\" \/><\/figure>\n\n\n\n<div style=\"height:21px\" aria-hidden=\"true\" class=\"wp-block-spacer\"><\/div>\n\n\n\n<p class=\"has-black-color has-text-color has-link-color wp-elements-9706b271dd17205ae32d8950798605ee\">T<strong>an Bionica<\/strong>\u00a0regres\u00f3 a los escenarios en 2023, tras 7 a\u00f1os de impasse, y se convirti\u00f3 en el artista m\u00e1s convocante del a\u00f1o, con el r\u00e9cord de\u00a0<strong>276.879 entradas vendidas con 5 shows sold out en los estadios de V\u00e9lez<\/strong>\u00a0(28 y 29 de octubre),<strong>\u00a0\u00danico de la Plata<\/strong>\u00a0(4 y 5 de noviembre) y\u00a0<strong>Monumental\u00a0<\/strong>(8 de diciembre).<br>Ante un p\u00fablico feliz y emocionado, la banda comenz\u00f3 su show a las 21:30hs con canciones como \u201cHola mi vida\u201d, \u00a8Beautiful\u00a8, \u00a8Loca\u00a8, \u00a8Arruinarse\u00a8, e hicieron delirar al \u00a8piberio bionico\u00a8 que no par\u00f3 de cantar y bailar. El set ac\u00fastico tuvo su momento donde se rememor\u00f3 al disco \u00a8Hola Mundo\u00a8 con temas como \u00a8La otra manera\u00a8 y \u00a8La manera que eligi\u00f3 para matarme\u00a8.<\/p>\n\n\n\n<div style=\"height:21px\" aria-hidden=\"true\" class=\"wp-block-spacer\"><\/div>\n\n\n\n<p class=\"has-black-color has-text-color has-link-color wp-elements-2ccbdb5658d920408c01248876688414\">Entre aplausos, gritos y llanto Tan Bionica dio cierre al s\u00e9ptimo concierto de su tour \u00a8La \u00faltima noche m\u00e1gica\u00a8 con \u00a8La melod\u00eda de Dios\u00a8 en el Estadio Mundialista.<\/p>\n\n\n\n<div style=\"height:21px\" aria-hidden=\"true\" class=\"wp-block-spacer\"><\/div>\n\n\n\n<figure class=\"wp-block-image size-large\"><img loading=\"lazy\" decoding=\"async\" width=\"1024\" height=\"683\" src=\"https:\/\/entrenotasyacordes.com\/wp-content\/uploads\/2024\/01\/85ccf048-57c8-ba87-5efc-ec0678ada9dc-1024x683.jpg\" alt=\"\" class=\"wp-image-4657\" srcset=\"https:\/\/entrenotasyacordes.com\/wp-content\/uploads\/2024\/01\/85ccf048-57c8-ba87-5efc-ec0678ada9dc-1024x683.jpg 1024w, https:\/\/entrenotasyacordes.com\/wp-content\/uploads\/2024\/01\/85ccf048-57c8-ba87-5efc-ec0678ada9dc-300x200.jpg 300w, https:\/\/entrenotasyacordes.com\/wp-content\/uploads\/2024\/01\/85ccf048-57c8-ba87-5efc-ec0678ada9dc-768x512.jpg 768w, https:\/\/entrenotasyacordes.com\/wp-content\/uploads\/2024\/01\/85ccf048-57c8-ba87-5efc-ec0678ada9dc-1536x1024.jpg 1536w, https:\/\/entrenotasyacordes.com\/wp-content\/uploads\/2024\/01\/85ccf048-57c8-ba87-5efc-ec0678ada9dc-2048x1365.jpg 2048w\" sizes=\"auto, (max-width: 1024px) 100vw, 1024px\" \/><\/figure>\n\n\n\n<div style=\"height:21px\" aria-hidden=\"true\" class=\"wp-block-spacer\"><\/div>\n\n\n\n<p class=\"has-black-color has-text-color has-link-color wp-elements-e6d165f7841f0c7d4a16bc0936e2d27b\"><strong>Pr\u00f3ximas fechas:<\/strong><\/p>\n\n\n\n<div style=\"height:15px\" aria-hidden=\"true\" class=\"wp-block-spacer\"><\/div>\n\n\n\n<p class=\"has-black-color has-text-color has-link-color wp-elements-aecac4da894e5d61326774601a131ae8\">3 de febrero<br>San Bernardino Paraguay &#8211; Anfiteatro Jos\u00e9 Asunci\u00f3n Flores<br>Tickets a partir del 3\/11 en&nbsp;<a href=\"https:\/\/ticketea.com.py\/\" target=\"_blank\" rel=\"noreferrer noopener\">Ticketea<\/a><\/p>\n\n\n\n<div style=\"height:15px\" aria-hidden=\"true\" class=\"wp-block-spacer\"><\/div>\n\n\n\n<p class=\"has-black-color has-text-color has-link-color wp-elements-7361d06e397f76a5495ebb48f0ac7a96\">10 de Febrero<br>Neuqu\u00e9n &#8211; Fiesta Nacional de la Confluencia<\/p>\n\n\n\n<div style=\"height:15px\" aria-hidden=\"true\" class=\"wp-block-spacer\"><\/div>\n\n\n\n<p class=\"has-black-color has-text-color has-link-color wp-elements-174cc6fa3588fe48c3b84f5c32b71fd1\">9 de marzo<br>Ciudad de C\u00f3rdoba &#8211; Estadio Instituto<br>Tickets a partir del 3\/11 en&nbsp;<a href=\"https:\/\/www.ticketek.com.ar\/\" target=\"_blank\" rel=\"noreferrer noopener\">Ticketek<\/a><\/p>\n\n\n\n<div style=\"height:15px\" aria-hidden=\"true\" class=\"wp-block-spacer\"><\/div>\n\n\n\n<p class=\"has-black-color has-text-color has-link-color wp-elements-b48cbcd268ed6fadf4b2f3fd8990878d\">13 de abril<br>Montevideo, Uruguay &#8211; Arena Antel<br>Tickets a partir del 7\/11 en&nbsp;<a href=\"https:\/\/tickantel.com.uy\/inicio\/?0\" target=\"_blank\" rel=\"noreferrer noopener\">Tickantel<\/a><\/p>\n\n\n\n<div style=\"height:15px\" aria-hidden=\"true\" class=\"wp-block-spacer\"><\/div>\n","protected":false},"excerpt":{"rendered":"","protected":false},"author":5,"featured_media":4658,"comment_status":"open","ping_status":"open","sticky":false,"template":"","format":"standard","meta":{"om_disable_all_campaigns":false,"_uf_show_specific_survey":0,"_uf_disable_surveys":false,"footnotes":""},"categories":[36],"tags":[],"class_list":["post-4655","post","type-post","status-publish","format-standard","has-post-thumbnail","hentry","category-conciertos"],"_links":{"self":[{"href":"https:\/\/entrenotasyacordes.com\/index.php?rest_route=\/wp\/v2\/posts\/4655","targetHints":{"allow":["GET"]}}],"collection":[{"href":"https:\/\/entrenotasyacordes.com\/index.php?rest_route=\/wp\/v2\/posts"}],"about":[{"href":"https:\/\/entrenotasyacordes.com\/index.php?rest_route=\/wp\/v2\/types\/post"}],"author":[{"embeddable":true,"href":"https:\/\/entrenotasyacordes.com\/index.php?rest_route=\/wp\/v2\/users\/5"}],"replies":[{"embeddable":true,"href":"https:\/\/entrenotasyacordes.com\/index.php?rest_route=%2Fwp%2Fv2%2Fcomments&post=4655"}],"version-history":[{"count":1,"href":"https:\/\/entrenotasyacordes.com\/index.php?rest_route=\/wp\/v2\/posts\/4655\/revisions"}],"predecessor-version":[{"id":4659,"href":"https:\/\/entrenotasyacordes.com\/index.php?rest_route=\/wp\/v2\/posts\/4655\/revisions\/4659"}],"wp:featuredmedia":[{"embeddable":true,"href":"https:\/\/entrenotasyacordes.com\/index.php?rest_route=\/wp\/v2\/media\/4658"}],"wp:attachment":[{"href":"https:\/\/entrenotasyacordes.com\/index.php?rest_route=%2Fwp%2Fv2%2Fmedia&parent=4655"}],"wp:term":[{"taxonomy":"category","embeddable":true,"href":"https:\/\/entrenotasyacordes.com\/index.php?rest_route=%2Fwp%2Fv2%2Fcategories&post=4655"},{"taxonomy":"post_tag","embeddable":true,"href":"https:\/\/entrenotasyacordes.com\/index.php?rest_route=%2Fwp%2Fv2%2Ftags&post=4655"}],"curies":[{"name":"wp","href":"https:\/\/api.w.org\/{rel}","templated":true}]}}