{"id":4660,"date":"2024-01-23T14:44:21","date_gmt":"2024-01-23T14:44:21","guid":{"rendered":"https:\/\/entrenotasyacordes.com\/?p=4660"},"modified":"2024-01-23T14:44:24","modified_gmt":"2024-01-23T14:44:24","slug":"avenida-q-teatro-maipo-8-unicas-funciones","status":"publish","type":"post","link":"https:\/\/entrenotasyacordes.com\/?p=4660","title":{"rendered":"AVENIDA Q  TEATRO MAIPO &#8211; 8 \u00daNICAS FUNCIONES"},"content":{"rendered":"\n<p class=\"has-black-color has-text-color has-link-color wp-elements-b98d92fa87d8074b206c29d00166fe6d\"><strong>ESTRENO 5 DE MARZO&nbsp;<\/strong><\/p>\n\n\n\n<p class=\"has-black-color has-text-color has-link-color wp-elements-7f89923c9486c0d524ec922b47651a2d\"><strong>&nbsp;FUNCIONES TODOS LOS MARTES 20.30 HS<\/strong><\/p>\n\n\n\n<!--more-->\n\n\n\n<p class=\"has-black-color has-text-color has-link-color wp-elements-d195fec3f57327dcf6d27047695f7740\"><strong>El musical galardonado con tres Premios Tony como\u00a0<em>Mejor musical, Mejor libreto y Mejor m\u00fasica original<\/em>\u00a0ya tiene fecha de estreno en Argentina.<\/strong><\/p>\n\n\n\n<div style=\"height:15px\" aria-hidden=\"true\" class=\"wp-block-spacer\"><\/div>\n\n\n\n<p class=\"has-black-color has-text-color has-link-color wp-elements-b0759eb54e4479ea1d3b73be16c9a025\"><strong>ENTRADAS A LA VENTA A TRAV\u00c9S DE PLATEANET<\/strong><\/p>\n\n\n\n<p class=\"has-black-color has-text-color has-link-color wp-elements-b9a0011169dee4a932fb6dce5a996652\"><a href=\"https:\/\/www.plateanet.com\/obra\/27990\"><strong>LINK PLATEANET<\/strong><\/a><\/p>\n\n\n\n<div style=\"height:15px\" aria-hidden=\"true\" class=\"wp-block-spacer\"><\/div>\n\n\n\n<p class=\"has-black-color has-text-color has-link-color wp-elements-567875f37d37b3d06800e97128cd97a2\">Avenida Q\u00a0cuenta la historia de Princeton y un peculiar grupo de vecinos que buscan juntos el prop\u00f3sito de la vida abordando de manera irreverente temas como la pornograf\u00eda, la homosexualidad y los diferentes prejuicios.<\/p>\n\n\n\n<div style=\"height:15px\" aria-hidden=\"true\" class=\"wp-block-spacer\"><\/div>\n\n\n\n<p class=\"has-black-color has-text-color has-link-color wp-elements-3865f42dcf74a8414537e85c91f30e48\"><strong>El reconocido musical combina t\u00edteres y actores de carne y hueso. Su trama gira en torno a un joven graduado (Princeton) con grandes expectativas pero poco dinero que se ve obligado a alquilar un departamento en el modesto barrio de Avenida Q donde conoce a un grupo de vecinos que le ayudar\u00e1n a descubrir su objetivo en la vida.<\/strong><\/p>\n\n\n\n<div style=\"height:15px\" aria-hidden=\"true\" class=\"wp-block-spacer\"><\/div>\n\n\n\n<p class=\"has-black-color has-text-color has-link-color wp-elements-37486470330d2ba6d7807a58bccff678\"><strong><u>Sinopsis extendida<\/u><\/strong><\/p>\n\n\n\n<div style=\"height:15px\" aria-hidden=\"true\" class=\"wp-block-spacer\"><\/div>\n\n\n\n<p class=\"has-black-color has-text-color has-link-color wp-elements-89103df12f301ccc6275b5e012814899\"><em>\u201c<strong>Avenida Q<\/strong>\u201d es un musical que cuenta la historia de&nbsp;<strong>Princeton<\/strong>, un veintea\u00f1ero reci\u00e9n recibido que llega a la Avenida Q con ganas de hacer algo importante con su vida. Pero se encuentra con que el \u00fanico lugar donde puede alquilar un departamento es en este barrio medio pelo, donde vive un grupo de personajes muy particulares:&nbsp;<strong>Kate Monster<\/strong>, una maestra de jard\u00edn&nbsp; de infantes que est\u00e1 en busca del amor;&nbsp;<strong>Rod<\/strong>, un inversor que todav\u00eda no sali\u00f3 del placard;&nbsp;<strong>Nicky<\/strong>, un vago con buen coraz\u00f3n que comparte departamento con Rod;&nbsp;<strong>Brian<\/strong>, un humorista a quien acaban de echar de la pizzer\u00eda;&nbsp;<strong>Kimchi<\/strong>, una terapeuta coreana que no tiene clientes y est\u00e1 de novia con Brian;&nbsp;<strong>Trekkie Monster<\/strong>, un adicto a la pornograf\u00eda en internet;&nbsp;<strong>Lucy<\/strong>, una cantante de cabaret que hace vibrar a los hombres, y&nbsp;<strong>Manu<\/strong>, el pibe prodigio de la m\u00fasica que ahora es el encargado de mantenimiento en un edificio. Con sus nuevos vecinos, Princeton va a experimentar los sinsabores de la adultez mientras intenta descubrir cu\u00e1l es su prop\u00f3sito en la vida.<\/em><\/p>\n\n\n\n<div style=\"height:15px\" aria-hidden=\"true\" class=\"wp-block-spacer\"><\/div>\n\n\n\n<p class=\"has-black-color has-text-color has-link-color wp-elements-98956b1942744ac0bc406b048ff52132\">Con direcci\u00f3n de&nbsp;<strong>Mela Lenoir<\/strong>, producci\u00f3n integral de&nbsp;<strong>Producciones Franca\u2019s<\/strong>&nbsp;<strong>(Luli Brindisi y Franco Castronuovo<\/strong>; productores argentinos radicados en New York) y&nbsp;<strong>Pegasus&nbsp;<\/strong>(<strong>Nicol\u00e1s Dal Farra<\/strong>; La Tiendita del Horror, Rock of Ages),y un elenco de actores consolidados y nuevas promesas del musical,&nbsp;&nbsp;<strong>Avenida Q<\/strong>&nbsp;apuesta a la escena local con un musical que dar\u00e1 de qu\u00e9 hablar.<\/p>\n\n\n\n<div style=\"height:15px\" aria-hidden=\"true\" class=\"wp-block-spacer\"><\/div>\n\n\n\n<p class=\"has-black-color has-text-color has-link-color wp-elements-ca7fb0e388d8af9f7b54237303246510\"><strong><u>ELENCO:<\/u><\/strong><\/p>\n\n\n\n<div style=\"height:15px\" aria-hidden=\"true\" class=\"wp-block-spacer\"><\/div>\n\n\n\n<p class=\"has-black-color has-text-color has-link-color wp-elements-b4bf14ca3a2d4c255709e197de3fd22c\"><strong>Princeton\/Rod: Nacho P\u00e9rez Cortes<\/strong><\/p>\n\n\n\n<p class=\"has-black-color has-text-color has-link-color wp-elements-8538062dc4bdc3fe3cbcc2a2dfc27ca5\"><strong>Kate\/Lucy: Lali Vidal<\/strong><\/p>\n\n\n\n<p class=\"has-black-color has-text-color has-link-color wp-elements-b21872c64f985ba22fcc98ab58401f58\"><strong>Trekkie\/Nicky: Manu Victoria<\/strong><\/p>\n\n\n\n<p class=\"has-black-color has-text-color has-link-color wp-elements-b4e53cad7c51986bb0a28a7b3087cc20\"><strong>Manu: Manu Ntaka<\/strong><\/p>\n\n\n\n<p class=\"has-black-color has-text-color has-link-color wp-elements-82c40ef94d4fe167b09c1379d8d67c68\"><strong>Brian: Juli\u00e1n Rubino<\/strong><\/p>\n\n\n\n<p class=\"has-black-color has-text-color has-link-color wp-elements-9b4fd1ed11b68bf2fd5b59767c1b3a35\"><strong>Osito\/Bulbaseca: Stefi Ribisich<\/strong><\/p>\n\n\n\n<p class=\"has-black-color has-text-color has-link-color wp-elements-f3915f6feb72c299ebb48b5c9f3c2e4e\"><strong>Osito: Juan Mart\u00edn Gim\u00e9nez<\/strong><\/p>\n\n\n\n<p class=\"has-black-color has-text-color has-link-color wp-elements-263461fb36fb638bcc6c88cfc3be39b0\"><strong>Kimchi: Andy Cho<\/strong><\/p>\n\n\n\n<p class=\"has-black-color has-text-color has-link-color wp-elements-6656d7e2064b659523e0126551c22c97\"><strong>Ensamble: Caro Liask, James Cowan y Joaco Catarineu<\/strong><\/p>\n\n\n\n<div style=\"height:17px\" aria-hidden=\"true\" class=\"wp-block-spacer\"><\/div>\n\n\n\n<figure class=\"wp-block-image size-full\"><img loading=\"lazy\" decoding=\"async\" width=\"428\" height=\"428\" src=\"https:\/\/entrenotasyacordes.com\/wp-content\/uploads\/2024\/01\/image011.png\" alt=\"\" class=\"wp-image-4661\" srcset=\"https:\/\/entrenotasyacordes.com\/wp-content\/uploads\/2024\/01\/image011.png 428w, https:\/\/entrenotasyacordes.com\/wp-content\/uploads\/2024\/01\/image011-300x300.png 300w, https:\/\/entrenotasyacordes.com\/wp-content\/uploads\/2024\/01\/image011-150x150.png 150w, https:\/\/entrenotasyacordes.com\/wp-content\/uploads\/2024\/01\/image011-50x50.png 50w\" sizes=\"auto, (max-width: 428px) 100vw, 428px\" \/><\/figure>\n\n\n\n<div style=\"height:17px\" aria-hidden=\"true\" class=\"wp-block-spacer\"><\/div>\n\n\n\n<p class=\"has-black-color has-text-color has-link-color wp-elements-804d530727f98dd77010ad5c21a1edd1\"><strong><u>FICHA T\u00c9CNICA:<\/u><\/strong><\/p>\n\n\n\n<div style=\"height:17px\" aria-hidden=\"true\" class=\"wp-block-spacer\"><\/div>\n\n\n\n<p class=\"has-black-color has-text-color has-link-color wp-elements-3241006a400596fcef339d6edbf3582a\"><strong>TRADUCCI\u00d3N y ADAPTACI\u00d3N:&nbsp;<\/strong>Nati Del Castillo &#8211; Tato Fern\u00e1ndez &#8211; Edu Morales<\/p>\n\n\n\n<p class=\"has-black-color has-text-color has-link-color wp-elements-34b4d4c79ca81f3eb8bb6bbe832706a4\"><strong>DIRECCI\u00d3N GENERAL:&nbsp;<\/strong>Mela Lenoir<\/p>\n\n\n\n<p class=\"has-black-color has-text-color has-link-color wp-elements-b926706e918bc760fae4b11ae8498b03\"><strong>DIRECCI\u00d3N MUSICAL:&nbsp;<\/strong>Tom\u00e1s Mayer Wolf<\/p>\n\n\n\n<p class=\"has-black-color has-text-color has-link-color wp-elements-d475c4be15d4a1e0a63c80c69b1bf38e\"><strong>DIRECCI\u00d3N VOCAL:&nbsp;<\/strong>Silvana Tom\u00e9<\/p>\n\n\n\n<p class=\"has-black-color has-text-color has-link-color wp-elements-708a50165c29b7e1ec93783ed9771c7f\"><strong>COREOGRAF\u00cdA:&nbsp;<\/strong>Luli Brindisi<\/p>\n\n\n\n<p class=\"has-black-color has-text-color has-link-color wp-elements-2cb36712567fae96d70851c93faa3fd3\"><strong>ASISTENTE DE DIRECCI\u00d3N:<\/strong>&nbsp;Mica Pierani M\u00e9ndez<\/p>\n\n\n\n<p class=\"has-black-color has-text-color has-link-color wp-elements-22508e8e3c6d485c011265dc5f481c86\"><strong>ASISTENCIA DE COREOGRAF\u00cdA:&nbsp;<\/strong>Pedro Vega<\/p>\n\n\n\n<p class=\"has-black-color has-text-color has-link-color wp-elements-5ad17a02e165f69e6d2af92e290a9572\"><strong>ENTRENAMIENTO EN T\u00cdTERES:&nbsp;<\/strong>Eduardo Pacha Paglieri<\/p>\n\n\n\n<p class=\"has-black-color has-text-color has-link-color wp-elements-383b1fe1006719bfb20fc906e47bd131\"><strong>COACHING VOCAL Y LOCUCIONES:&nbsp;<\/strong>Pablo Gandolfo<\/p>\n\n\n\n<p class=\"has-black-color has-text-color has-link-color wp-elements-f768537252b48586ff7b466df6814a65\"><strong>PRODUCCI\u00d3N EJECUTIVA:&nbsp;<\/strong>Mechi Villegas &#8211; Luli Lami Dozo &#8211; Feli Carman<\/p>\n\n\n\n<p class=\"has-black-color has-text-color has-link-color wp-elements-16328b1ab5b0d8280512bc71cac60574\"><strong>ASISTENCIA DE PRODUCCION:&nbsp;<\/strong>Ignacio Vald\u00e9s &#8211; Luc\u00eda Yasmin V\u00e1zquez<\/p>\n\n\n\n<p class=\"has-black-color has-text-color has-link-color wp-elements-0cfe60fcf8a1ea81e338086b6bb33ce3\"><strong>T\u00cdTERES:<\/strong>&nbsp;Gustavo Garabito<\/p>\n\n\n\n<p class=\"has-black-color has-text-color has-link-color wp-elements-e97eda51bfebd0fddfc43652b4bbe29e\"><strong>DISE\u00d1O VESTUARIO:&nbsp;<\/strong>Javier Ponzio &#8211; Silvina Falc\u00f3n<\/p>\n\n\n\n<p class=\"has-black-color has-text-color has-link-color wp-elements-d3f7cdf028667c4a4df3fca29b3f4e43\"><strong>DISE\u00d1O DE MAQUILLAJE:<\/strong>&nbsp;Sole Capano<\/p>\n\n\n\n<p class=\"has-black-color has-text-color has-link-color wp-elements-5210081c2abf3b990b26da21302eaa4e\"><strong>DISE\u00d1O DE PEINADOS:&nbsp;<\/strong>Gustavo Quiroga &#8211; Francisco de los Santos<\/p>\n\n\n\n<p class=\"has-black-color has-text-color has-link-color wp-elements-26a42cfd9f13d8947a37f776c8c44024\"><strong>DISE\u00d1O ESCENOGRAF\u00cdA:&nbsp;<\/strong>Tati Mladineo &#8211; Luli Peralta B\u00f3<\/p>\n\n\n\n<p class=\"has-black-color has-text-color has-link-color wp-elements-6bfd87be65fd88cced186579a522bf2e\"><strong>DISE\u00d1O ILUMINACI\u00d3N:&nbsp;<\/strong>Gaspar Potocnik<\/p>\n\n\n\n<p class=\"has-black-color has-text-color has-link-color wp-elements-08ff9315e740dcffede39b5cdfe1268b\"><strong>IDENTIDAD VISUAL Y DISE\u00d1O AUDIOVISUAL:&nbsp;<\/strong>Drama (Mat\u00edas Gordon \/ Guido Wainstein)<\/p>\n\n\n\n<p class=\"has-black-color has-text-color has-link-color wp-elements-5ecc6dccf84803000579af990c786217\"><strong>ANIMACI\u00d3N:&nbsp;<\/strong>Nazareth Moreno<\/p>\n\n\n\n<p class=\"has-black-color has-text-color has-link-color wp-elements-fbc0465bf8cc5f26627551db416ecc3f\"><strong>PRODUCCI\u00d3N T\u00c9CNICA:&nbsp;<\/strong>Juan Zorraqu\u00edn<\/p>\n\n\n\n<p class=\"has-black-color has-text-color has-link-color wp-elements-66990188b5f3b93443b3816c39d06b81\"><strong>STAGE MANAGER:<\/strong>&nbsp;Mili Polledo<\/p>\n\n\n\n<p class=\"has-black-color has-text-color has-link-color wp-elements-50a7f2a0f4947714b4cea95d7e1ba10a\"><strong>COMMUNITY MANAGER:&nbsp;<\/strong>Naty Martins<\/p>\n\n\n\n<p class=\"has-black-color has-text-color has-link-color wp-elements-18848c450f71864083e79e24c2a33d3c\"><strong>COMUNICACI\u00d3N Y COMERCIAL:&nbsp;<\/strong>Santiago Cano Moffat<\/p>\n\n\n\n<p class=\"has-black-color has-text-color has-link-color wp-elements-eb6dd0f92671b95b9ec636dbc851157b\"><strong>PRENSA:<\/strong>&nbsp;Varas Otero<\/p>\n\n\n\n<div style=\"height:16px\" aria-hidden=\"true\" class=\"wp-block-spacer\"><\/div>\n\n\n\n<figure class=\"wp-block-image size-full\"><img loading=\"lazy\" decoding=\"async\" width=\"496\" height=\"299\" src=\"https:\/\/entrenotasyacordes.com\/wp-content\/uploads\/2024\/01\/image012.png\" alt=\"\" class=\"wp-image-4662\" srcset=\"https:\/\/entrenotasyacordes.com\/wp-content\/uploads\/2024\/01\/image012.png 496w, https:\/\/entrenotasyacordes.com\/wp-content\/uploads\/2024\/01\/image012-300x181.png 300w\" sizes=\"auto, (max-width: 496px) 100vw, 496px\" \/><\/figure>\n","protected":false},"excerpt":{"rendered":"<p>ESTRENO 5 DE MARZO&nbsp; &nbsp;FUNCIONES TODOS LOS MARTES 20.30 HS<\/p>\n","protected":false},"author":5,"featured_media":4663,"comment_status":"open","ping_status":"open","sticky":false,"template":"","format":"standard","meta":{"om_disable_all_campaigns":false,"_uf_show_specific_survey":0,"_uf_disable_surveys":false,"footnotes":""},"categories":[9],"tags":[],"class_list":["post-4660","post","type-post","status-publish","format-standard","has-post-thumbnail","hentry","category-cine-y-teatro"],"_links":{"self":[{"href":"https:\/\/entrenotasyacordes.com\/index.php?rest_route=\/wp\/v2\/posts\/4660","targetHints":{"allow":["GET"]}}],"collection":[{"href":"https:\/\/entrenotasyacordes.com\/index.php?rest_route=\/wp\/v2\/posts"}],"about":[{"href":"https:\/\/entrenotasyacordes.com\/index.php?rest_route=\/wp\/v2\/types\/post"}],"author":[{"embeddable":true,"href":"https:\/\/entrenotasyacordes.com\/index.php?rest_route=\/wp\/v2\/users\/5"}],"replies":[{"embeddable":true,"href":"https:\/\/entrenotasyacordes.com\/index.php?rest_route=%2Fwp%2Fv2%2Fcomments&post=4660"}],"version-history":[{"count":1,"href":"https:\/\/entrenotasyacordes.com\/index.php?rest_route=\/wp\/v2\/posts\/4660\/revisions"}],"predecessor-version":[{"id":4664,"href":"https:\/\/entrenotasyacordes.com\/index.php?rest_route=\/wp\/v2\/posts\/4660\/revisions\/4664"}],"wp:featuredmedia":[{"embeddable":true,"href":"https:\/\/entrenotasyacordes.com\/index.php?rest_route=\/wp\/v2\/media\/4663"}],"wp:attachment":[{"href":"https:\/\/entrenotasyacordes.com\/index.php?rest_route=%2Fwp%2Fv2%2Fmedia&parent=4660"}],"wp:term":[{"taxonomy":"category","embeddable":true,"href":"https:\/\/entrenotasyacordes.com\/index.php?rest_route=%2Fwp%2Fv2%2Fcategories&post=4660"},{"taxonomy":"post_tag","embeddable":true,"href":"https:\/\/entrenotasyacordes.com\/index.php?rest_route=%2Fwp%2Fv2%2Ftags&post=4660"}],"curies":[{"name":"wp","href":"https:\/\/api.w.org\/{rel}","templated":true}]}}