{"id":4665,"date":"2024-01-23T14:50:37","date_gmt":"2024-01-23T14:50:37","guid":{"rendered":"https:\/\/entrenotasyacordes.com\/?p=4665"},"modified":"2024-01-23T14:50:39","modified_gmt":"2024-01-23T14:50:39","slug":"senorita-miel-lanza-encuentro-violentoprimer-adelanto-del-ep-live-session","status":"publish","type":"post","link":"https:\/\/entrenotasyacordes.com\/?p=4665","title":{"rendered":"SE\u00d1ORITA MIEL Lanza \u201cEncuentro Violento\u201d,primer adelanto del EP\u00a0Live Session"},"content":{"rendered":"\n<!--more-->\n\n\n\n<p class=\"has-black-color has-text-color has-link-color wp-elements-04a3681ebc60145bc42a4900943033a9\"><strong>Se\u00f1orita Miel<\/strong>\u00a0es una banda conformada a fines del a\u00f1o 2020 -en medio de la pandemia- por cinco m\u00fasicas oriundas de zona oeste del Gran Buenos Aires, provenientes de Luj\u00e1n, Mercedes y General Rodr\u00edguez. Hoy en d\u00eda trabaja en la preproducci\u00f3n de lo que ser\u00e1 su primer disco. En forma paralela, lanza \u201cEncuentro Violento\u201d, adelanto de\u00a0<em>Live Session<\/em>, EP de cuatro canciones del que se desprende este primer corte.<\/p>\n\n\n\n<div style=\"height:22px\" aria-hidden=\"true\" class=\"wp-block-spacer\"><\/div>\n\n\n\n<p class=\"has-black-color has-text-color has-link-color wp-elements-ca360e47895096c4b74f75ffe34762eb\">La agrupaci\u00f3n carga distintas influencias y genera un sonido rockero en plan alternativo, condimentado por temas punk, rock, indie, autocalificado como \u00abpopurr\u00ed musical\u00bb. &nbsp;<\/p>\n\n\n\n<div style=\"height:22px\" aria-hidden=\"true\" class=\"wp-block-spacer\"><\/div>\n\n\n\n<p class=\"has-black-color has-text-color has-link-color wp-elements-5ce1f39f250d8d7bba3476e5b1604ed2\">Hasta su debut en vivo en agosto de 2021 todo fue composici\u00f3n y grabaci\u00f3n, y a partir de all\u00ed surgi\u00f3 el primer material audiovisual, una sesi\u00f3n en vivo del tema titulado \u201c600 la sesi\u00f3n\u201d.<\/p>\n\n\n\n<div style=\"height:22px\" aria-hidden=\"true\" class=\"wp-block-spacer\"><\/div>\n\n\n\n<p class=\"has-black-color has-text-color has-link-color wp-elements-f759ce13c715381937340fd309f21738\">En el transcurso de estos dos a\u00f1os de actividad,&nbsp;<strong>Se\u00f1orita Miel<\/strong>&nbsp;brind\u00f3 m\u00e1s de 70 shows, con fechas en Capital Federal en lugares emblem\u00e1ticos como la Manzana de Las Luces, el polo cultural Sald\u00edas, Mosc\u00fa y otros.<\/p>\n\n\n\n<div style=\"height:22px\" aria-hidden=\"true\" class=\"wp-block-spacer\"><\/div>\n\n\n\n<p class=\"has-black-color has-text-color has-link-color wp-elements-eb25ab92863c0ca999229274647c4b7a\">En el comienzo del verano de 2023 se ampli\u00f3 el espectro y realizaron su primera gira veraniega por la costa atl\u00e1ntica y en marzo vio la luz su material debut de estudio denominado \u201cMonedas\u201d. Una canci\u00f3n en\u00e9rgica, cruda y de reminiscencia punk, bajo la producci\u00f3n de ZJ Studio y Marcos Porcar.<\/p>\n\n\n\n<div style=\"height:22px\" aria-hidden=\"true\" class=\"wp-block-spacer\"><\/div>\n\n\n\n<p class=\"has-black-color has-text-color has-link-color wp-elements-15babe68015b2f59d0f56c04afb0b8e8\">En la actualidad,&nbsp;<strong>Se\u00f1orita Miel<\/strong>&nbsp;se encuentra trabajando en nuevas canciones, dando inicio a una nueva era en su carrera algo m\u00e1s oscura y mundana, en pleno proceso de preproducci\u00f3n como antesala al lanzamiento de su disco debut.<\/p>\n\n\n\n<div style=\"height:22px\" aria-hidden=\"true\" class=\"wp-block-spacer\"><\/div>\n\n\n\n<p class=\"has-black-color has-text-color has-link-color wp-elements-b41875d3a075a146df2c630b26991f4e\">\u201cEncuentro Violento\u201d, adelanto del EP&nbsp;<em>Live Session<\/em>&nbsp;cuenta con&nbsp;producci\u00f3n musical y audiovisual de Iv\u00e1n Ariel (Indio\/Banda de Turistas\/Alfonso el Pintor y otros).<\/p>\n\n\n\n<div style=\"height:22px\" aria-hidden=\"true\" class=\"wp-block-spacer\"><\/div>\n\n\n\n<p class=\"has-black-color has-text-color has-link-color wp-elements-bc737bd2524e42c883fd33d460e3488d\">Producci\u00f3n t\u00e9cnica, audio y grabaci\u00f3n a cargo de Guillermo Franco y H\u00e9ctor Alejandro de Delta Sonido. Filmaci\u00f3n, montaje y edici\u00f3n de video: Gabriel Ioiacono y Javier \u00abVasko\u00bb Lopez Arranz, edici\u00f3n y mezcla: Juan Ambiela y Guillermo Franco y masterizaci\u00f3n de Santiago Lezzi.<\/p>\n\n\n\n<div style=\"height:22px\" aria-hidden=\"true\" class=\"wp-block-spacer\"><\/div>\n\n\n\n<figure class=\"wp-block-image size-full\"><img loading=\"lazy\" decoding=\"async\" width=\"800\" height=\"531\" src=\"https:\/\/entrenotasyacordes.com\/wp-content\/uploads\/2024\/01\/Senorita_Miel_byn.jpg\" alt=\"\" class=\"wp-image-4666\" srcset=\"https:\/\/entrenotasyacordes.com\/wp-content\/uploads\/2024\/01\/Senorita_Miel_byn.jpg 800w, https:\/\/entrenotasyacordes.com\/wp-content\/uploads\/2024\/01\/Senorita_Miel_byn-300x200.jpg 300w, https:\/\/entrenotasyacordes.com\/wp-content\/uploads\/2024\/01\/Senorita_Miel_byn-768x510.jpg 768w\" sizes=\"auto, (max-width: 800px) 100vw, 800px\" \/><\/figure>\n\n\n\n<div style=\"height:22px\" aria-hidden=\"true\" class=\"wp-block-spacer\"><\/div>\n\n\n\n<p class=\"has-black-color has-text-color has-link-color wp-elements-9373354720ca75239fc14540f912dcdf\"><strong>Se\u00f1orita Miel<\/strong>&nbsp;est\u00e1 integrado por:<\/p>\n\n\n\n<div style=\"height:22px\" aria-hidden=\"true\" class=\"wp-block-spacer\"><\/div>\n\n\n\n<p class=\"has-black-color has-text-color has-link-color wp-elements-f4f71a778dc39906bfeb80af15a1e137\">Guillermina Dura\u00f1ona en teclados y coros,<\/p>\n\n\n\n<p class=\"has-black-color has-text-color has-link-color wp-elements-08efc64e9d1e467a9cc5e3ce79264c0c\">Minerva Santini en bater\u00eda,<\/p>\n\n\n\n<p class=\"has-black-color has-text-color has-link-color wp-elements-0c34fcc9e30a1ade76d4b59e8058ec8f\">Iara Robledo en guitarra,<\/p>\n\n\n\n<p class=\"has-black-color has-text-color has-link-color wp-elements-2013dd743386e7ead7f6ce0e2b2ccac1\">Julieta Rivada en bajo y<\/p>\n\n\n\n<p class=\"has-black-color has-text-color has-link-color wp-elements-7a0e1fcdaf35f64ae2ab043c59577b97\">Delfina Canessa en voz y guitarra.<\/p>\n\n\n\n<div style=\"height:21px\" aria-hidden=\"true\" class=\"wp-block-spacer\"><\/div>\n\n\n\n<figure class=\"wp-block-embed is-type-video is-provider-youtube wp-block-embed-youtube wp-embed-aspect-16-9 wp-has-aspect-ratio\"><div class=\"wp-block-embed__wrapper\">\n<div class=\"epyt-video-wrapper\"><iframe loading=\"lazy\"  id=\"_ytid_32656\"  width=\"640\" height=\"360\"  data-origwidth=\"640\" data-origheight=\"360\" src=\"https:\/\/www.youtube.com\/embed\/u-40EVp8Zt0?enablejsapi=1&#038;autoplay=0&#038;cc_load_policy=0&#038;cc_lang_pref=&#038;iv_load_policy=1&#038;loop=0&#038;rel=1&#038;fs=1&#038;playsinline=0&#038;autohide=2&#038;theme=dark&#038;color=white&#038;controls=1&#038;\" class=\"__youtube_prefs__  epyt-is-override  no-lazyload\" data-vol=\"50\"  title=\"YouTube player\"  allow=\"fullscreen; accelerometer; autoplay; clipboard-write; encrypted-media; gyroscope; picture-in-picture; web-share\" referrerpolicy=\"strict-origin-when-cross-origin\" allowfullscreen data-no-lazy=\"1\" data-skipgform_ajax_framebjll=\"\"><\/iframe><\/div>\n<\/div><\/figure>\n\n\n\n<div style=\"height:21px\" aria-hidden=\"true\" class=\"wp-block-spacer\"><\/div>\n\n\n\n<p class=\"has-text-align-center has-black-color has-text-color has-link-color wp-elements-15bc0bb9e6c120b4e78dfae6e50a4f83\">M\u00e1s info en:<\/p>\n\n\n\n<p class=\"has-text-align-center has-black-color has-text-color has-link-color wp-elements-ad958813dafd0d34540afb3b68eb7a10\">IG:&nbsp;<a href=\"https:\/\/www.instagram.com\/senioritamiel.banda\/\" target=\"_blank\" rel=\"noreferrer noopener\">https:\/\/www.instagram.com\/senioritamiel.banda\/<\/a><\/p>\n\n\n\n<p class=\"has-text-align-center has-black-color has-text-color has-link-color wp-elements-5a86293b7747e87f7df574e1537f09a3\">Spotify:&nbsp;<a href=\"https:\/\/open.spotify.com\/intl-es\/artist\/2vtY6RM8G4akW8owAYZepV\" target=\"_blank\" rel=\"noreferrer noopener\">https:\/\/open.spotify.com\/intl-es\/artist\/2vtY6RM8G4akW8owAYZepV<\/a><\/p>\n\n\n\n<p class=\"has-text-align-center has-black-color has-text-color has-link-color wp-elements-16b93dfafaea16ca43558fcefc8d7106\">YouTube:&nbsp;<a href=\"https:\/\/www.youtube.com\/@senoritamiel321\" target=\"_blank\" rel=\"noreferrer noopener\">https:\/\/www.youtube.com\/@senoritamiel321<\/a><\/p>\n","protected":false},"excerpt":{"rendered":"","protected":false},"author":5,"featured_media":4667,"comment_status":"open","ping_status":"open","sticky":false,"template":"","format":"standard","meta":{"om_disable_all_campaigns":false,"_uf_show_specific_survey":0,"_uf_disable_surveys":false,"footnotes":""},"categories":[4],"tags":[],"class_list":["post-4665","post","type-post","status-publish","format-standard","has-post-thumbnail","hentry","category-musica"],"_links":{"self":[{"href":"https:\/\/entrenotasyacordes.com\/index.php?rest_route=\/wp\/v2\/posts\/4665","targetHints":{"allow":["GET"]}}],"collection":[{"href":"https:\/\/entrenotasyacordes.com\/index.php?rest_route=\/wp\/v2\/posts"}],"about":[{"href":"https:\/\/entrenotasyacordes.com\/index.php?rest_route=\/wp\/v2\/types\/post"}],"author":[{"embeddable":true,"href":"https:\/\/entrenotasyacordes.com\/index.php?rest_route=\/wp\/v2\/users\/5"}],"replies":[{"embeddable":true,"href":"https:\/\/entrenotasyacordes.com\/index.php?rest_route=%2Fwp%2Fv2%2Fcomments&post=4665"}],"version-history":[{"count":2,"href":"https:\/\/entrenotasyacordes.com\/index.php?rest_route=\/wp\/v2\/posts\/4665\/revisions"}],"predecessor-version":[{"id":4669,"href":"https:\/\/entrenotasyacordes.com\/index.php?rest_route=\/wp\/v2\/posts\/4665\/revisions\/4669"}],"wp:featuredmedia":[{"embeddable":true,"href":"https:\/\/entrenotasyacordes.com\/index.php?rest_route=\/wp\/v2\/media\/4667"}],"wp:attachment":[{"href":"https:\/\/entrenotasyacordes.com\/index.php?rest_route=%2Fwp%2Fv2%2Fmedia&parent=4665"}],"wp:term":[{"taxonomy":"category","embeddable":true,"href":"https:\/\/entrenotasyacordes.com\/index.php?rest_route=%2Fwp%2Fv2%2Fcategories&post=4665"},{"taxonomy":"post_tag","embeddable":true,"href":"https:\/\/entrenotasyacordes.com\/index.php?rest_route=%2Fwp%2Fv2%2Ftags&post=4665"}],"curies":[{"name":"wp","href":"https:\/\/api.w.org\/{rel}","templated":true}]}}