{"id":4670,"date":"2024-01-23T14:55:33","date_gmt":"2024-01-23T14:55:33","guid":{"rendered":"https:\/\/entrenotasyacordes.com\/?p=4670"},"modified":"2024-01-23T14:55:34","modified_gmt":"2024-01-23T14:55:34","slug":"celeste-sanazi","status":"publish","type":"post","link":"https:\/\/entrenotasyacordes.com\/?p=4670","title":{"rendered":"CELESTE SANAZI"},"content":{"rendered":"\n<p class=\"has-black-color has-text-color has-link-color wp-elements-d5ce0cad9094732e1d9ec25cfa66777b\"><strong>VUELVE A TIERRA ARGENTINA<\/strong> <strong>PARA TRAERNOS M\u00c1S M\u00daSICA<\/strong><\/p>\n\n\n\n<!--more-->\n\n\n\n<figure class=\"wp-block-embed is-type-video is-provider-youtube wp-block-embed-youtube wp-embed-aspect-16-9 wp-has-aspect-ratio\"><div class=\"wp-block-embed__wrapper\">\n<div class=\"epyt-video-wrapper\"><iframe loading=\"lazy\"  id=\"_ytid_79178\"  width=\"640\" height=\"360\"  data-origwidth=\"640\" data-origheight=\"360\" src=\"https:\/\/www.youtube.com\/embed\/JDsbKrNk3iU?enablejsapi=1&#038;autoplay=0&#038;cc_load_policy=0&#038;cc_lang_pref=&#038;iv_load_policy=1&#038;loop=0&#038;rel=1&#038;fs=1&#038;playsinline=0&#038;autohide=2&#038;theme=dark&#038;color=white&#038;controls=1&#038;\" class=\"__youtube_prefs__  epyt-is-override  no-lazyload\" data-vol=\"50\"  title=\"YouTube player\"  allow=\"fullscreen; accelerometer; autoplay; clipboard-write; encrypted-media; gyroscope; picture-in-picture; web-share\" referrerpolicy=\"strict-origin-when-cross-origin\" allowfullscreen data-no-lazy=\"1\" data-skipgform_ajax_framebjll=\"\"><\/iframe><\/div>\n<\/div><\/figure>\n\n\n\n<div style=\"height:27px\" aria-hidden=\"true\" class=\"wp-block-spacer\"><\/div>\n\n\n\n<p class=\"has-black-color has-text-color has-link-color wp-elements-2015feb5a393e446d4af844623d78ccd\">Celeste Sanazi, joven artista multifac\u00e9tica que recientemente se traslad\u00f3 a M\u00e9xico para seguir expandiendo su carrera en actuaci\u00f3n y canto, anuncia \u00abSin m\u00ed\u00bb su nuevo sencillo. Celeste ha enamorado al p\u00fablico con su talento y su encantadora personalidad. Basta con visitar sus redes sociales para darse cuenta de su ingenio y humor que hacen la diferencia.<\/p>\n\n\n\n<div style=\"height:17px\" aria-hidden=\"true\" class=\"wp-block-spacer\"><\/div>\n\n\n\n<p class=\"has-black-color has-text-color has-link-color wp-elements-03b653f0d479740d0a753e34a8ec846e\">Se la caracteriza por una pasi\u00f3n inquebrantable por la m\u00fasica desde una edad muy temprana, cuando viv\u00eda en su Buenos Aires querido. Celeste atrapar\u00e1 a su audiencia una vez m\u00e1s con su pr\u00f3ximo lanzamiento.<\/p>\n\n\n\n<div style=\"height:17px\" aria-hidden=\"true\" class=\"wp-block-spacer\"><\/div>\n\n\n\n<p class=\"has-black-color has-text-color has-link-color wp-elements-2e2eba2ed1d54bef1732f611eb22c30f\">Donde podremos seguir descubriendo su concepto musical donde siempre presenta capas de mensajes y subtextos para sumergirte en historias desde su interpretaci\u00f3n vocal y sus audiovisuales con propuestas creativas y diferentes, y \u00abSin m\u00ed\u00bb no ser\u00e1 la excepci\u00f3n.<\/p>\n\n\n\n<div style=\"height:17px\" aria-hidden=\"true\" class=\"wp-block-spacer\"><\/div>\n\n\n\n<p class=\"has-black-color has-text-color has-link-color wp-elements-75d9be04be5b12fdc87cf7582a142038\">\u00abSin m\u00ed\u00bb es una canci\u00f3n que pone en evidencia la cobard\u00eda de corresponder al buen amor. Como a veces la costumbre, hace nulo el desaf\u00edo de abrirse a otros amores. Dejando que uno se apague, solo por el lado moral.<\/p>\n\n\n\n<div style=\"height:17px\" aria-hidden=\"true\" class=\"wp-block-spacer\"><\/div>\n\n\n\n<p class=\"has-black-color has-text-color has-link-color wp-elements-48e0d93beaa18a309c57d979197fc146\">\u00abSin m\u00ed\u00bb invita al oyente a ser c\u00f3mplice y confidente de esas historias que en silencio prefieren vivirse por no atreverse a m\u00e1s.<\/p>\n\n\n\n<div style=\"height:17px\" aria-hidden=\"true\" class=\"wp-block-spacer\"><\/div>\n\n\n\n<p class=\"has-black-color has-text-color has-link-color wp-elements-ffc532e8f6775ba78fb3eb2d920cbc00\">Con su exitosa carrera actoral e interpretaci\u00f3n en comedia musical en proyectos destacables en Nickelodeon, Viacom, Telefe, Televisa, Netflix y Paramount desde los 14 a\u00f1os de edad, Celeste ha demostrado ser una figura prometedora en la escena musical y sigue acumulando elogios por su estilo distintivo y su enfoque apasionado en su m\u00fasica.<\/p>\n\n\n\n<div style=\"height:17px\" aria-hidden=\"true\" class=\"wp-block-spacer\"><\/div>\n\n\n\n<figure class=\"wp-block-image size-large\"><img loading=\"lazy\" decoding=\"async\" width=\"1024\" height=\"682\" src=\"https:\/\/entrenotasyacordes.com\/wp-content\/uploads\/2024\/01\/Celeste-sanazi-foto-sin-mi-color-1024x682.jpg\" alt=\"\" class=\"wp-image-4671\" srcset=\"https:\/\/entrenotasyacordes.com\/wp-content\/uploads\/2024\/01\/Celeste-sanazi-foto-sin-mi-color-1024x682.jpg 1024w, https:\/\/entrenotasyacordes.com\/wp-content\/uploads\/2024\/01\/Celeste-sanazi-foto-sin-mi-color-300x200.jpg 300w, https:\/\/entrenotasyacordes.com\/wp-content\/uploads\/2024\/01\/Celeste-sanazi-foto-sin-mi-color-768x511.jpg 768w, https:\/\/entrenotasyacordes.com\/wp-content\/uploads\/2024\/01\/Celeste-sanazi-foto-sin-mi-color-1536x1022.jpg 1536w, https:\/\/entrenotasyacordes.com\/wp-content\/uploads\/2024\/01\/Celeste-sanazi-foto-sin-mi-color.jpg 1920w\" sizes=\"auto, (max-width: 1024px) 100vw, 1024px\" \/><\/figure>\n\n\n\n<div style=\"height:17px\" aria-hidden=\"true\" class=\"wp-block-spacer\"><\/div>\n\n\n\n<p class=\"has-black-color has-text-color has-link-color wp-elements-ab2540999a9b046eacdc1708bfcde169\">Si deseas conocer mucho m\u00e1s sobre Celeste y su m\u00fasica, visita su p\u00e1gina web en<a class=\"\" href=\"http:\/\/www.celestesanazi.com\/\">\u00a0www.celestesanazi.com<\/a><\/p>\n\n\n\n<div style=\"height:57px\" aria-hidden=\"true\" class=\"wp-block-spacer\"><\/div>\n","protected":false},"excerpt":{"rendered":"<p>VUELVE A TIERRA ARGENTINA PARA TRAERNOS M\u00c1S M\u00daSICA<\/p>\n","protected":false},"author":5,"featured_media":4672,"comment_status":"open","ping_status":"open","sticky":false,"template":"","format":"standard","meta":{"om_disable_all_campaigns":false,"_uf_show_specific_survey":0,"_uf_disable_surveys":false,"footnotes":""},"categories":[4],"tags":[],"class_list":["post-4670","post","type-post","status-publish","format-standard","has-post-thumbnail","hentry","category-musica"],"_links":{"self":[{"href":"https:\/\/entrenotasyacordes.com\/index.php?rest_route=\/wp\/v2\/posts\/4670","targetHints":{"allow":["GET"]}}],"collection":[{"href":"https:\/\/entrenotasyacordes.com\/index.php?rest_route=\/wp\/v2\/posts"}],"about":[{"href":"https:\/\/entrenotasyacordes.com\/index.php?rest_route=\/wp\/v2\/types\/post"}],"author":[{"embeddable":true,"href":"https:\/\/entrenotasyacordes.com\/index.php?rest_route=\/wp\/v2\/users\/5"}],"replies":[{"embeddable":true,"href":"https:\/\/entrenotasyacordes.com\/index.php?rest_route=%2Fwp%2Fv2%2Fcomments&post=4670"}],"version-history":[{"count":2,"href":"https:\/\/entrenotasyacordes.com\/index.php?rest_route=\/wp\/v2\/posts\/4670\/revisions"}],"predecessor-version":[{"id":4674,"href":"https:\/\/entrenotasyacordes.com\/index.php?rest_route=\/wp\/v2\/posts\/4670\/revisions\/4674"}],"wp:featuredmedia":[{"embeddable":true,"href":"https:\/\/entrenotasyacordes.com\/index.php?rest_route=\/wp\/v2\/media\/4672"}],"wp:attachment":[{"href":"https:\/\/entrenotasyacordes.com\/index.php?rest_route=%2Fwp%2Fv2%2Fmedia&parent=4670"}],"wp:term":[{"taxonomy":"category","embeddable":true,"href":"https:\/\/entrenotasyacordes.com\/index.php?rest_route=%2Fwp%2Fv2%2Fcategories&post=4670"},{"taxonomy":"post_tag","embeddable":true,"href":"https:\/\/entrenotasyacordes.com\/index.php?rest_route=%2Fwp%2Fv2%2Ftags&post=4670"}],"curies":[{"name":"wp","href":"https:\/\/api.w.org\/{rel}","templated":true}]}}