{"id":4675,"date":"2024-01-23T14:59:20","date_gmt":"2024-01-23T14:59:20","guid":{"rendered":"https:\/\/entrenotasyacordes.com\/?p=4675"},"modified":"2024-01-23T14:59:41","modified_gmt":"2024-01-23T14:59:41","slug":"pedro-capo-recibe-tres-nominacionesa-premio-lo-nuestro","status":"publish","type":"post","link":"https:\/\/entrenotasyacordes.com\/?p=4675","title":{"rendered":"Pedro Cap\u00f3 recibe tres nominacionesa\u00a0Premio Lo Nuestro \u00a0"},"content":{"rendered":"\n<div style=\"height:20px\" aria-hidden=\"true\" class=\"wp-block-spacer\"><\/div>\n\n\n\n<p class=\"has-black-color has-text-color has-link-color wp-elements-09a9c8bd35b18cf0fb9a829b30aa107f\"><em><strong>Artista Pop Masculino Del A\u00f1o<\/strong><\/em><br><em><strong>Canci\u00f3n Del A\u00f1o \u2013 Pop<\/strong><\/em><br><em><strong>\u00c1lbum Del A\u00f1o \u2013 Pop\/Urbano<\/strong><\/em><\/p>\n\n\n\n<div style=\"height:21px\" aria-hidden=\"true\" class=\"wp-block-spacer\"><\/div>\n\n\n\n<p class=\"has-black-color has-text-color has-link-color wp-elements-fd640aad61a97c08b444973828150585\"><em><strong>Adem\u00e1s, recientemente se present\u00f3 junto a\u00a0Wisin\u00a0en el gran cierre de las fiestas de la calle\u00a0San Sebasti\u00e1n en Puerto Rico.\u200b<\/strong><\/em><\/p>\n\n\n\n<div style=\"height:17px\" aria-hidden=\"true\" class=\"wp-block-spacer\"><\/div>\n\n\n\n<p class=\"has-black-color has-text-color has-link-color wp-elements-5d8312fd09905b0018f74b10c09b391b\">El cantautor&nbsp;<strong>Pedro Cap\u00f3&nbsp;<\/strong>Recibe tres nominaciones a&nbsp;<strong>Premio Lo Nuestro<\/strong>&nbsp;en las categor\u00edas:<br><em>Artista Pop Masculino Del A\u00f1o<\/em><br><em>Canci\u00f3n Del A\u00f1o \u2013 Pop<\/em><br><em>\u00c1lbum Del A\u00f1o \u2013 Pop\/Urbano. &nbsp;<\/em><br>&nbsp;<\/p>\n\n\n\n<div style=\"height:17px\" aria-hidden=\"true\" class=\"wp-block-spacer\"><\/div>\n\n\n\n<p class=\"has-black-color has-text-color has-link-color wp-elements-9de40725fc46087284bc8c4e09a8fae6\">Premios Lo Nuestro se llevar\u00e1n acabo en la ciudad de Miami el pr\u00f3ximo 22 de Febrero.<\/p>\n\n\n\n<div style=\"height:17px\" aria-hidden=\"true\" class=\"wp-block-spacer\"><\/div>\n\n\n\n<p class=\"has-black-color has-text-color has-link-color wp-elements-ebafb62a0db9e2d278f8cb432f9bf293\"><strong>Pedro Cap\u00f3\u00a0<\/strong>\u00a0ha sido nominado y estar\u00e1 presente en los premios\u00a0<strong>Grammy\u00a0<\/strong>en la categor\u00eda de\u00a0<strong>\u201cMejor \u00c1lbum de Pop Latino\u201d\u00a0<\/strong>con su m\u00e1s reciente obra maestra,\u00a0<em><strong>\u201cLa Neta\u201d<\/strong><\/em>. Este \u00e1lbum, lanzado en 2022, ha resonado globalmente con m\u00e1s de 58 millones de reproducciones, consolid\u00e1ndose como un hito en la carrera del artista.<\/p>\n\n\n\n<div style=\"height:17px\" aria-hidden=\"true\" class=\"wp-block-spacer\"><\/div>\n\n\n\n<p class=\"has-black-color has-text-color has-link-color wp-elements-0507984531b1fa832e7db5003e3bd028\">En palabras de Cap\u00f3, \u201cLa Neta\u201d representa su trabajo m\u00e1s maduro y personal hasta la fecha, explorando la esencia de la humanidad y las emociones a trav\u00e9s de sus 10 cautivadoras canciones. La nominaci\u00f3n a los Grammy no solo es un reconocimiento al legado musical de Cap\u00f3, sino tambi\u00e9n a su habilidad \u00fanica para tocar los corazones de su audiencia a nivel global.\u00a0<\/p>\n\n\n\n<div style=\"height:17px\" aria-hidden=\"true\" class=\"wp-block-spacer\"><\/div>\n\n\n\n<p class=\"has-black-color has-text-color has-link-color wp-elements-86df2234ff7d46e8088293d1cca2c411\">As\u00ed, esta nominaci\u00f3n resalta la posici\u00f3n de Pedro Cap\u00f3 como una figura sobresaliente en la escena musical latina.<\/p>\n\n\n\n<div style=\"height:17px\" aria-hidden=\"true\" class=\"wp-block-spacer\"><\/div>\n\n\n\n<p class=\"has-black-color has-text-color has-link-color wp-elements-82c80c486d7226964ae7e563b1c3b9f3\"><strong>Pedro Cap\u00f3<\/strong>&nbsp;fue uno de los invitados de&nbsp;<strong>Wisin<\/strong>&nbsp;en el gran cierre de las fiestas de La Calle San Sebasti\u00e1n en Puerto Rico . El cantautor fue una de las sorpresas que&nbsp;<strong>Wisin<\/strong>&nbsp;ten\u00eda para todos los fan\u00e1ticos donde ambos interpretaron&nbsp;<em>\u201cCalma\u201d<\/em>&nbsp;\u00e9xito mundial de&nbsp;<strong>Pedro Cap\u00f3<\/strong>&nbsp;y anunciaron colaboraci\u00f3n musical juntos&nbsp;<em>\u201cHimalaya\u201d&nbsp;<\/em>cant\u00e1ndola por primera vez ante miles de fan\u00e1ticos. &nbsp;Este nuevo sencillo formar\u00e1 parte del nuevo \u00e1lbum de&nbsp;<strong>Wisin&nbsp;<\/strong>titulado Mr.W.&nbsp;<\/p>\n\n\n\n<div style=\"height:17px\" aria-hidden=\"true\" class=\"wp-block-spacer\"><\/div>\n\n\n\n<figure class=\"wp-block-image size-full\"><img loading=\"lazy\" decoding=\"async\" width=\"600\" height=\"900\" src=\"https:\/\/entrenotasyacordes.com\/wp-content\/uploads\/2024\/01\/NBFeXYO23KMc.jpg\" alt=\"\" class=\"wp-image-4676\" srcset=\"https:\/\/entrenotasyacordes.com\/wp-content\/uploads\/2024\/01\/NBFeXYO23KMc.jpg 600w, https:\/\/entrenotasyacordes.com\/wp-content\/uploads\/2024\/01\/NBFeXYO23KMc-200x300.jpg 200w\" sizes=\"auto, (max-width: 600px) 100vw, 600px\" \/><\/figure>\n\n\n\n<div style=\"height:17px\" aria-hidden=\"true\" class=\"wp-block-spacer\"><\/div>\n","protected":false},"excerpt":{"rendered":"<p>Artista Pop Masculino Del A\u00f1oCanci\u00f3n Del A\u00f1o \u2013 Pop\u00c1lbum Del A\u00f1o \u2013 Pop\/Urbano Adem\u00e1s, recientemente<\/p>\n","protected":false},"author":5,"featured_media":4677,"comment_status":"open","ping_status":"open","sticky":false,"template":"","format":"standard","meta":{"om_disable_all_campaigns":false,"_uf_show_specific_survey":0,"_uf_disable_surveys":false,"footnotes":""},"categories":[4],"tags":[],"class_list":["post-4675","post","type-post","status-publish","format-standard","has-post-thumbnail","hentry","category-musica"],"_links":{"self":[{"href":"https:\/\/entrenotasyacordes.com\/index.php?rest_route=\/wp\/v2\/posts\/4675","targetHints":{"allow":["GET"]}}],"collection":[{"href":"https:\/\/entrenotasyacordes.com\/index.php?rest_route=\/wp\/v2\/posts"}],"about":[{"href":"https:\/\/entrenotasyacordes.com\/index.php?rest_route=\/wp\/v2\/types\/post"}],"author":[{"embeddable":true,"href":"https:\/\/entrenotasyacordes.com\/index.php?rest_route=\/wp\/v2\/users\/5"}],"replies":[{"embeddable":true,"href":"https:\/\/entrenotasyacordes.com\/index.php?rest_route=%2Fwp%2Fv2%2Fcomments&post=4675"}],"version-history":[{"count":3,"href":"https:\/\/entrenotasyacordes.com\/index.php?rest_route=\/wp\/v2\/posts\/4675\/revisions"}],"predecessor-version":[{"id":4680,"href":"https:\/\/entrenotasyacordes.com\/index.php?rest_route=\/wp\/v2\/posts\/4675\/revisions\/4680"}],"wp:featuredmedia":[{"embeddable":true,"href":"https:\/\/entrenotasyacordes.com\/index.php?rest_route=\/wp\/v2\/media\/4677"}],"wp:attachment":[{"href":"https:\/\/entrenotasyacordes.com\/index.php?rest_route=%2Fwp%2Fv2%2Fmedia&parent=4675"}],"wp:term":[{"taxonomy":"category","embeddable":true,"href":"https:\/\/entrenotasyacordes.com\/index.php?rest_route=%2Fwp%2Fv2%2Fcategories&post=4675"},{"taxonomy":"post_tag","embeddable":true,"href":"https:\/\/entrenotasyacordes.com\/index.php?rest_route=%2Fwp%2Fv2%2Ftags&post=4675"}],"curies":[{"name":"wp","href":"https:\/\/api.w.org\/{rel}","templated":true}]}}