{"id":4681,"date":"2024-01-23T15:02:35","date_gmt":"2024-01-23T15:02:35","guid":{"rendered":"https:\/\/entrenotasyacordes.com\/?p=4681"},"modified":"2024-01-23T15:02:37","modified_gmt":"2024-01-23T15:02:37","slug":"destino-san-javier-brillo-en-cosquin","status":"publish","type":"post","link":"https:\/\/entrenotasyacordes.com\/?p=4681","title":{"rendered":"DESTINO SAN JAVIER BRILL\u00d3 EN COSQU\u00cdN"},"content":{"rendered":"\n<p class=\"has-black-color has-text-color has-link-color wp-elements-e4696d534fda7bca70efd7546e887246\"><strong><em>Y EMOCIONARON EN EL HOMENAJE A MARTIN PAZ JUNTO A NAHUEL PENNISI Y EL INDIO ROJAS.<\/em><\/strong><\/p>\n\n\n\n<!--more-->\n\n\n\n<p class=\"has-black-color has-text-color has-link-color wp-elements-9cb2ed999ae31d38733646d80e438fef\">La segunda luna cosco\u00edna cobij\u00f3 a grandes consagrados del Festival. Y Destino San Javier brill\u00f3 validando su Consagraci\u00f3n 2023 en una plaza repleta.<\/p>\n\n\n\n<div style=\"height:20px\" aria-hidden=\"true\" class=\"wp-block-spacer\"><\/div>\n\n\n\n<p class=\"has-black-color has-text-color has-link-color wp-elements-df0ce35b8264e1028b800211f3b028f8\">Franco Favini, Bruno y Paolo Ragone pisaron el Atahualpa Yupanqui dispuestos a vivir una noche inolvidable, celebrando el reencuentro con un p\u00fablico \u00e1vido de recibirlos y cantar sus canciones. \u00abJusto ahora, la canci\u00f3n con la que ganaron sus dos Gaviotas en el Festival de Vi\u00f1a del Mar, abri\u00f3 la emotiva participaci\u00f3n de Destino San Javier en esta edici\u00f3n, y a la que le sucedieron cl\u00e1sicos heredados y del cancionero popular como \u00abEl duende del Bandone\u00f3n\u00bb, \u00abA Monteros\u00bb y \u00abLa Oma\u00bb.<\/p>\n\n\n\n<div style=\"height:20px\" aria-hidden=\"true\" class=\"wp-block-spacer\"><\/div>\n\n\n\n<p class=\"has-black-color has-text-color has-link-color wp-elements-1cff497c8f7e5128281ee4ff6f0a7808\">Ya sobre el final, y como broche de oro lleg\u00f3 un emotivo homenaje a Mart\u00edn Paz con \u00abEterno amor, la obra m\u00e1s conocida del autor, en una versi\u00f3n \u00fanica compartida con Nahuel Pennisi y el Indio Lucio Rojas en el escenario, y el p\u00fablico coreando.<\/p>\n\n\n\n<div style=\"height:20px\" aria-hidden=\"true\" class=\"wp-block-spacer\"><\/div>\n\n\n\n<figure class=\"wp-block-image size-large\"><img loading=\"lazy\" decoding=\"async\" width=\"1024\" height=\"683\" src=\"https:\/\/entrenotasyacordes.com\/wp-content\/uploads\/2024\/01\/image2-1-1024x683.jpg\" alt=\"\" class=\"wp-image-4682\" srcset=\"https:\/\/entrenotasyacordes.com\/wp-content\/uploads\/2024\/01\/image2-1-1024x683.jpg 1024w, https:\/\/entrenotasyacordes.com\/wp-content\/uploads\/2024\/01\/image2-1-300x200.jpg 300w, https:\/\/entrenotasyacordes.com\/wp-content\/uploads\/2024\/01\/image2-1-768x512.jpg 768w, https:\/\/entrenotasyacordes.com\/wp-content\/uploads\/2024\/01\/image2-1-1536x1024.jpg 1536w, https:\/\/entrenotasyacordes.com\/wp-content\/uploads\/2024\/01\/image2-1.jpg 1999w\" sizes=\"auto, (max-width: 1024px) 100vw, 1024px\" \/><\/figure>\n\n\n\n<div style=\"height:20px\" aria-hidden=\"true\" class=\"wp-block-spacer\"><\/div>\n\n\n\n<p class=\"has-black-color has-text-color has-link-color wp-elements-6e167e5f41f1dc274d834b628f27fd29\"><strong>Acerca de Destino San Javier:<\/strong><\/p>\n\n\n\n<div style=\"height:20px\" aria-hidden=\"true\" class=\"wp-block-spacer\"><\/div>\n\n\n\n<p class=\"has-black-color has-text-color has-link-color wp-elements-d1725b97036578f559e5c4ac98dd308f\">\u00abDestino San Javier\u00bb es el exitoso tr\u00edo argentino compuesto por Franco Favini, Paolo y Bruno Ragone, se iniciaron en el mundo de la m\u00fasica desde peque\u00f1os acompa\u00f1ando a sus padres de gira (Pedro Favini, Jos\u00e9 \u201cPepe\u201d Ragone, los integrantes del legendario Tr\u00edo San Javier), llevando el amor por la m\u00fasica en su sangre.<\/p>\n\n\n\n<div style=\"height:20px\" aria-hidden=\"true\" class=\"wp-block-spacer\"><\/div>\n\n\n\n<p class=\"has-black-color has-text-color has-link-color wp-elements-f30d7d7ec2ff36534c0326edcd08200e\">En el 2015 se form\u00f3 formalmente Destino San Javier iniciando una carrera en constante ascenso, participando en los principales festivales folkl\u00f3ricos y en los grandes teatros de todo el pa\u00eds. En septiembre del 2021 \u00abDestino San Javier\u00bb lanza su tercer \u00e1lbum \u201cAmanece\u201d. Ganadores de innumerables premios y reconocimientos destacando el m\u00e1s reciente Premio Gardel 2022 a \u201cMejor Canci\u00f3n de Folklore\u201d con \u201cAmor Fugaz\u201d.<\/p>\n\n\n\n<div style=\"height:20px\" aria-hidden=\"true\" class=\"wp-block-spacer\"><\/div>\n\n\n\n<p class=\"has-black-color has-text-color has-link-color wp-elements-9b4803c362d360be6ae95fc800df34fc\">Destino San Javier recibi\u00f3 el premio Consagraci\u00f3n de Cosqu\u00edn de la 63\u00aa edici\u00f3n del popular Festival Nacional de Folklore. El tr\u00edo logr\u00f3 el mayor reconocimiento de Cosqu\u00edn, despu\u00e9s de cinco participaciones y se coron\u00f3 en el 2023.&nbsp; Adem\u00e1s de Consagraci\u00f3n en el Festival Baradero. Tambi\u00e9n en mayo de ese a\u00f1o Destino San Javier desembarc\u00f3 en la Calle Corrientes con su primer Teatro Opera agotado, luego continu\u00f3 con su gira teatros por todo el pa\u00eds con igual \u00e9xito.<\/p>\n\n\n\n<div style=\"height:20px\" aria-hidden=\"true\" class=\"wp-block-spacer\"><\/div>\n\n\n\n<p class=\"has-black-color has-text-color has-link-color wp-elements-1c7bc0e2a4f995ed9af9ce6ce021e50e\">A finales de octubre lanzaron \u201cInv\u00e9ntame\u201d donde Destino San Javier y Am\u00e9rico han unido sus voces y talentos en una colaboraci\u00f3n musical que cautiva los corazones de los amantes de la m\u00fasica latina en todo el mundo. \u00abInv\u00e9ntame,\u00bb fue escrito por la leyenda de la m\u00fasica mexicana, Marco Antonio Sol\u00eds, un himno rom\u00e1ntico que conquista a todos los rom\u00e1nticos.<\/p>\n\n\n\n<div style=\"height:20px\" aria-hidden=\"true\" class=\"wp-block-spacer\"><\/div>\n\n\n\n<p class=\"has-black-color has-text-color has-link-color wp-elements-e40f1c45841064b3556c7567a56c3270\">En el mes de diciembre pasado, El exitoso tr\u00edo argentino da un sorpresivo giro art\u00edstico lanzando el sencillo, \u00abLlega Navidad\u00bb, de autor\u00eda propia, una canci\u00f3n que captura la alegr\u00eda y el esp\u00edritu festivo de la Navidad con la que Destino se aventur\u00f3 en un nuevo terreno musical al fusionar elementos del jazz y el swing, creando una experiencia auditiva \u00fanica fuera de su repertorio tradicional.<\/p>\n\n\n\n<div style=\"height:20px\" aria-hidden=\"true\" class=\"wp-block-spacer\"><\/div>\n\n\n\n<p class=\"has-black-color has-text-color has-link-color wp-elements-3e2c979159d10af1d0740d6546ef2533\"><strong>PR\u00d3XIMAS FECHAS 2024 DE DESTINO SAN JAVIER 28 DE ENERO: CA\u00d1UELAS (BS. AS<\/strong><\/p>\n\n\n\n<div style=\"height:20px\" aria-hidden=\"true\" class=\"wp-block-spacer\"><\/div>\n\n\n\n<p><\/p>\n","protected":false},"excerpt":{"rendered":"<p>Y EMOCIONARON EN EL HOMENAJE A MARTIN PAZ JUNTO A NAHUEL PENNISI Y EL INDIO<\/p>\n","protected":false},"author":5,"featured_media":4683,"comment_status":"open","ping_status":"open","sticky":false,"template":"","format":"standard","meta":{"om_disable_all_campaigns":false,"_uf_show_specific_survey":0,"_uf_disable_surveys":false,"footnotes":""},"categories":[36],"tags":[],"class_list":["post-4681","post","type-post","status-publish","format-standard","has-post-thumbnail","hentry","category-conciertos"],"_links":{"self":[{"href":"https:\/\/entrenotasyacordes.com\/index.php?rest_route=\/wp\/v2\/posts\/4681","targetHints":{"allow":["GET"]}}],"collection":[{"href":"https:\/\/entrenotasyacordes.com\/index.php?rest_route=\/wp\/v2\/posts"}],"about":[{"href":"https:\/\/entrenotasyacordes.com\/index.php?rest_route=\/wp\/v2\/types\/post"}],"author":[{"embeddable":true,"href":"https:\/\/entrenotasyacordes.com\/index.php?rest_route=\/wp\/v2\/users\/5"}],"replies":[{"embeddable":true,"href":"https:\/\/entrenotasyacordes.com\/index.php?rest_route=%2Fwp%2Fv2%2Fcomments&post=4681"}],"version-history":[{"count":1,"href":"https:\/\/entrenotasyacordes.com\/index.php?rest_route=\/wp\/v2\/posts\/4681\/revisions"}],"predecessor-version":[{"id":4684,"href":"https:\/\/entrenotasyacordes.com\/index.php?rest_route=\/wp\/v2\/posts\/4681\/revisions\/4684"}],"wp:featuredmedia":[{"embeddable":true,"href":"https:\/\/entrenotasyacordes.com\/index.php?rest_route=\/wp\/v2\/media\/4683"}],"wp:attachment":[{"href":"https:\/\/entrenotasyacordes.com\/index.php?rest_route=%2Fwp%2Fv2%2Fmedia&parent=4681"}],"wp:term":[{"taxonomy":"category","embeddable":true,"href":"https:\/\/entrenotasyacordes.com\/index.php?rest_route=%2Fwp%2Fv2%2Fcategories&post=4681"},{"taxonomy":"post_tag","embeddable":true,"href":"https:\/\/entrenotasyacordes.com\/index.php?rest_route=%2Fwp%2Fv2%2Ftags&post=4681"}],"curies":[{"name":"wp","href":"https:\/\/api.w.org\/{rel}","templated":true}]}}