{"id":4685,"date":"2024-01-23T15:05:24","date_gmt":"2024-01-23T15:05:24","guid":{"rendered":"https:\/\/entrenotasyacordes.com\/?p=4685"},"modified":"2024-01-23T15:05:26","modified_gmt":"2024-01-23T15:05:26","slug":"la-estrella-del-pop-global-emilia-es-imparable","status":"publish","type":"post","link":"https:\/\/entrenotasyacordes.com\/?p=4685","title":{"rendered":"LA ESTRELLA DEL POP GLOBAL EMILIA ES IMPARABLE!"},"content":{"rendered":"\n<p class=\"has-black-color has-text-color has-link-color wp-elements-7c624ece00af42cdd9e6956878972b11\"><strong>LUEGO DE ARRASAR CON SOLD OUTS EN SUS\u00a0 CONCIERTOS EN ARGENTINA Y ESPA\u00d1A AHORA EST\u00c1\u00a0NOMINADA EN CATEGOR\u00cdAS CLAVES DE\u00a0PREMIO LO NUESTRO<\/strong><\/p>\n\n\n\n<!--more-->\n\n\n\n<p class=\"has-black-color has-text-color has-link-color wp-elements-d56177ad974329ec7213cb287ca9c429\">Contin\u00faan los \u00e9xitos para<strong>\u00a0EMILIA<\/strong>. La nueva reina del pop acaba de ser nominada a los Premio Lo Nuestro, reconociendo el gran momento que est\u00e1 viviendo en su carrera.<\/p>\n\n\n\n<div style=\"height:18px\" aria-hidden=\"true\" class=\"wp-block-spacer\"><\/div>\n\n\n\n<p class=\"has-black-color has-text-color has-link-color wp-elements-5877e2d3b8ffc725367858b615f3ab55\">Para la edici\u00f3n 36 de la \u201cfiesta latina de la m\u00fasica\u201d,&nbsp;<strong>EMILIA<\/strong>&nbsp;compite en las categor\u00edas:&nbsp;<strong>Artista Pop Femenina del A\u00f1o, Colaboraci\u00f3n del A\u00f1o &#8211; Pop Urbano, y Canci\u00f3n del A\u00f1o Pop Urbano<\/strong>. Como cada a\u00f1o el p\u00fablico ser\u00e1 el encargado de elegir a los ganadores mediante su voto, siendo la fecha l\u00edmite para hacerlo el domingo 4 de febrero.<\/p>\n\n\n\n<div style=\"height:18px\" aria-hidden=\"true\" class=\"wp-block-spacer\"><\/div>\n\n\n\n<p class=\"has-black-color has-text-color has-link-color wp-elements-cf96e52616e56bf012a2061485b5eedd\">Posicionada actualmente como una de las mujeres m\u00e1s relevantes en la industria latina,&nbsp;<strong>EMILIA<\/strong>&nbsp;arrasa en las listas digitales, radio y popularidad en el escenario. Tras hacer historia siendo la primera artista en agotar 10 fechas en el Movistar Arena de Buenos Aires, en tan solo 10 horas, volvi\u00e9ndose viral en redes sociales y acaparando titulares en todo el mundo. Recientemente agot\u00f3 un Estadio V\u00e9lez en Buenos Aires del 12 de Octubre en 4 horas y agregando una segunda fecha en dicho estadio (13 de octubre de 2024), donde cautivar\u00e1 a 40 mil fans.<\/p>\n\n\n\n<div style=\"height:18px\" aria-hidden=\"true\" class=\"wp-block-spacer\"><\/div>\n\n\n\n<p class=\"has-black-color has-text-color has-link-color wp-elements-d419e4309e4876eba00e20df8670d733\"><strong>EMILIA<\/strong>&nbsp;tambi\u00e9n impacta Espa\u00f1a agotando su primer show en el ic\u00f3nico Wizink Center en Madrid (6 de julio), despu\u00e9s de un a\u00f1o de triunfos sin precedentes, dando testimonio del ascenso mete\u00f3rico al estrellato, con sus logros en los primeros lugares de las listas y su presencia inigualable cautivando audiencias de todo el mundo.<\/p>\n\n\n\n<div style=\"height:18px\" aria-hidden=\"true\" class=\"wp-block-spacer\"><\/div>\n\n\n\n<p class=\"has-black-color has-text-color has-link-color wp-elements-0e7dcfc7a86d1449d707141d96fc2274\"><strong>EMILIA<\/strong>&nbsp;est\u00e1 disfrutando actualmente del rotundo \u00e9xito de su segundo \u00e1lbum,&nbsp;<strong><em>\u00ab.mp3\u00bb<\/em><\/strong>, el cual debut\u00f3 como el \u00e1lbum femenino global No. 1, alcanzando el cuarto lugar en la lista global de Spotify y manteniendo el primer lugar en Argentina desde su lanzamiento. \u00ab.mp3\u00bb est\u00e1 en los primeros 100 \u00e1lbumes globales en Spotify, rompiendo r\u00e9cords con m\u00e1s de 356 millones de reproducciones solo d\u00edas despu\u00e9s de su lanzamiento. El segundo \u00e1lbum de la sensaci\u00f3n del pop incluye el exitoso sencillo<strong><em>&nbsp;\u00abLa_Original.mp3\u00bb junto a su compatriota TINI<\/em>&nbsp;<\/strong>, que alcanz\u00f3 el puesto No. 120 en la lista global de canciones principales de Spotify.<\/p>\n\n\n\n<div style=\"height:18px\" aria-hidden=\"true\" class=\"wp-block-spacer\"><\/div>\n\n\n\n<p class=\"has-black-color has-text-color has-link-color wp-elements-f2b5879a572a1acb0a3f830e3fb185f7\">M\u00e1s recientemente, sorprendi\u00f3 a los fans lanzando un tema in\u00e9dito junto a la compositora, rapera y provocadora&nbsp;<strong>Nathy Peluso<\/strong>:&nbsp;<strong><em>\u00abJET_Set.mp3\u00bb<\/em><\/strong>, una c\u00e1psula del tiempo musical que mezcla perfectamente pop, R&amp;B, dance y hip-hop con un toque moderno, transport\u00e1ndonos a la esencia de principios de los 2000.<\/p>\n\n\n\n<div style=\"height:18px\" aria-hidden=\"true\" class=\"wp-block-spacer\"><\/div>\n\n\n\n<p class=\"has-black-color has-text-color has-link-color wp-elements-b2e5fa3e9d3263817068951eed82301c\">La mezcla \u00fanica de&nbsp;<strong>EMILIA<\/strong>&nbsp;junto a sus habilidades en el pop, escritura de canciones y la capacidad de fusionar ritmos y eras,&nbsp; refleja su evoluci\u00f3n personal. Mientras se prepara para iluminar los escenarios este 2024 , el esperado&nbsp;<strong><em>\u00abJET_Set.mp3\u00bb<\/em><\/strong>&nbsp;est\u00e1 listo para solidificar a\u00fan m\u00e1s su estatus como una pionera en el pop urbano.<\/p>\n\n\n\n<div style=\"height:18px\" aria-hidden=\"true\" class=\"wp-block-spacer\"><\/div>\n\n\n\n<p><\/p>\n","protected":false},"excerpt":{"rendered":"<p>LUEGO DE ARRASAR CON SOLD OUTS EN SUS\u00a0 CONCIERTOS EN ARGENTINA Y ESPA\u00d1A AHORA EST\u00c1\u00a0NOMINADA<\/p>\n","protected":false},"author":5,"featured_media":4686,"comment_status":"open","ping_status":"open","sticky":false,"template":"","format":"standard","meta":{"om_disable_all_campaigns":false,"_uf_show_specific_survey":0,"_uf_disable_surveys":false,"footnotes":""},"categories":[4],"tags":[],"class_list":["post-4685","post","type-post","status-publish","format-standard","has-post-thumbnail","hentry","category-musica"],"_links":{"self":[{"href":"https:\/\/entrenotasyacordes.com\/index.php?rest_route=\/wp\/v2\/posts\/4685","targetHints":{"allow":["GET"]}}],"collection":[{"href":"https:\/\/entrenotasyacordes.com\/index.php?rest_route=\/wp\/v2\/posts"}],"about":[{"href":"https:\/\/entrenotasyacordes.com\/index.php?rest_route=\/wp\/v2\/types\/post"}],"author":[{"embeddable":true,"href":"https:\/\/entrenotasyacordes.com\/index.php?rest_route=\/wp\/v2\/users\/5"}],"replies":[{"embeddable":true,"href":"https:\/\/entrenotasyacordes.com\/index.php?rest_route=%2Fwp%2Fv2%2Fcomments&post=4685"}],"version-history":[{"count":2,"href":"https:\/\/entrenotasyacordes.com\/index.php?rest_route=\/wp\/v2\/posts\/4685\/revisions"}],"predecessor-version":[{"id":4688,"href":"https:\/\/entrenotasyacordes.com\/index.php?rest_route=\/wp\/v2\/posts\/4685\/revisions\/4688"}],"wp:featuredmedia":[{"embeddable":true,"href":"https:\/\/entrenotasyacordes.com\/index.php?rest_route=\/wp\/v2\/media\/4686"}],"wp:attachment":[{"href":"https:\/\/entrenotasyacordes.com\/index.php?rest_route=%2Fwp%2Fv2%2Fmedia&parent=4685"}],"wp:term":[{"taxonomy":"category","embeddable":true,"href":"https:\/\/entrenotasyacordes.com\/index.php?rest_route=%2Fwp%2Fv2%2Fcategories&post=4685"},{"taxonomy":"post_tag","embeddable":true,"href":"https:\/\/entrenotasyacordes.com\/index.php?rest_route=%2Fwp%2Fv2%2Ftags&post=4685"}],"curies":[{"name":"wp","href":"https:\/\/api.w.org\/{rel}","templated":true}]}}