{"id":4692,"date":"2024-01-24T15:05:36","date_gmt":"2024-01-24T15:05:36","guid":{"rendered":"https:\/\/entrenotasyacordes.com\/?p=4692"},"modified":"2024-01-24T15:05:38","modified_gmt":"2024-01-24T15:05:38","slug":"a-13-anos-del-estreno-de-21-el-disco-que-catapulto-la-fama-de-adele","status":"publish","type":"post","link":"https:\/\/entrenotasyacordes.com\/?p=4692","title":{"rendered":"A 13 A\u00d1OS DEL ESTRENO DE \u00ab21\u00bb, EL DISCO QUE CATAPULT\u00d3 LA FAMA DE ADELE"},"content":{"rendered":"\n<!--more-->\n\n\n\n<figure class=\"wp-block-embed is-type-video is-provider-youtube wp-block-embed-youtube wp-embed-aspect-16-9 wp-has-aspect-ratio\"><div class=\"wp-block-embed__wrapper\">\n<div class=\"epyt-video-wrapper\"><iframe loading=\"lazy\"  id=\"_ytid_61627\"  width=\"640\" height=\"360\"  data-origwidth=\"640\" data-origheight=\"360\" src=\"https:\/\/www.youtube.com\/embed\/rYEDA3JcQqw?enablejsapi=1&#038;autoplay=0&#038;cc_load_policy=0&#038;cc_lang_pref=&#038;iv_load_policy=1&#038;loop=0&#038;rel=1&#038;fs=1&#038;playsinline=0&#038;autohide=2&#038;theme=dark&#038;color=white&#038;controls=1&#038;\" class=\"__youtube_prefs__  epyt-is-override  no-lazyload\" data-vol=\"50\"  title=\"YouTube player\"  allow=\"fullscreen; accelerometer; autoplay; clipboard-write; encrypted-media; gyroscope; picture-in-picture; web-share\" referrerpolicy=\"strict-origin-when-cross-origin\" allowfullscreen data-no-lazy=\"1\" data-skipgform_ajax_framebjll=\"\"><\/iframe><\/div>\n<\/div><\/figure>\n\n\n\n<div style=\"height:27px\" aria-hidden=\"true\" class=\"wp-block-spacer\"><\/div>\n\n\n\n<p class=\"has-black-color has-text-color has-link-color wp-elements-4d04ada735683df7fd74b62b7ff53879\">Un 24 de enero como hoy, pero de 2011, se estrenaba&nbsp; \u00ab21\u00bb, el segundo \u00e1lbum de estudio de la cantautora brit\u00e1nica Adele. El t\u00edtulo del \u00e1lbum hace referencia a la edad de Adele cuando comenz\u00f3 a escribir el mismo. 21 comparte las influencias folk y motown soul de su \u00e1lbum debut de 19 (2008), pero en este se inspir\u00f3 m\u00e1s en el g\u00e9nero country estadounidense y la m\u00fasica blues sure\u00f1a a la que estuvo expuesta durante la etapa norteamericana de su gira An Evening with Adele en 2008\u201309.<\/p>\n\n\n\n<div style=\"height:27px\" aria-hidden=\"true\" class=\"wp-block-spacer\"><\/div>\n\n\n\n<p class=\"has-black-color has-text-color has-link-color wp-elements-49fd3f8aa9b96bb4d5b0388650b83a32\">&nbsp;21 fue compuesto como consecuencia de la ruptura de la cantante con su expareja, el \u00e1lbum tipifica la tradici\u00f3n casi latente del cantautor confesando su exploraci\u00f3n de la angustia, la introspecci\u00f3n y el perd\u00f3n. Es el \u00e1lbum m\u00e1s vendido del siglo xxi y es el segundo \u00e1lbum femenino m\u00e1s vendido de toda la historia.<\/p>\n\n\n\n<div style=\"height:27px\" aria-hidden=\"true\" class=\"wp-block-spacer\"><\/div>\n\n\n\n<p class=\"has-black-color has-text-color has-link-color wp-elements-dfa10be4eabfe4eb21d7377e08e6d348\">&nbsp;El \u00e1lbum encabez\u00f3 las listas en m\u00e1s de 30 pa\u00edses y se convirti\u00f3 en el \u00e1lbum m\u00e1s vendido del a\u00f1o en 2011 y 2012. En el Reino Unido, logr\u00f3 convertirse en el \u00e1lbum m\u00e1s vendido del siglo 21, el segundo m\u00e1s vendido de todos los tiempos, y el \u00e1lbum m\u00e1s vendido por un artista en solista de todos los tiempos. En Estados Unidos, el \u00e1lbum ocup\u00f3 la primera posici\u00f3n durante 24 semanas, la duraci\u00f3n m\u00e1s larga que cualquier otro \u00e1lbum desde 1985 y el m\u00e1s largo de una artista solista en la historia de Billboard 200.<\/p>\n\n\n\n<div style=\"height:27px\" aria-hidden=\"true\" class=\"wp-block-spacer\"><\/div>\n\n\n\n<p class=\"has-black-color has-text-color has-link-color wp-elements-9b804c77d16faaeaebae03c23bf317c1\">Contiene los exitosos sencillos que fueron lanzados para promocionar el \u00e1lbum \u00abRolling in the Deep\u00bb, \u00abSomeone Like You\u00bb, \u00abRumour Has It\u00bb y \u00abSet Fire to the Rain\u00bb. 21 fue el \u00e1lbum musical m\u00e1s vendido de 2011 y 2012 y ayud\u00f3 a revitalizar las ventas atrasadas de la industria musical del Reino Unido y los Estados Unidos. Con ventas de m\u00e1s de 31 millones de copias en todo el mundo es el \u00e1lbum m\u00e1s vendido del siglo xxi. Adem\u00e1s de ser el \u00e1lbum que catapult\u00f3 a la fama a Adele y su segundo disco m\u00e1s vendido, despu\u00e9s de 25 (2015). En el 2020, el \u00e1lbum fue incluido en la lista de los 500 mejores \u00e1lbumes de todos los tiempos, de la revista estadounidense Rolling Stone, ocupando el puesto 137.<\/p>\n\n\n\n<div style=\"height:27px\" aria-hidden=\"true\" class=\"wp-block-spacer\"><\/div>\n\n\n\n<p><\/p>\n","protected":false},"excerpt":{"rendered":"","protected":false},"author":5,"featured_media":4693,"comment_status":"open","ping_status":"open","sticky":false,"template":"","format":"standard","meta":{"om_disable_all_campaigns":false,"_uf_show_specific_survey":0,"_uf_disable_surveys":false,"footnotes":""},"categories":[10],"tags":[],"class_list":["post-4692","post","type-post","status-publish","format-standard","has-post-thumbnail","hentry","category-videos"],"_links":{"self":[{"href":"https:\/\/entrenotasyacordes.com\/index.php?rest_route=\/wp\/v2\/posts\/4692","targetHints":{"allow":["GET"]}}],"collection":[{"href":"https:\/\/entrenotasyacordes.com\/index.php?rest_route=\/wp\/v2\/posts"}],"about":[{"href":"https:\/\/entrenotasyacordes.com\/index.php?rest_route=\/wp\/v2\/types\/post"}],"author":[{"embeddable":true,"href":"https:\/\/entrenotasyacordes.com\/index.php?rest_route=\/wp\/v2\/users\/5"}],"replies":[{"embeddable":true,"href":"https:\/\/entrenotasyacordes.com\/index.php?rest_route=%2Fwp%2Fv2%2Fcomments&post=4692"}],"version-history":[{"count":1,"href":"https:\/\/entrenotasyacordes.com\/index.php?rest_route=\/wp\/v2\/posts\/4692\/revisions"}],"predecessor-version":[{"id":4694,"href":"https:\/\/entrenotasyacordes.com\/index.php?rest_route=\/wp\/v2\/posts\/4692\/revisions\/4694"}],"wp:featuredmedia":[{"embeddable":true,"href":"https:\/\/entrenotasyacordes.com\/index.php?rest_route=\/wp\/v2\/media\/4693"}],"wp:attachment":[{"href":"https:\/\/entrenotasyacordes.com\/index.php?rest_route=%2Fwp%2Fv2%2Fmedia&parent=4692"}],"wp:term":[{"taxonomy":"category","embeddable":true,"href":"https:\/\/entrenotasyacordes.com\/index.php?rest_route=%2Fwp%2Fv2%2Fcategories&post=4692"},{"taxonomy":"post_tag","embeddable":true,"href":"https:\/\/entrenotasyacordes.com\/index.php?rest_route=%2Fwp%2Fv2%2Ftags&post=4692"}],"curies":[{"name":"wp","href":"https:\/\/api.w.org\/{rel}","templated":true}]}}