{"id":4695,"date":"2024-01-24T16:20:32","date_gmt":"2024-01-24T16:20:32","guid":{"rendered":"https:\/\/entrenotasyacordes.com\/?p=4695"},"modified":"2024-01-24T16:20:49","modified_gmt":"2024-01-24T16:20:49","slug":"los-artistas-de-sony-musiclideran-las-nominaciones-apremio-lo-nuestro-2024","status":"publish","type":"post","link":"https:\/\/entrenotasyacordes.com\/?p=4695","title":{"rendered":"\u00a0Los Artistas de Sony\u00a0MusicLideran Las Nominaciones APremio Lo Nuestro 2024\u00a0"},"content":{"rendered":"\n<!--more-->\n\n\n\n<p class=\"has-black-color has-text-color has-link-color wp-elements-6a2ba358b7af361fe5b3f91b7126f642\"><em>Maluma es el artista m\u00e1s nominado con 14, seguido por Camilo, Rauw Alejandro, Romeo Santos y Yuridia con 7 y Fuerza Regida, Manuel Turizo, Ozuna, Reik y ROSAL\u013aA con 6 cada uno.<\/em><\/p>\n\n\n\n<div style=\"height:17px\" aria-hidden=\"true\" class=\"wp-block-spacer\"><\/div>\n\n\n\n<p class=\"has-black-color has-text-color has-link-color wp-elements-902c8132f63bfac49159b26d0a3b025e\"><em>Entre los artistas nominados de Sony Music Latin, 5020 Records y los sellos afiliados a The Orchard se destacan: Anuel AA, Becky G, Be\u00e9le, Bizarrap, Boza, Camila, Carlos Rivera, Carlos Vives, Chayanne, Chencho Corleone, Christian Nodal, Conexi\u00f3n Divina, Dennis, Ed\u00e9n Mu\u00f1oz, Emilia, Farruko, Fonseca, GALE, Ha*Ash, J.Noa, Kany Garc\u00eda, Kenia OS, Luis Figueroa, Marc Anthony, Marshmello, Natti Natasha, Nicki Nicole, Nicky Jam, Pedro Cap\u00f3, Prince Royce, Ricky Martin, Rusherking, Ryan Castro, Shakira, Silvestre Dangond, Thal\u00eda, TINI, Tokischa, V\u00edctor Manuelle, Wisin &amp; Yandel, Yahritza y Su Esencia, y m\u00e1s.<\/em><\/p>\n\n\n\n<div style=\"height:17px\" aria-hidden=\"true\" class=\"wp-block-spacer\"><\/div>\n\n\n\n<p class=\"has-black-color has-text-color has-link-color wp-elements-53500989dcd6b118ca99067bee5c0815\">Los artistas de\u00a0<strong>Sony Music\u00a0<\/strong>nuevamente lideran las nominaciones para el prestigioso\u00a0<strong>Premio Lo Nuestro 2024<\/strong>.<\/p>\n\n\n\n<div style=\"height:17px\" aria-hidden=\"true\" class=\"wp-block-spacer\"><\/div>\n\n\n\n<p class=\"has-black-color has-text-color has-link-color wp-elements-589744048861338c5117c1326f7b8d91\">En la ma\u00f1ana de ayer, Univisi\u00f3n anunci\u00f3 a los nominados a la 36\u00aa entrega anual de los reconocidos premios a trav\u00e9s de sus plataformas de televisi\u00f3n, radio, Internet, y redes sociales. La ceremonia ser\u00e1 transmitida en vivo a partir de las 7 p.m. ET\/PT el jueves, 22 de febrero de 2024 desde el Kaseya Center en Miami, FL.<\/p>\n\n\n\n<div style=\"height:17px\" aria-hidden=\"true\" class=\"wp-block-spacer\"><\/div>\n\n\n\n<p class=\"has-black-color has-text-color has-link-color wp-elements-4f3b1fee79313a581e3c42a3ab6c3921\">Los nominados de\u00a0<strong>Sony Music Latin, 5020 Records\u00a0<\/strong>y los sellos afiliados a\u00a0<strong>The Orchard<\/strong>\u00a0incluyen a estrellas mundiales y emergentes como\u00a0\u00a0<strong>Anuel AA, , Becky G, Be\u00e9le, Bizarrap, Boza, Camila, Carlos Rivera, Carlos Vives, Chayanne, Chencho Corleone, Christian Nodal, Conexi\u00f3n Divina, Dennis, Ed\u00e9n Mu\u00f1oz, Emilia, Farruko, Fonseca, GALE, Ha*Ash, J.Noa, Kany Garc\u00eda, Kenia OS, Luis Figueroa, Marc Anthony, Marshmello, Natti Natasha, Nicki Nicole, Nicky Jam, Pedro Cap\u00f3, Prince Royce, Ricky Martin, Rusherking, Ryan Castro, Shakira, Silvestre Dangond, Thal\u00eda, TINI, Tokischa, V\u00edctor Manuelle, Wisin &amp; Yandel, Yahritza y Su Esencia\u00a0<\/strong>y m\u00e1s.<\/p>\n\n\n\n<div style=\"height:17px\" aria-hidden=\"true\" class=\"wp-block-spacer\"><\/div>\n\n\n\n<p class=\"has-black-color has-text-color has-link-color wp-elements-5c39fb4be9b92f4789d8b4664feb897e\">Ya los fan\u00e1ticos podr\u00e1n votar por sus artistas y canciones favoritas en las diferentes categor\u00edas a trav\u00e9s de la p\u00e1gina oficial de\u00a0<strong>Premio Lo Nuestro<\/strong>. El plazo de votaci\u00f3n continuar\u00e1 abierto hasta el 4 de febrero.\u00a0Haz clic\u00a0<strong><a href=\"https:\/\/click.emails.sonymusicfans.com\/?qs=ce7b0b48642f8072e3ff0f7b08da25779ff91ed4143df9ce71a927d1cd073aa2827f5c25cc06137be0489aa2772003ff7a99c03617187169\"><strong>AQU\u00cd<\/strong><\/a>\u00a0<\/strong>para votar.<\/p>\n\n\n\n<div style=\"height:17px\" aria-hidden=\"true\" class=\"wp-block-spacer\"><\/div>\n\n\n\n<p class=\"has-black-color has-text-color has-link-color wp-elements-c6d5b49ffea70b43590090213a980035\"><strong>Sony Music<\/strong>\u00a0felicita a todos sus artistas nominados y les desea \u00e9xito en este 2024.<br><\/p>\n\n\n\n<div style=\"height:17px\" aria-hidden=\"true\" class=\"wp-block-spacer\"><\/div>\n\n\n\n<p class=\"has-black-color has-text-color has-link-color wp-elements-21355d468ab3c463f3910bdb3a358beb\">La siguiente es la lista de los nominados de\u00a0<strong>Sony Music Latin, 5020 Records<\/strong>\u00a0y de los sellos afiliados a\u00a0<strong>The Orchard:<\/strong><\/p>\n\n\n\n<div style=\"height:17px\" aria-hidden=\"true\" class=\"wp-block-spacer\"><\/div>\n\n\n\n<p class=\"has-black-color has-text-color has-link-color wp-elements-e1454b32aff1b49ff915472a4f21f6bd\"><strong>Artista Premio Lo Nuestro Del A\u00f1o<\/strong><\/p>\n\n\n\n<div style=\"height:17px\" aria-hidden=\"true\" class=\"wp-block-spacer\"><\/div>\n\n\n\n<p class=\"has-black-color has-text-color has-link-color wp-elements-e193fcc351abe2fde0558c9cac97db6e\">CAMILO<\/p>\n\n\n\n<p class=\"has-black-color has-text-color has-link-color wp-elements-429c684a5a7b9c9d759fccdef528dfdb\">MALUMA<\/p>\n\n\n\n<p class=\"has-black-color has-text-color has-link-color wp-elements-ff3915a31e9c4e730b0b499934c1660d\">OZUNA<\/p>\n\n\n\n<p class=\"has-black-color has-text-color has-link-color wp-elements-ad6b06af47794536d1a7bf9aaca93d32\">SHAKIRA<\/p>\n\n\n\n<p class=\"has-black-color has-text-color has-link-color wp-elements-5523c9fa863f823938aa1f32d084e285\"><strong>Canci\u00f3n Del A\u00f1o<\/strong><\/p>\n\n\n\n<div style=\"height:12px\" aria-hidden=\"true\" class=\"wp-block-spacer\"><\/div>\n\n\n\n<p class=\"has-black-color has-text-color has-link-color wp-elements-105917259367dfbc703ad63d5fa572ff\">&nbsp;AMBULANCIA &#8211; CAMILO &amp; CAMILA CABELLO<\/p>\n\n\n\n<p class=\"has-black-color has-text-color has-link-color wp-elements-893755ad9a8a82efe57d7bfeee373674\">SHAKIRA: BZRP MUSIC SESSIONS, VOL. 53 &#8211; BIZARRAP &amp; SHAKIRA [Dale Play Records en colaboraci\u00f3n con Sony Music Latin\/The Orchard]<\/p>\n\n\n\n<p class=\"has-black-color has-text-color has-link-color wp-elements-17cdab42f3d69c2abd32cfa3b32e29fc\">DESPECH\u00c1 \u2013 ROSAL\u00cdA [Columbia Records]<\/p>\n\n\n\n<p class=\"has-black-color has-text-color has-link-color wp-elements-413c82df11ee7ac80c5943db1ac8bc97\">ME ENRD &#8211; PRINCE ROYCE<\/p>\n\n\n\n<p class=\"has-black-color has-text-color has-link-color wp-elements-972df39e0cbe83364244a3de6b3ca7e5\">S\u00c9 QUE EST\u00c1S CON \u00c9L &#8211; SILVESTRE DANGOND, REIK &amp; BOZA<\/p>\n\n\n\n<p class=\"has-black-color has-text-color has-link-color wp-elements-7034acd930f56909c325f55b15fffe98\">\u00bfY QU\u00c9 TAL SI FUNCIONA? &#8211; YURIDIA &amp; BANDA MS DE SERGIO LIZ\u00c1RRAGA<\/p>\n\n\n\n<p class=\"has-black-color has-text-color has-link-color wp-elements-3e5cac3d6629c654fb6f1733f5136a78\">NUNCA Y PICO &#8211; YANDEL, MALUMA &amp; ELADIO CARRI\u00d3N [La Leyenda\/Y Entertainment LLC en colaboraci\u00f3n con Sony Music Latin]<\/p>\n\n\n\n<p class=\"has-black-color has-text-color has-link-color wp-elements-502345c567ee4a9a47a0707397453ae0\"><strong>\u00c1lbum Del A\u00f1o<\/strong><\/p>\n\n\n\n<div style=\"height:12px\" aria-hidden=\"true\" class=\"wp-block-spacer\"><\/div>\n\n\n\n<p class=\"has-black-color has-text-color has-link-color wp-elements-8bd0085b0c4328bb721c7c383eb8d89e\">DON JUAN &#8211; MALUMA<\/p>\n\n\n\n<p class=\"has-black-color has-text-color has-link-color wp-elements-0891cf6ee5c49265531d9aee7a1cd990\">ESCALONA NUNCA SE HAB\u00cdA GRABADO AS\u00cd &#8211; CARLOS VIVES [WK Records\/Gaira M\u00fasica Local en colaboraci\u00f3n con The Orchard]<\/p>\n\n\n\n<p class=\"has-black-color has-text-color has-link-color wp-elements-5275efca68193d9da83e82de34579e0b\">F\u00d3RMULA, VOL. 3 &#8211; ROMEO SANTOS<\/p>\n\n\n\n<p class=\"has-black-color has-text-color has-link-color wp-elements-b9652e9483346ce522fc6490c51297e2\">HAASHTAG &#8211; HA*ASH<\/p>\n\n\n\n<p class=\"has-black-color has-text-color has-link-color wp-elements-22d7bd331a23fb6aa04c9ba0f19564e5\">PLAYA SATURNO &#8211; RAUW ALEJANDRO<\/p>\n\n\n\n<p class=\"has-black-color has-text-color has-link-color wp-elements-0467ada83bbc2e0333149d7393bbee23\"><strong>Remix Del A\u00f1o<\/strong><\/p>\n\n\n\n<div style=\"height:18px\" aria-hidden=\"true\" class=\"wp-block-spacer\"><\/div>\n\n\n\n<p>QU\u00c9DATE &#8211; TI\u00cbSTO REMIX &#8211; BIZARRAP &amp; TI\u00cbSTO [Dale Play Records en colaboraci\u00f3n con The Orchard]<\/p>\n\n\n\n<p class=\"has-black-color has-text-color has-link-color wp-elements-00f7e6213d783ee7aa2d686a7b836acc\"><strong>Artista Revelaci\u00f3n Masculino<\/strong><\/p>\n\n\n\n<div style=\"height:14px\" aria-hidden=\"true\" class=\"wp-block-spacer\"><\/div>\n\n\n\n<p class=\"has-black-color has-text-color has-link-color wp-elements-e2bca19e05fc0e0f1d46d900e683479d\">BE\u00c9LE [5020 Records]<\/p>\n\n\n\n<p class=\"has-black-color has-text-color has-link-color wp-elements-02239b8d77a77db26ffaceea4720b829\">MICHELLE MACIEL [Dale Play Records en colaboraci\u00f3n con The Orchard]<\/p>\n\n\n\n<p class=\"has-black-color has-text-color has-link-color wp-elements-dd7d41da72de5f51651cabd97b4161bf\">Rels B [Dale Play Records en colaboraci\u00f3n con The Orchard]<\/p>\n\n\n\n<p class=\"has-black-color has-text-color has-link-color wp-elements-07753f23597934959ea5bce7cc16d655\">MILO J [Dale Play Records en colaboraci\u00f3n con The Orchard]<\/p>\n\n\n\n<p class=\"has-black-color has-text-color has-link-color wp-elements-81ad6a63e93b3e6882636db615d387e0\"><strong>Artista Revelaci\u00f3n Femenino<\/strong><\/p>\n\n\n\n<div style=\"height:13px\" aria-hidden=\"true\" class=\"wp-block-spacer\"><\/div>\n\n\n\n<p class=\"has-black-color has-text-color has-link-color wp-elements-247fb6275dd173359609f5ed241db4d6\">GALE<\/p>\n\n\n\n<p class=\"has-black-color has-text-color has-link-color wp-elements-7371e07d5b4a64382ae852cd52bc2fbe\">J NOA<\/p>\n\n\n\n<p class=\"has-black-color has-text-color has-link-color wp-elements-f988592db0d714681068dea05a7dc54e\">KENIA OS [5020 Records]<\/p>\n\n\n\n<p class=\"has-black-color has-text-color has-link-color wp-elements-e8d9c4a5225cfa6a2c4ab5c10f8c9adc\">LA JOAQUI [La Joaqui \/ Dale Play Records en colaboraci\u00f3n con The Orchard]<\/p>\n\n\n\n<p class=\"has-black-color has-text-color has-link-color wp-elements-c90e02e4e1172706c59f8c94a3050429\"><strong>Artista Revelaci\u00f3n Grupo o Duo &#8211; M\u00fasica Mexicana<\/strong><\/p>\n\n\n\n<div style=\"height:19px\" aria-hidden=\"true\" class=\"wp-block-spacer\"><\/div>\n\n\n\n<p class=\"has-black-color has-text-color has-link-color wp-elements-b2f6524d44e3e81a4260ea41b36b4424\">CONEXI\u00d3N DIVINA<\/p>\n\n\n\n<p class=\"has-black-color has-text-color has-link-color wp-elements-11fa21666507e79dd26755f8bf2d221f\">FUERZA REGIDA<\/p>\n\n\n\n<p class=\"has-black-color has-text-color has-link-color wp-elements-21f97eb513da7a79688527126761638b\"><strong>Colaboraci\u00f3n \u00abCrossover\u00bb Del A\u00f1o<\/strong><\/p>\n\n\n\n<div style=\"height:18px\" aria-hidden=\"true\" class=\"wp-block-spacer\"><\/div>\n\n\n\n<p class=\"has-black-color has-text-color has-link-color wp-elements-fa92c244625d8e22cc53bcb10bf2dd52\">OJAL\u00c1 &#8211; THE RUDEBOYZ, MALUMA &amp; ADAM LEVINE<\/p>\n\n\n\n<p class=\"has-black-color has-text-color has-link-color wp-elements-5d3a976cf67cb5fcfbb116c3e4e93d44\">SOMOS IGUALES &#8211; OZUNA, TOKISCHA, LOUCHIE LOU &amp; MICHIE ONE [Aura Music en colaboraci\u00f3n con Sony Music Latin\/The Orchard]<\/p>\n\n\n\n<p class=\"has-black-color has-text-color has-link-color wp-elements-94b0975a3a505e0fc26df2a474bf6b18\"><strong>La Mezcla Perfecta Del A\u00f1o<\/strong><\/p>\n\n\n\n<div style=\"height:17px\" aria-hidden=\"true\" class=\"wp-block-spacer\"><\/div>\n\n\n\n<p class=\"has-black-color has-text-color has-link-color wp-elements-9eba3380b5553e3723bce31d81dc0c4b\">&nbsp;ALASKA &#8211; CAMILO &amp; GRUPO FIRME<\/p>\n\n\n\n<p class=\"has-black-color has-text-color has-link-color wp-elements-262c7a58212dc99a8290c1a3a833968f\">CHANEL &#8211; BECKY G &amp; PESO PLUMA<\/p>\n\n\n\n<p class=\"has-black-color has-text-color has-link-color wp-elements-f38f76e654f067d81e1606a9375fe0d4\">EL PA\u00d1UELO &#8211; ROMEO SANTOS &amp; ROSAL\u00cdA<\/p>\n\n\n\n<p class=\"has-black-color has-text-color has-link-color wp-elements-eda2b556bc5b578cbf9a6b237826b85f\">LA SIGUIENTE &#8211; KANY GARC\u00cdA &amp; CHRISTIAN NODAL [5020 Records]<\/p>\n\n\n\n<p class=\"has-black-color has-text-color has-link-color wp-elements-b7eafbfc3b0f92729dfe06521bc3a641\">SEG\u00daN QUI\u00c9N &#8211; MALUMA &amp; CARIN LE\u00d3N<\/p>\n\n\n\n<p class=\"has-black-color has-text-color has-link-color wp-elements-5aa4f0953d6a7cf28d2442623d347a9f\">BIZARRAP &#8211; PESO PLUMA: BZRP MUSIC SESSIONS, VOL. 55 [Dale Play Records en colaboraci\u00f3n con The Orchard]<\/p>\n\n\n\n<p class=\"has-black-color has-text-color has-link-color wp-elements-f51bc3efc872e9bc7e572f570f30705a\"><strong>Tour del A\u00f1o<\/strong><\/p>\n\n\n\n<div style=\"height:12px\" aria-hidden=\"true\" class=\"wp-block-spacer\"><\/div>\n\n\n\n<p class=\"has-black-color has-text-color has-link-color wp-elements-c664079c984ad1f264ec97200a15912e\">F\u00d3RMULA VOL.3 TOUR &#8211; ROMEO SANTOS<\/p>\n\n\n\n<p class=\"has-black-color has-text-color has-link-color wp-elements-6f802bd54258b7ffcec1ca37c6a47f53\">SATURNO WORLD TOUR &#8211; RAUW ALEJANDRO<\/p>\n\n\n\n<p class=\"has-black-color has-text-color has-link-color wp-elements-4613e07beaba2a2f3cff4944bf7e1d63\">Artista Masculino Del A\u00f1o \u2013 Urbano<\/p>\n\n\n\n<p class=\"has-black-color has-text-color has-link-color wp-elements-ff3915a31e9c4e730b0b499934c1660d\">OZUNA<\/p>\n\n\n\n<p class=\"has-black-color has-text-color has-link-color wp-elements-2b0b36c4eceff1769e72abc8efd261be\">RAUW ALEJANDRO<\/p>\n\n\n\n<p class=\"has-black-color has-text-color has-link-color wp-elements-6a59f77ac600e0920047663f6679d847\">RYAN CASTRO [5020 Records]<\/p>\n\n\n\n<p class=\"has-black-color has-text-color has-link-color wp-elements-4dc925d372bcf2498cf9fe0253a0bf65\"><strong>Artista Femenino Del A\u00f1o \u2013 Urbano<\/strong><\/p>\n\n\n\n<div style=\"height:13px\" aria-hidden=\"true\" class=\"wp-block-spacer\"><\/div>\n\n\n\n<p class=\"has-black-color has-text-color has-link-color wp-elements-7de6e1f1c8c21eb0a16f554494de22ad\">BECKY G<\/p>\n\n\n\n<p class=\"has-black-color has-text-color has-link-color wp-elements-a5bcb19a7ee0bd8eff6aaeb2fd9ddfb2\">NATTI NATASHA<\/p>\n\n\n\n<p class=\"has-black-color has-text-color has-link-color wp-elements-34a92f582f3600d3cee4a41fa63f8b5d\">NICKI NICOLE<\/p>\n\n\n\n<p class=\"has-black-color has-text-color has-link-color wp-elements-68ca242ee4335f7e2fa4e9a94beaace2\"><strong>Canci\u00f3n Del A\u00f1o \u2013 Pop<\/strong><\/p>\n\n\n\n<div style=\"height:13px\" aria-hidden=\"true\" class=\"wp-block-spacer\"><\/div>\n\n\n\n<p class=\"has-black-color has-text-color has-link-color wp-elements-935011baef41e568cf063ac6255d3b3b\">&nbsp;BESOS MOJA2 &#8211; WISIN Y YANDEL &amp; ROSAL\u00cdA<\/p>\n\n\n\n<p class=\"has-black-color has-text-color has-link-color wp-elements-d374a2d468d3ab2c233755d75835e293\">MAS RICA QUE AYER &#8211; ANUEL AA, MAMBO KINGZ &amp; DJ LUIAN [Real Hasta La Muerte LLC en colaboraci\u00f3n con The Orchard\/Sony Music Latin]<\/p>\n\n\n\n<p class=\"has-black-color has-text-color has-link-color wp-elements-d9001220737d63c42af9adef267512c5\">PANTIES Y BRASIERES &#8211; RAUW ALEJANDRO &amp; DADDY YANKEE<\/p>\n\n\n\n<p class=\"has-black-color has-text-color has-link-color wp-elements-617cc689791a0735e0efcbcfb1e28125\">UN CIGARRILLO &#8211; CHENCHO CORLEONE<\/p>\n\n\n\n<p class=\"has-black-color has-text-color has-link-color wp-elements-9edac2d35a8fd7cb620fe49cc89c3555\">YANDEL 150 &#8211; YANDEL &amp; FEID [La Leyenda\/Y Entertainment LLC en colaboraci\u00f3n con Sony Music Latin]<\/p>\n\n\n\n<p class=\"has-black-color has-text-color has-link-color wp-elements-76e38a72f9f2d104a601f7e83576338f\"><strong>Colaboraci\u00f3n Del A\u00f1o \u2013 Urbano<\/strong><\/p>\n\n\n\n<div style=\"height:9px\" aria-hidden=\"true\" class=\"wp-block-spacer\"><\/div>\n\n\n\n<p class=\"has-black-color has-text-color has-link-color wp-elements-936f70951efd59fc6d57e68aee360021\">HEY MOR &#8211; OZUNA &amp; FEID [Aura Music en colaboraci\u00f3n con Sony Music Latin\/The Orchard]<\/p>\n\n\n\n<p class=\"has-black-color has-text-color has-link-color wp-elements-3ada6c5089f367a7f877810d1979e4d6\">LOKERA &#8211; RAUW ALEJANDRO, LYANNO &amp; BRRAY<\/p>\n\n\n\n<p class=\"has-black-color has-text-color has-link-color wp-elements-20af75be6e155b8e3d2e38c798036507\">MI EXXX &#8211; WISIN &amp; ANUEL AA<\/p>\n\n\n\n<p class=\"has-black-color has-text-color has-link-color wp-elements-3e5cac3d6629c654fb6f1733f5136a78\">NUNCA Y PICO &#8211; YANDEL, MALUMA &amp; ELADIO CARRI\u00d3N [La Leyenda\/Y Entertainment LLC en colaboraci\u00f3n con Sony Music Latin]<\/p>\n\n\n\n<p class=\"has-black-color has-text-color has-link-color wp-elements-c354506d1da95fb5f439d92944648f4c\"><strong>Album Del A\u00f1o &#8211; Urbano<\/strong><\/p>\n\n\n\n<div style=\"height:11px\" aria-hidden=\"true\" class=\"wp-block-spacer\"><\/div>\n\n\n\n<p class=\"has-black-color has-text-color has-link-color wp-elements-f165234c7576c8157381dcb53fe448df\">LLNM2 &#8211; ANUEL AA Real Hasta La Muerte LLC en colaboraci\u00f3n con The Orchard\/Sony Music Latin]<\/p>\n\n\n\n<p class=\"has-black-color has-text-color has-link-color wp-elements-89e166119fc5715dece1f8904061a8b8\">OZUTOCHI \u2013 OZUNA [Aura Music en colaboraci\u00f3n con Sony Music Latin\/The Orchard]<\/p>\n\n\n\n<p class=\"has-black-color has-text-color has-link-color wp-elements-22d7bd331a23fb6aa04c9ba0f19564e5\">PLAYA SATURNO &#8211; RAUW ALEJANDRO<\/p>\n\n\n\n<p class=\"has-black-color has-text-color has-link-color wp-elements-c6c1705e967812030dcdeee3172b71f3\">RESISTENCIA \u2013 YANDEL [La Leyenda\/Y Entertainment LLC en colaboraci\u00f3n con Sony Music Latin]<\/p>\n\n\n\n<p class=\"has-black-color has-text-color has-link-color wp-elements-018cdf16d3bef4ec29afd8ded77f499d\"><strong>Artist Pop Masculino Del A\u00f1o<\/strong><\/p>\n\n\n\n<div style=\"height:14px\" aria-hidden=\"true\" class=\"wp-block-spacer\"><\/div>\n\n\n\n<p class=\"has-black-color has-text-color has-link-color wp-elements-e193fcc351abe2fde0558c9cac97db6e\">CAMILO<\/p>\n\n\n\n<p class=\"has-black-color has-text-color has-link-color wp-elements-4c11ee987d6c7d2c62ae4e26c1dcfc4f\">CARLOS RIVERA<\/p>\n\n\n\n<p class=\"has-black-color has-text-color has-link-color wp-elements-429c684a5a7b9c9d759fccdef528dfdb\">MALUMA<\/p>\n\n\n\n<p class=\"has-black-color has-text-color has-link-color wp-elements-d82acdc00efe75c07dcc070be79a19fe\">MANUEL TURIZO<\/p>\n\n\n\n<p class=\"has-black-color has-text-color has-link-color wp-elements-78df549ae01c9f914af7279a82efdb6a\">PEDRO CAP\u00d3<\/p>\n\n\n\n<p class=\"has-black-color has-text-color has-link-color wp-elements-ee395bb58d7291762bd27b01cb7d3774\">RICKY MARTIN<\/p>\n\n\n\n<p class=\"has-black-color has-text-color has-link-color wp-elements-3e544170e846e72a62aee2022baaa526\"><strong>Artist Pop Femenina Del A\u00f1o<\/strong><\/p>\n\n\n\n<div style=\"height:15px\" aria-hidden=\"true\" class=\"wp-block-spacer\"><\/div>\n\n\n\n<p class=\"has-black-color has-text-color has-link-color wp-elements-44b12bf8b331b1f3d63320e16ca74e1b\">&nbsp;EMILIA<\/p>\n\n\n\n<p class=\"has-black-color has-text-color has-link-color wp-elements-cdc01c22cfb8ed00630a6283d1471ddc\">KANY GARC\u00cdA [5020 Records]<\/p>\n\n\n\n<p class=\"has-black-color has-text-color has-link-color wp-elements-f988592db0d714681068dea05a7dc54e\">KENIA OS [5020 Records]<\/p>\n\n\n\n<p class=\"has-black-color has-text-color has-link-color wp-elements-0de4f63f2c403539c446d8f7aaaadf05\">ROSAL\u00cdA [Columbia Records]<\/p>\n\n\n\n<p class=\"has-black-color has-text-color has-link-color wp-elements-ad6b06af47794536d1a7bf9aaca93d32\">SHAKIRA<\/p>\n\n\n\n<p class=\"has-black-color has-text-color has-link-color wp-elements-00d7318d1b7b185c8f95d82b0c9bf057\">THAL\u013aA<\/p>\n\n\n\n<p class=\"has-black-color has-text-color has-link-color wp-elements-ede11039518bffc4086295ac996bb353\">TINI [5020 Records]<\/p>\n\n\n\n<p class=\"has-black-color has-text-color has-link-color wp-elements-4184a7d4993f2ffa054815b9bcea06f2\">Grupo O D\u00fao Del A\u00f1o \u2013 Pop<\/p>\n\n\n\n<p class=\"has-black-color has-text-color has-link-color wp-elements-09476732a391eb310a7c9bc64b668138\">&nbsp;CAMILA<\/p>\n\n\n\n<p class=\"has-black-color has-text-color has-link-color wp-elements-58cef7a9afe8c937545a4385bc8d3cba\">HA*ASH<\/p>\n\n\n\n<p class=\"has-black-color has-text-color has-link-color wp-elements-a488f826802ff8b8d7555a4b38c35439\">REIK<\/p>\n\n\n\n<p class=\"has-black-color has-text-color has-link-color wp-elements-d9e6299d523a9dcf5190cea80fcae596\"><strong>Cancion Del A\u00f1o \u2013 Pop<\/strong><\/p>\n\n\n\n<div style=\"height:17px\" aria-hidden=\"true\" class=\"wp-block-spacer\"><\/div>\n\n\n\n<p class=\"has-black-color has-text-color has-link-color wp-elements-ac3ac57d6323b7d9bf37eef6074fc69d\">A MI LADO &#8211; REIK &amp; RUSHERKING<\/p>\n\n\n\n<p class=\"has-black-color has-text-color has-link-color wp-elements-c0f06f78a659eb13dec1462d318fe74e\">COCO LOCO \u2013 MALUMA<\/p>\n\n\n\n<p class=\"has-black-color has-text-color has-link-color wp-elements-0c1ff61f55a67a9627acef698159e819\">COMO T\u00da Y YO &#8211; CHAYANNE<\/p>\n\n\n\n<p class=\"has-black-color has-text-color has-link-color wp-elements-a6350a3a21a44278bed1b5c65815e713\">FUGITIVOS &#8211; CAMILA<\/p>\n\n\n\n<p class=\"has-black-color has-text-color has-link-color wp-elements-ced6e3fb06327e51d6e41500a4c59e56\">LA FALTA QUE ME HACES &#8211; NATTI NATASHA<\/p>\n\n\n\n<p class=\"has-black-color has-text-color has-link-color wp-elements-a186073e5fefacb4a079bcb5c2d8138f\">LA \u00daLTIMA CANCI\u00d3N &#8211; CNCO<\/p>\n\n\n\n<p class=\"has-black-color has-text-color has-link-color wp-elements-56606bcc1cbc8935e1ba9c312130b7e3\">MI SALIDA CONTIGO &#8211; HA*ASH &amp; KENIA OS<\/p>\n\n\n\n<p class=\"has-black-color has-text-color has-link-color wp-elements-0cab00c32f023613ef45f91b6745b8d3\">SINCER\u00c1NDOME &#8211; CARLOS RIVERA<\/p>\n\n\n\n<p class=\"has-black-color has-text-color has-link-color wp-elements-63cce4700621f58973c6424ece3d18ef\">OLVER A CASA &#8211; PEDRO CAP\u00d3<\/p>\n\n\n\n<p class=\"has-black-color has-text-color has-link-color wp-elements-42f7787bc83111a706f9028a51f30f37\"><strong>Canci\u00f3n Del A\u00f1o \u2013 Pop\/Balada<\/strong><\/p>\n\n\n\n<div style=\"height:13px\" aria-hidden=\"true\" class=\"wp-block-spacer\"><\/div>\n\n\n\n<p class=\"has-black-color has-text-color has-link-color wp-elements-13c5b3e7bb366f83b97b5428bbc5da56\">TE ACUERDAS &#8211; HA*ASH &amp; REIK<\/p>\n\n\n\n<p class=\"has-black-color has-text-color has-link-color wp-elements-c1b0d754197b5469872db5b63e2a3347\"><strong>\u00c1lbum Del A\u00f1o \u2013 Pop\/Urbano<\/strong><\/p>\n\n\n\n<div style=\"height:15px\" aria-hidden=\"true\" class=\"wp-block-spacer\"><\/div>\n\n\n\n<p class=\"has-black-color has-text-color has-link-color wp-elements-bdc5b47541dfde9caec5b9849cd93bd0\">2000 &#8211; MANUEL TURIZO<\/p>\n\n\n\n<p class=\"has-black-color has-text-color has-link-color wp-elements-216e5edf9d55c930dc9a5d53a67fe207\">CUPIDO \u2013 TINI [5020 Records]<\/p>\n\n\n\n<p class=\"has-black-color has-text-color has-link-color wp-elements-8bd0085b0c4328bb721c7c383eb8d89e\">DON JUAN &#8211; MALUMA<\/p>\n\n\n\n<p class=\"has-black-color has-text-color has-link-color wp-elements-b9652e9483346ce522fc6490c51297e2\">HAASHTAG &#8211; HA*ASH<\/p>\n\n\n\n<p class=\"has-black-color has-text-color has-link-color wp-elements-f3aef293bd2908f72fcf08bb5a1f1899\">LA NETA &#8211; PEDRO CAP\u00d3<\/p>\n\n\n\n<p class=\"has-black-color has-text-color has-link-color wp-elements-0cab00c32f023613ef45f91b6745b8d3\">SINCER\u00c1NDOME &#8211; CARLOS RIVERA<\/p>\n\n\n\n<p class=\"has-black-color has-text-color has-link-color wp-elements-b2daffac8928d743615ab60876b7dd61\">THALIA&#8217;S MIXTAPE \u2013 THAL\u013aA<\/p>\n\n\n\n<p><strong>Colaboraci\u00f3n Del A\u00f1o \u2013 Pop\/Urbano<\/strong><\/p>\n\n\n\n<div style=\"height:14px\" aria-hidden=\"true\" class=\"wp-block-spacer\"><\/div>\n\n\n\n<p class=\"has-black-color has-text-color has-link-color wp-elements-8fe51b60df00d44a5efd7e1c2c388a1b\">BESO &#8211; ROSAL\u00cdA &amp; RAUW ALEJANDRO [Columbia Records\/Sony Music Latin]<\/p>\n\n\n\n<p class=\"has-black-color has-text-color has-link-color wp-elements-2fd062054e431cb478b3e95081446773\">ESTA VIDA &#8211; MARSHMELLO &amp; FARRUKO<\/p>\n\n\n\n<p class=\"has-black-color has-text-color has-link-color wp-elements-cf8811621a0341eca456c561cc45d0e8\">LA LOTO &#8211; TINI, BECKY G &amp; ANITTA<\/p>\n\n\n\n<p class=\"has-black-color has-text-color has-link-color wp-elements-972df39e0cbe83364244a3de6b3ca7e5\">S\u00c9 QUE EST\u00c1S CON \u00c9L &#8211; SILVESTRE DANGOND, REIK &amp; BOZA<\/p>\n\n\n\n<p class=\"has-black-color has-text-color has-link-color wp-elements-893755ad9a8a82efe57d7bfeee373674\">SHAKIRA: BZRP MUSIC SESSIONS, VOL. 53 &#8211; BIZARRAP &amp; SHAKIRA [Dale Play Records en colaboraci\u00f3n con Sony Music Latin\/The Orchard]<\/p>\n\n\n\n<p class=\"has-black-color has-text-color has-link-color wp-elements-314d221ce86bcd41aa9d02a721d52153\">TU RECUERDO &#8211; WISIN, EMILIA, &amp; LYANNO<\/p>\n\n\n\n<p class=\"has-black-color has-text-color has-link-color wp-elements-b17e2bbd0d0b3f2f5cdb4e285782bd90\"><strong>Canci\u00f3n Del A\u00f1o \u2013 Pop\/Urbano<\/strong><\/p>\n\n\n\n<div style=\"height:13px\" aria-hidden=\"true\" class=\"wp-block-spacer\"><\/div>\n\n\n\n<p class=\"has-black-color has-text-color has-link-color wp-elements-48beba618369fba95ac43a3ed7fc7888\">ESTRELLAS &#8211; REIK &amp; SECH<\/p>\n\n\n\n<p class=\"has-black-color has-text-color has-link-color wp-elements-290076ebe2d2d3a78dbe07fb101d9c5e\">\u00c9XTASIS &#8211; MANUEL TURIZO &amp; MARIA BECERRA<\/p>\n\n\n\n<p class=\"has-black-color has-text-color has-link-color wp-elements-23c71dd9b76a879000002722a5c641a8\">JUNIO &#8211; MALUMA<\/p>\n\n\n\n<p class=\"has-black-color has-text-color has-link-color wp-elements-0fa211f43077b62ecd3d5e110d0191b4\">NO_SE_VE.MP3 &#8211; EMILIA, LUDMILLA &amp; ZECCA<\/p>\n\n\n\n<p class=\"has-black-color has-text-color has-link-color wp-elements-abbed75a3ab1ef75547489729d9f47eb\">PASA_JE_RO &#8211; FARRUKO<\/p>\n\n\n\n<p class=\"has-black-color has-text-color has-link-color wp-elements-b65a2e487d7dce1414053af90f3ceedc\">TO&#8217; ESTO ES TUYO &#8211; NATTI NATASHA<\/p>\n\n\n\n<p class=\"has-black-color has-text-color has-link-color wp-elements-9f028b51540153a4264ba12875858b22\">TUCU &#8211; OZUNA &amp; AMARION [Aura Music en colaboraci\u00f3n con Sony Music Latin\/The Orchard]<\/p>\n\n\n\n<p class=\"has-black-color has-text-color has-link-color wp-elements-ad7c3b4bf86bf9a75abc47beaf165212\"><strong>Canci\u00f3n Del A\u00f1o \u2013 Pop-Urbano Dance<\/strong><\/p>\n\n\n\n<div style=\"height:12px\" aria-hidden=\"true\" class=\"wp-block-spacer\"><\/div>\n\n\n\n<p class=\"has-black-color has-text-color has-link-color wp-elements-417b6fb40d08c85e4e24dcf7b0644a66\">CELULAR &#8211; NICKY JAM, MALUMA &amp; THE CHAINSMOKERS<\/p>\n\n\n\n<p class=\"has-black-color has-text-color has-link-color wp-elements-2fd062054e431cb478b3e95081446773\">ESTA VIDA &#8211; MARSHMELLO &amp; FARRUKO<\/p>\n\n\n\n<p class=\"has-black-color has-text-color has-link-color wp-elements-330441b66f09b3bd25f1608d5201a9ec\">T\u00c1 OK REMIX &#8211; DENNIS, MC KEVIN O CHRIS, MALUMA &amp; KAROL G<\/p>\n\n\n\n<p class=\"has-black-color has-text-color has-link-color wp-elements-7bc7044209c9145d94a6653efab2f6fd\"><strong>Artista Del A\u00f1o \u2013 Tropical<\/strong><\/p>\n\n\n\n<div style=\"height:16px\" aria-hidden=\"true\" class=\"wp-block-spacer\"><\/div>\n\n\n\n<p class=\"has-black-color has-text-color has-link-color wp-elements-fc9ea53475fae57b0142f8a20ac879b6\">&nbsp;AYM\u00c9E NUVIOLA [Top Stop Music]<\/p>\n\n\n\n<p class=\"has-black-color has-text-color has-link-color wp-elements-fecb4139955823532d281ebb835ee290\">CARLOS VIVES<\/p>\n\n\n\n<p class=\"has-black-color has-text-color has-link-color wp-elements-3b04534ad43a1a30078f5a003102bf6f\">LUIS FIGUEROA<\/p>\n\n\n\n<p class=\"has-black-color has-text-color has-link-color wp-elements-bd9467cb7295da7137912d47151ba8ec\">MARC ANTHONY<\/p>\n\n\n\n<p class=\"has-black-color has-text-color has-link-color wp-elements-0ad0b3f097e13ed51befadfce4fc8e1d\">PRINCE ROYCE<\/p>\n\n\n\n<p class=\"has-black-color has-text-color has-link-color wp-elements-cc19fd3f18bfd106ebf43a1db94d01fd\">ROMEO SANTOS<\/p>\n\n\n\n<p class=\"has-black-color has-text-color has-link-color wp-elements-e75d091fe3d42cf85b05e2f0d44e56a6\">SILVESTRE DANGOND<\/p>\n\n\n\n<p class=\"has-black-color has-text-color has-link-color wp-elements-eb84eb26cef4a247d59b50d1af261640\">V\u00cdCTOR MANUELLE<\/p>\n\n\n\n<p class=\"has-black-color has-text-color has-link-color wp-elements-45642f963845826814fe7e14877bc916\"><strong>Canci\u00f3n Del A\u00f1o &#8211; Tropical<\/strong><\/p>\n\n\n\n<div style=\"height:13px\" aria-hidden=\"true\" class=\"wp-block-spacer\"><\/div>\n\n\n\n<p class=\"has-black-color has-text-color has-link-color wp-elements-955543669a4c2893b6d1721573fd8ead\">&nbsp;BAILANDO BACHATA &#8211; CHAYANNE<\/p>\n\n\n\n<p class=\"has-black-color has-text-color has-link-color wp-elements-6e82b2003aa42b0ce4b7cd127cc5d9fe\">DECID\u00cd TENER PANTALONES &#8211; V\u00cdCTOR MANUELLE<\/p>\n\n\n\n<p class=\"has-black-color has-text-color has-link-color wp-elements-413c82df11ee7ac80c5943db1ac8bc97\">ME ENRD &#8211; PRINCE ROYCE<\/p>\n\n\n\n<p class=\"has-black-color has-text-color has-link-color wp-elements-aa7f17433d1c74e4122a5c499a1b0a0f\">SOLO CONMIGO &#8211; ROMEO SANTOS<\/p>\n\n\n\n<p class=\"has-black-color has-text-color has-link-color wp-elements-169743669ab2ec7670bdc863950a0cf9\">VIENES &#8211; LUIS FIGUEROA<\/p>\n\n\n\n<p class=\"has-black-color has-text-color has-link-color wp-elements-2c6cb507aeb877faeb7d02bd598c4b69\">YO LE MENT\u00cd &#8211; MARC ANTHONY<\/p>\n\n\n\n<p class=\"has-black-color has-text-color has-link-color wp-elements-6810ebf68af6298de419e771afba69a7\"><strong>Colaboraci\u00f3n Del A\u00f1o \u2013 Tropical<\/strong><\/p>\n\n\n\n<div style=\"height:15px\" aria-hidden=\"true\" class=\"wp-block-spacer\"><\/div>\n\n\n\n<p class=\"has-black-color has-text-color has-link-color wp-elements-105917259367dfbc703ad63d5fa572ff\">&nbsp;AMBULANCIA &#8211; CAMILO &amp; CAMILA CABELLO<\/p>\n\n\n\n<p class=\"has-black-color has-text-color has-link-color wp-elements-3ace7454f5240913cbce43d7acb90d99\">EL MERENGUE &#8211; MARSHMELLO &amp; MANUEL TURIZO<\/p>\n\n\n\n<p class=\"has-black-color has-text-color has-link-color wp-elements-f38f76e654f067d81e1606a9375fe0d4\">EL PA\u00d1UELO &#8211; ROMEO SANTOS &amp; ROSAL\u00cdA<\/p>\n\n\n\n<p class=\"has-black-color has-text-color has-link-color wp-elements-f68d82e3099d54b2a85b542bea89f5f3\">LA F\u00d3RMULA &#8211; MALUMA &amp; MARC ANTHONY<\/p>\n\n\n\n<p class=\"has-black-color has-text-color has-link-color wp-elements-a87de945bb4a0a757355f64f931f2ccd\">LAS MUJERES &#8211; CARLOS VIVES &amp; JUANES<\/p>\n\n\n\n<p class=\"has-black-color has-text-color has-link-color wp-elements-a0a383a6a3df9e82cccbc38a78c64a0b\">SI T\u00da ME QUIERES &#8211; FONSECA &amp; JUAN LUIS GUERRA<\/p>\n\n\n\n<p class=\"has-black-color has-text-color has-link-color wp-elements-ac22c76abb0c20480b749429f72bc554\"><strong>\u00c1lbum Del A\u00f1o &#8211; Tropical<\/strong><\/p>\n\n\n\n<div style=\"height:10px\" aria-hidden=\"true\" class=\"wp-block-spacer\"><\/div>\n\n\n\n<p class=\"has-black-color has-text-color has-link-color wp-elements-7b9d448db056606785e6ac1fa9f97908\">&nbsp;ESCALONA NUNCA SE HAB\u00cdA GRABADO AS\u00cd &#8211; CARLOS VIVES [WK Records\/Gaira M\u00fasica Local en colaboraci\u00f3n con The Orchard]<\/p>\n\n\n\n<p class=\"has-black-color has-text-color has-link-color wp-elements-5275efca68193d9da83e82de34579e0b\">F\u00d3RMULA, VOL. 3 &#8211; ROMEO SANTOS<\/p>\n\n\n\n<p class=\"has-black-color has-text-color has-link-color wp-elements-8eb64f41af37e340a57fa67cfb121867\">INTRUSO &#8211; SILVESTRE DANGOND<\/p>\n\n\n\n<p class=\"has-black-color has-text-color has-link-color wp-elements-c0d5ea47bc8ec492d6b8eab6fa1a53e8\"><strong>Artista Masculino Del A\u00f1o &#8211; Musica Mexicana<\/strong><\/p>\n\n\n\n<div style=\"height:11px\" aria-hidden=\"true\" class=\"wp-block-spacer\"><\/div>\n\n\n\n<p class=\"has-black-color has-text-color has-link-color wp-elements-d1b4f3bc14932cb1eb49757fdd14e2b2\">&nbsp;CHRISTIAN NODAL<\/p>\n\n\n\n<p class=\"has-black-color has-text-color has-link-color wp-elements-65349baef584655c15b8d556daa2fd66\">EDEN MU\u00d1OZ<\/p>\n\n\n\n<p class=\"has-black-color has-text-color has-link-color wp-elements-d189e92c3c03727a3658d32c43578a7d\"><strong>Artista Femenina Del A\u00f1o &#8211; Musica Mexicana<\/strong><\/p>\n\n\n\n<div style=\"height:13px\" aria-hidden=\"true\" class=\"wp-block-spacer\"><\/div>\n\n\n\n<p class=\"has-black-color has-text-color has-link-color wp-elements-cac3259c5cdba382d7d14cfd5c6b486c\">&nbsp;YURIDIA<\/p>\n\n\n\n<p class=\"has-black-color has-text-color has-link-color wp-elements-2223fb4b1a79daa5731b1a4c09db2833\"><strong>Canci\u00f3n Del A\u00f1o \u2013 M\u00fasica Mexicana<\/strong><\/p>\n\n\n\n<div style=\"height:13px\" aria-hidden=\"true\" class=\"wp-block-spacer\"><\/div>\n\n\n\n<p class=\"has-black-color has-text-color has-link-color wp-elements-9eba3380b5553e3723bce31d81dc0c4b\">&nbsp;ALASKA &#8211; CAMILO &amp; GRUPO FIRME<\/p>\n\n\n\n<p class=\"has-black-color has-text-color has-link-color wp-elements-2c21f913ead6a185c6b48bfba0556c72\">UN CUMBI\u00d3N DOLIDO &#8211; CHRISTIAN NODAL<\/p>\n\n\n\n<p class=\"has-black-color has-text-color has-link-color wp-elements-7034acd930f56909c325f55b15fffe98\">\u00bfY QU\u00c9 TAL SI FUNCIONA? &#8211; YURIDIA &amp; BANDA MS DE SERGIO LIZ\u00c1RRAGA<\/p>\n\n\n\n<p class=\"has-black-color has-text-color has-link-color wp-elements-854a3e5232f4b6552992743f98da9702\"><strong>Colaboraci\u00f3n Del A\u00f1o &#8211; Musica Mexicana<\/strong><\/p>\n\n\n\n<div style=\"height:12px\" aria-hidden=\"true\" class=\"wp-block-spacer\"><\/div>\n\n\n\n<p class=\"has-black-color has-text-color has-link-color wp-elements-9eba3380b5553e3723bce31d81dc0c4b\">&nbsp;ALASKA &#8211; CAMILO &amp; GRUPO FIRME<\/p>\n\n\n\n<p class=\"has-black-color has-text-color has-link-color wp-elements-25635a380ed3a86d591bf3a03306d1b7\">BEBE DAME &#8211; FUERZA REGIDA &amp; GRUPO FRONTERA<\/p>\n\n\n\n<p class=\"has-black-color has-text-color has-link-color wp-elements-dbe23200685a883e770e50f7ee3bebeb\">QU\u00c9 AGON\u00cdA &#8211; YURIDIA &amp; \u00c1NGELA AGUILAR<\/p>\n\n\n\n<p class=\"has-black-color has-text-color has-link-color wp-elements-b7eafbfc3b0f92729dfe06521bc3a641\">SEG\u00daN QUI\u00c9N &#8211; MALUMA &amp; CARIN LE\u00d3N<\/p>\n\n\n\n<p class=\"has-black-color has-text-color has-link-color wp-elements-f3ae234739fc022582a32ba4b3675dc9\">LA PATRONA &#8211; EDWIN LUNA Y LA TRAKALOSA DE MONTERREY &amp; LEANDRO R\u00cdOS [Midas Musical en colaboraci\u00f3n con The Orchard]<\/p>\n\n\n\n<p class=\"has-black-color has-text-color has-link-color wp-elements-9971fba2d7cd12d497b4dce08e653e88\"><strong>Grupo O D\u00fao Del A\u00f1o &#8211; Musica Mexicana<\/strong><\/p>\n\n\n\n<div style=\"height:10px\" aria-hidden=\"true\" class=\"wp-block-spacer\"><\/div>\n\n\n\n<p class=\"has-black-color has-text-color has-link-color wp-elements-11fa21666507e79dd26755f8bf2d221f\">FUERZA REGIDA<\/p>\n\n\n\n<p class=\"has-black-color has-text-color has-link-color wp-elements-431948782c0a2933d52816318fa7b7da\"><strong>Canci\u00f3n Banda Del A\u00f1o &#8211; Musica Mexicana<\/strong><\/p>\n\n\n\n<div style=\"height:12px\" aria-hidden=\"true\" class=\"wp-block-spacer\"><\/div>\n\n\n\n<p class=\"has-black-color has-text-color has-link-color wp-elements-7034acd930f56909c325f55b15fffe98\">\u00bfY QU\u00c9 TAL SI FUNCIONA? &#8211; YURIDIA &amp; BANDA MS DE SERGIO LIZ\u00c1RRAGA<\/p>\n\n\n\n<p class=\"has-black-color has-text-color has-link-color wp-elements-f3ae234739fc022582a32ba4b3675dc9\">LA PATRONA &#8211; EDWIN LUNA Y LA TRAKALOSA DE MONTERREY &amp; LEANDRO R\u00cdOS [Midas Musical en colaboraci\u00f3n con The Orchard]<\/p>\n\n\n\n<p class=\"has-black-color has-text-color has-link-color wp-elements-c07ce6f62f046595d14ded5e14a5ba5f\"><strong>Canci\u00f3n Mariachi\/Ranchera Del A\u00f1o &#8211; Regional Mexicano<\/strong><\/p>\n\n\n\n<div style=\"height:14px\" aria-hidden=\"true\" class=\"wp-block-spacer\"><\/div>\n\n\n\n<p class=\"has-black-color has-text-color has-link-color wp-elements-dbe23200685a883e770e50f7ee3bebeb\">QU\u00c9 AGON\u00cdA &#8211; YURIDIA &amp; \u00c1NGELA AGUILAR<\/p>\n\n\n\n<p class=\"has-black-color has-text-color has-link-color wp-elements-2c21f913ead6a185c6b48bfba0556c72\">UN CUMBI\u00d3N DOLIDO &#8211; CHRISTIAN NODAL<\/p>\n\n\n\n<p class=\"has-black-color has-text-color has-link-color wp-elements-8b0e0c10cd9ffd860eed21698c96e9cb\"><strong>Fusion M\u00fasica Mexicana Del A\u00f1o<\/strong><\/p>\n\n\n\n<div style=\"height:13px\" aria-hidden=\"true\" class=\"wp-block-spacer\"><\/div>\n\n\n\n<p class=\"has-black-color has-text-color has-link-color wp-elements-9f371a4e842ce76d426acd19b639b31c\">CAMBIO DE CANCI\u00d3N &#8211; CONEXI\u00d3N DIVINA<\/p>\n\n\n\n<p class=\"has-black-color has-text-color has-link-color wp-elements-468f0b1c017de7d7300e077520cbd3b3\">FR\u00c1GIL &#8211; YAHRITZA Y SU ESENCIA &amp; GRUPO FRONTERA<\/p>\n\n\n\n<p class=\"has-black-color has-text-color has-link-color wp-elements-c8798def5ae6385352584db9e47b6475\"><strong>\u00c1lbum Del A\u00f1o &#8211; Regional Mexicano<\/strong><\/p>\n\n\n\n<div style=\"height:13px\" aria-hidden=\"true\" class=\"wp-block-spacer\"><\/div>\n\n\n\n<p class=\"has-black-color has-text-color has-link-color wp-elements-482def5591294f0a833633b645db4e41\">FORAJIDO EP2 &#8211; CHRISTIAN NODAL<\/p>\n\n\n\n<p class=\"has-black-color has-text-color has-link-color wp-elements-c347d9d671911f2fb7102fdfe0a324ed\">PA QUE HABLEN &#8211; FUERZA REGIDA<\/p>\n\n\n\n<p class=\"has-black-color has-text-color has-link-color wp-elements-67e4b1a8d3ba185ab3314fa9d0f71226\">PA&#8217; LUEGO ES TARDE \u2013 YURIDIA<\/p>\n\n\n\n<p class=\"has-black-color has-text-color has-link-color wp-elements-9e3179bee791c224d077e62fa1dcf301\"><strong>Nominaciones Adicionales<\/strong><\/p>\n\n\n\n<div style=\"height:17px\" aria-hidden=\"true\" class=\"wp-block-spacer\"><\/div>\n\n\n\n<p class=\"has-black-color has-text-color has-link-color wp-elements-0467ada83bbc2e0333149d7393bbee23\"><strong>Remix Del A\u00f1o<\/strong><\/p>\n\n\n\n<div style=\"height:17px\" aria-hidden=\"true\" class=\"wp-block-spacer\"><\/div>\n\n\n\n<p class=\"has-black-color has-text-color has-link-color wp-elements-065b85e3f1faa2af373753663fc6dd85\">CHENCHO CORLEONE &amp; ANUEL AA &#8211; PODEMOS REPETIRLO REMIX [con DON OMAR]<\/p>\n\n\n\n<p class=\"has-black-color has-text-color has-link-color wp-elements-f0d2516d024da7d148975c23630990cf\">RYAN CASTRO &#8211; UNA NOCHE EN MEDELL\u00cdN REMIX [con KAROL G &amp; CRIS MJ]<\/p>\n\n\n\n<p class=\"has-black-color has-text-color has-link-color wp-elements-94b0975a3a505e0fc26df2a474bf6b18\"><strong>La Mezcla Perfecta Del A\u00f1o<\/strong><\/p>\n\n\n\n<div style=\"height:17px\" aria-hidden=\"true\" class=\"wp-block-spacer\"><\/div>\n\n\n\n<p class=\"has-black-color has-text-color has-link-color wp-elements-00d9ab63c2dbee8ed4f6094c0b5afb59\">EDEN MU\u00d1OZ &#8211; AMOR CLANDESTINO [con MAN\u00c1]<\/p>\n\n\n\n<p class=\"has-black-color has-text-color has-link-color wp-elements-88a0e52857730a08eb4c3fd40d38d876\">NICKY JAM &#8211; COMO EL VIENTO [con LUIS R CONRIQUEZ]<\/p>\n\n\n\n<p class=\"has-black-color has-text-color has-link-color wp-elements-76e38a72f9f2d104a601f7e83576338f\"><strong>Colaboraci\u00f3n Del A\u00f1o \u2013 Urbano<\/strong><\/p>\n\n\n\n<div style=\"height:16px\" aria-hidden=\"true\" class=\"wp-block-spacer\"><\/div>\n\n\n\n<p class=\"has-black-color has-text-color has-link-color wp-elements-f5b663e7d17c73eb8ab366effe26809b\">CHENCHO CORLEONE &#8211; PODEMOS REPETIRLO \u2013 [con DON OMAR]<\/p>\n\n\n\n<p class=\"has-black-color has-text-color has-link-color wp-elements-e0a69f07b8221e1f00c2a5655d73c9d8\"><strong>\u00a0Colaboraci\u00f3n Del A\u00f1o \u2013 Pop\/Urbano<\/strong><\/p>\n\n\n\n<div style=\"height:10px\" aria-hidden=\"true\" class=\"wp-block-spacer\"><\/div>\n\n\n\n<p class=\"has-black-color has-text-color has-link-color wp-elements-c64eec739db58fcd1056799b82046295\">MANUEL TURIZO &#8211; LOS CACHOS [con PISO 21]<\/p>\n\n\n\n<p class=\"has-black-color has-text-color has-link-color wp-elements-2bab895a9327cb14b698311e81fb889c\">MANUEL TURIZO &amp; BE\u00c9LE &#8211; VAGABUNDO [con SEBASTI\u00c1N YATRA]<\/p>\n\n\n\n<p class=\"has-black-color has-text-color has-link-color wp-elements-b17e2bbd0d0b3f2f5cdb4e285782bd90\"><strong>Canci\u00f3n Del A\u00f1o \u2013 Pop\/Urbano<\/strong><\/p>\n\n\n\n<div style=\"height:10px\" aria-hidden=\"true\" class=\"wp-block-spacer\"><\/div>\n\n\n\n<p class=\"has-black-color has-text-color has-link-color wp-elements-e925d2c78cc611c264a2cf2a1b4e7921\">SHAKIRA &#8211; TQG [con KAROL G]<\/p>\n\n\n\n<p class=\"has-black-color has-text-color has-link-color wp-elements-42f7787bc83111a706f9028a51f30f37\"><strong>Canci\u00f3n Del A\u00f1o \u2013 Pop\/Balada<\/strong><\/p>\n\n\n\n<div style=\"height:14px\" aria-hidden=\"true\" class=\"wp-block-spacer\"><\/div>\n\n\n\n<p class=\"has-black-color has-text-color has-link-color wp-elements-55d267cea92c453a082447d324e44067\">CARLOS RIVERA &#8211; YO NO FUMO [con RICARDO MONTANER]<\/p>\n\n\n\n<p class=\"has-black-color has-text-color has-link-color wp-elements-854a3e5232f4b6552992743f98da9702\"><strong>Colaboraci\u00f3n Del A\u00f1o &#8211; Musica Mexicana<\/strong><\/p>\n\n\n\n<div style=\"height:11px\" aria-hidden=\"true\" class=\"wp-block-spacer\"><\/div>\n\n\n\n<p class=\"has-black-color has-text-color has-link-color wp-elements-40b385353eeb14237a9b1a823dfcd1f1\">FUERZA REGIDA &#8211; SE ACAB\u00d3 (EN VIVO) \u2013 [con LENIN RAM\u00cdREZ &amp; BANDA RENOVACI\u00d3N]<\/p>\n\n\n\n<p class=\"has-black-color has-text-color has-link-color wp-elements-2225b99f946b15b6c528f6deb4875261\">YAHRITZA Y SU ESENCIA &#8211; SOLO QUE LO DUDES [con BANDA MS DE SERGIO LIZ\u00c1RRAGA]<\/p>\n\n\n\n<p class=\"has-black-color has-text-color has-link-color wp-elements-431948782c0a2933d52816318fa7b7da\"><strong>Canci\u00f3n Banda Del A\u00f1o &#8211; Musica Mexicana<\/strong><\/p>\n\n\n\n<div style=\"height:12px\" aria-hidden=\"true\" class=\"wp-block-spacer\"><\/div>\n\n\n\n<p class=\"has-black-color has-text-color has-link-color wp-elements-40b385353eeb14237a9b1a823dfcd1f1\">FUERZA REGIDA &#8211; SE ACAB\u00d3 (EN VIVO) \u2013 [con LENIN RAM\u00cdREZ &amp; BANDA RENOVACI\u00d3N]<\/p>\n\n\n\n<p class=\"has-black-color has-text-color has-link-color wp-elements-c07ce6f62f046595d14ded5e14a5ba5f\"><strong>Canci\u00f3n Mariachi\/Ranchera Del A\u00f1o &#8211; Regional Mexicano<\/strong><\/p>\n\n\n\n<div style=\"height:16px\" aria-hidden=\"true\" class=\"wp-block-spacer\"><\/div>\n\n\n\n<p class=\"has-black-color has-text-color has-link-color wp-elements-23b068cc7ab78b5cf54765ef0a032777\">VICENTE FERN\u00c1NDEZ &#8211; LA JUGADA [con ANA B\u00c1RBARA]<\/p>\n","protected":false},"excerpt":{"rendered":"","protected":false},"author":5,"featured_media":4696,"comment_status":"open","ping_status":"open","sticky":false,"template":"","format":"standard","meta":{"om_disable_all_campaigns":false,"_uf_show_specific_survey":0,"_uf_disable_surveys":false,"footnotes":""},"categories":[1],"tags":[],"class_list":["post-4695","post","type-post","status-publish","format-standard","has-post-thumbnail","hentry","category-uncategorized"],"_links":{"self":[{"href":"https:\/\/entrenotasyacordes.com\/index.php?rest_route=\/wp\/v2\/posts\/4695","targetHints":{"allow":["GET"]}}],"collection":[{"href":"https:\/\/entrenotasyacordes.com\/index.php?rest_route=\/wp\/v2\/posts"}],"about":[{"href":"https:\/\/entrenotasyacordes.com\/index.php?rest_route=\/wp\/v2\/types\/post"}],"author":[{"embeddable":true,"href":"https:\/\/entrenotasyacordes.com\/index.php?rest_route=\/wp\/v2\/users\/5"}],"replies":[{"embeddable":true,"href":"https:\/\/entrenotasyacordes.com\/index.php?rest_route=%2Fwp%2Fv2%2Fcomments&post=4695"}],"version-history":[{"count":2,"href":"https:\/\/entrenotasyacordes.com\/index.php?rest_route=\/wp\/v2\/posts\/4695\/revisions"}],"predecessor-version":[{"id":4698,"href":"https:\/\/entrenotasyacordes.com\/index.php?rest_route=\/wp\/v2\/posts\/4695\/revisions\/4698"}],"wp:featuredmedia":[{"embeddable":true,"href":"https:\/\/entrenotasyacordes.com\/index.php?rest_route=\/wp\/v2\/media\/4696"}],"wp:attachment":[{"href":"https:\/\/entrenotasyacordes.com\/index.php?rest_route=%2Fwp%2Fv2%2Fmedia&parent=4695"}],"wp:term":[{"taxonomy":"category","embeddable":true,"href":"https:\/\/entrenotasyacordes.com\/index.php?rest_route=%2Fwp%2Fv2%2Fcategories&post=4695"},{"taxonomy":"post_tag","embeddable":true,"href":"https:\/\/entrenotasyacordes.com\/index.php?rest_route=%2Fwp%2Fv2%2Ftags&post=4695"}],"curies":[{"name":"wp","href":"https:\/\/api.w.org\/{rel}","templated":true}]}}