{"id":4710,"date":"2024-01-25T16:21:44","date_gmt":"2024-01-25T16:21:44","guid":{"rendered":"https:\/\/entrenotasyacordes.com\/?p=4710"},"modified":"2024-01-25T16:21:45","modified_gmt":"2024-01-25T16:21:45","slug":"luego-su-exitoso-2023-babasonicos-regresa-al-estadio-atenas","status":"publish","type":"post","link":"https:\/\/entrenotasyacordes.com\/?p=4710","title":{"rendered":"LUEGO SU EXITOSO 2023, BABASONICOS, REGRESA AL ESTADIO ATENAS"},"content":{"rendered":"\n<!--more-->\n\n\n\n<p class=\"has-black-color has-text-color has-link-color wp-elements-e24e02374cc56667fd3532540bdf1d76\"><strong>VIERNES 12 DE ABRIL . 21HS<\/strong><br><strong>ESTADIO ATENAS &#8211; LA PLATA<\/strong><br><strong>ENTRADAS A LA VENTA POR SISTEMA\u00a0<a href=\"https:\/\/livepass.com.ar\/events\/babasonicos-en-estadio-atenas-12-04\" target=\"_blank\" rel=\"noreferrer noopener\">LIVEPASS<\/a><\/strong><br><strong>Y BOLETERIA DEL TEATRO \u00d3PERA LA PLATA<\/strong><\/p>\n\n\n\n<div style=\"height:17px\" aria-hidden=\"true\" class=\"wp-block-spacer\"><\/div>\n\n\n\n<p class=\"has-black-color has-text-color has-link-color wp-elements-cb1005d6f06178c2941e235394f96e8a\">CON BANCO PROVINCIA TENES 4 CUOTAS SIN INTER\u00c9S<br>\u00a0Y 30% DE AHORRO<br>Desde el 2 de enero al 29 de febrero de 2024<br>(*) Con tope de reintegro de $3.000 por transacci\u00f3n<br>Con tarjetas Visa y Mastercard<\/p>\n\n\n\n<div style=\"height:17px\" aria-hidden=\"true\" class=\"wp-block-spacer\"><\/div>\n\n\n\n<figure class=\"wp-block-image size-large\"><img loading=\"lazy\" decoding=\"async\" width=\"1024\" height=\"678\" src=\"https:\/\/entrenotasyacordes.com\/wp-content\/uploads\/2024\/01\/abb53fca-7327-66ce-1454-8bd7151f777c-1024x678.jpg\" alt=\"\" class=\"wp-image-4711\" srcset=\"https:\/\/entrenotasyacordes.com\/wp-content\/uploads\/2024\/01\/abb53fca-7327-66ce-1454-8bd7151f777c-1024x678.jpg 1024w, https:\/\/entrenotasyacordes.com\/wp-content\/uploads\/2024\/01\/abb53fca-7327-66ce-1454-8bd7151f777c-300x200.jpg 300w, https:\/\/entrenotasyacordes.com\/wp-content\/uploads\/2024\/01\/abb53fca-7327-66ce-1454-8bd7151f777c-768x509.jpg 768w, https:\/\/entrenotasyacordes.com\/wp-content\/uploads\/2024\/01\/abb53fca-7327-66ce-1454-8bd7151f777c-1536x1017.jpg 1536w, https:\/\/entrenotasyacordes.com\/wp-content\/uploads\/2024\/01\/abb53fca-7327-66ce-1454-8bd7151f777c-2048x1356.jpg 2048w\" sizes=\"auto, (max-width: 1024px) 100vw, 1024px\" \/><\/figure>\n\n\n\n<div style=\"height:17px\" aria-hidden=\"true\" class=\"wp-block-spacer\"><\/div>\n\n\n\n<p class=\"has-black-color has-text-color has-link-color wp-elements-931fd57bbd167b1e2dad2f52965040ec\">Luego de un exitoso 2023 en donde convocaron 55.000 personas en el campo de polo y realizaron giras por Europa, USA y toda Latinoam\u00e9rica,<strong>\u00a0Babasonicos\u00a0<\/strong>regresa a la ciudad de La Plata para presentarse el viernes 12 de abril &#8211; 21hs &#8211;\u00a0 en el\u00a0<strong>Estadio Atenas<\/strong>, Las\u00a0<strong>entradas<\/strong>\u00a0anticipadas ya se encuentran\u00a0<strong>a la venta por sistema\u00a0<a href=\"https:\/\/livepass.com.ar\/events\/babasonicos-en-estadio-atenas-12-04\" target=\"_blank\" rel=\"noreferrer noopener\">Livepass<\/a>\u00a0\u00a0y boleter\u00eda del Teatro \u00d3pera.<\/strong><\/p>\n\n\n\n<div style=\"height:26px\" aria-hidden=\"true\" class=\"wp-block-spacer\"><\/div>\n\n\n\n<p class=\"has-black-color has-text-color has-link-color wp-elements-00828bf9ad73d5c42d3795642cb51634\">Su nueva canci\u00f3n Tajada y los temas que siempre disfrutamos de su amplio repertorio seguir\u00e1n siendo la excusa perfecta para esta nueva convocatoria tan solicitada por los fans.<\/p>\n\n\n\n<div style=\"height:26px\" aria-hidden=\"true\" class=\"wp-block-spacer\"><\/div>\n\n\n\n<p class=\"has-black-color has-text-color has-link-color wp-elements-99323eba71319dcf094c50421b21d509\">Como siempre, en todos los tiempos, Babasonicos es un fiel reflejo de la b\u00fasqueda de novedad; los riesgos musicales est\u00e1n presentes en cada uno de sus lanzamientos y prevalece la irrenunciable b\u00fasqueda de la canci\u00f3n perfecta.<\/p>\n\n\n\n<div style=\"height:26px\" aria-hidden=\"true\" class=\"wp-block-spacer\"><\/div>\n\n\n\n<p class=\"has-black-color has-text-color has-link-color wp-elements-328337405e7e1da1333d0460a27c37d3\">SER\u00c1 UNA CITA INFALTABLE!!!<\/p>\n\n\n\n<div style=\"height:26px\" aria-hidden=\"true\" class=\"wp-block-spacer\"><\/div>\n","protected":false},"excerpt":{"rendered":"","protected":false},"author":5,"featured_media":4712,"comment_status":"open","ping_status":"open","sticky":false,"template":"","format":"standard","meta":{"om_disable_all_campaigns":false,"_uf_show_specific_survey":0,"_uf_disable_surveys":false,"footnotes":""},"categories":[36],"tags":[],"class_list":["post-4710","post","type-post","status-publish","format-standard","has-post-thumbnail","hentry","category-conciertos"],"_links":{"self":[{"href":"https:\/\/entrenotasyacordes.com\/index.php?rest_route=\/wp\/v2\/posts\/4710","targetHints":{"allow":["GET"]}}],"collection":[{"href":"https:\/\/entrenotasyacordes.com\/index.php?rest_route=\/wp\/v2\/posts"}],"about":[{"href":"https:\/\/entrenotasyacordes.com\/index.php?rest_route=\/wp\/v2\/types\/post"}],"author":[{"embeddable":true,"href":"https:\/\/entrenotasyacordes.com\/index.php?rest_route=\/wp\/v2\/users\/5"}],"replies":[{"embeddable":true,"href":"https:\/\/entrenotasyacordes.com\/index.php?rest_route=%2Fwp%2Fv2%2Fcomments&post=4710"}],"version-history":[{"count":1,"href":"https:\/\/entrenotasyacordes.com\/index.php?rest_route=\/wp\/v2\/posts\/4710\/revisions"}],"predecessor-version":[{"id":4713,"href":"https:\/\/entrenotasyacordes.com\/index.php?rest_route=\/wp\/v2\/posts\/4710\/revisions\/4713"}],"wp:featuredmedia":[{"embeddable":true,"href":"https:\/\/entrenotasyacordes.com\/index.php?rest_route=\/wp\/v2\/media\/4712"}],"wp:attachment":[{"href":"https:\/\/entrenotasyacordes.com\/index.php?rest_route=%2Fwp%2Fv2%2Fmedia&parent=4710"}],"wp:term":[{"taxonomy":"category","embeddable":true,"href":"https:\/\/entrenotasyacordes.com\/index.php?rest_route=%2Fwp%2Fv2%2Fcategories&post=4710"},{"taxonomy":"post_tag","embeddable":true,"href":"https:\/\/entrenotasyacordes.com\/index.php?rest_route=%2Fwp%2Fv2%2Ftags&post=4710"}],"curies":[{"name":"wp","href":"https:\/\/api.w.org\/{rel}","templated":true}]}}