{"id":4714,"date":"2024-01-25T16:40:17","date_gmt":"2024-01-25T16:40:17","guid":{"rendered":"https:\/\/entrenotasyacordes.com\/?p=4714"},"modified":"2024-01-25T16:40:19","modified_gmt":"2024-01-25T16:40:19","slug":"melendi-en-argentina-2-de-marzo-movistar-arena","status":"publish","type":"post","link":"https:\/\/entrenotasyacordes.com\/?p=4714","title":{"rendered":"MELENDI\u00a0EN\u00a0ARGENTINA 2 DE MARZO &#8211; MOVISTAR ARENA"},"content":{"rendered":"\n<!--more-->\n\n\n\n<p class=\"has-black-color has-text-color has-link-color wp-elements-5a1efb60e126c5ad6ffe1e68ce3b659e\">El multipremiado artista espa\u00f1ol regresa a Buenos Aires para celebrar sus 20 a\u00f1os de carrera.\u00a0<\/p>\n\n\n\n<div style=\"height:20px\" aria-hidden=\"true\" class=\"wp-block-spacer\"><\/div>\n\n\n\n<p class=\"has-black-color has-text-color has-link-color wp-elements-422ee763c545feb6a22612f14403ec12\">En el concierto, que se realizar\u00e1 en el marco del tour \u201c20 a\u00f1os sin noticias\u201d, adem\u00e1s de sus \u00e9xitos m\u00e1s emblem\u00e1ticos, Melendi reinterpretar\u00e1 parte del repertorio de sus primeros discos e incluir\u00e1 canciones que hace m\u00e1s de 15 a\u00f1os no canta.<\/p>\n\n\n\n<div style=\"height:20px\" aria-hidden=\"true\" class=\"wp-block-spacer\"><\/div>\n\n\n\n<p class=\"has-black-color has-text-color has-link-color wp-elements-565002d99c28f665109f0c65d559e7b3\"><strong>ENTRADAS A LA VENTA&nbsp;&nbsp;<\/strong><a href=\"http:\/\/www.movistararena.com.ar\/\"><strong>WWW.MOVISTARARENA.COM.AR<\/strong><\/a><\/p>\n\n\n\n<div style=\"height:20px\" aria-hidden=\"true\" class=\"wp-block-spacer\"><\/div>\n\n\n\n<figure class=\"wp-block-image size-large\"><img loading=\"lazy\" decoding=\"async\" width=\"1024\" height=\"681\" src=\"https:\/\/entrenotasyacordes.com\/wp-content\/uploads\/2024\/01\/FFD01043-1024x681.jpg\" alt=\"\" class=\"wp-image-4715\" srcset=\"https:\/\/entrenotasyacordes.com\/wp-content\/uploads\/2024\/01\/FFD01043-1024x681.jpg 1024w, https:\/\/entrenotasyacordes.com\/wp-content\/uploads\/2024\/01\/FFD01043-300x200.jpg 300w, https:\/\/entrenotasyacordes.com\/wp-content\/uploads\/2024\/01\/FFD01043-768x511.jpg 768w, https:\/\/entrenotasyacordes.com\/wp-content\/uploads\/2024\/01\/FFD01043-1536x1021.jpg 1536w, https:\/\/entrenotasyacordes.com\/wp-content\/uploads\/2024\/01\/FFD01043-2048x1362.jpg 2048w\" sizes=\"auto, (max-width: 1024px) 100vw, 1024px\" \/><\/figure>\n\n\n\n<div style=\"height:20px\" aria-hidden=\"true\" class=\"wp-block-spacer\"><\/div>\n\n\n\n<p class=\"has-black-color has-text-color has-link-color wp-elements-1c5b1e0c6d4eb6a157cd923f89002287\">\u00a0Luego de su glorioso concierto sold out en Mayo de 2023, Melendi regresar\u00e1 a Buenos Aires y se presentar\u00e1 en el Movistar Arena para celebrar sus 20 a\u00f1os de carrera.<\/p>\n\n\n\n<div style=\"height:20px\" aria-hidden=\"true\" class=\"wp-block-spacer\"><\/div>\n\n\n\n<p class=\"has-black-color has-text-color has-link-color wp-elements-9d5d6c096acdcf3f63e24e9ecdd93b6d\">Durante el tour 20 a\u00f1os sin noticias, el artista asturiano ha conseguido llenar 3 WiZink Center o 2 Sant Jordi entre otras arenas, destacando que ha sido el primer artista en conseguir agotar 3 noches consecutivas en Coliseum de A Coru\u00f1a. Una conmemoraci\u00f3n de este calibre no pod\u00eda quedarse en 10 \u00fanicas ciudades y la celebraci\u00f3n se extender\u00e1 y dar\u00e1 el salto a Latinoam\u00e9rica.<\/p>\n\n\n\n<div style=\"height:20px\" aria-hidden=\"true\" class=\"wp-block-spacer\"><\/div>\n\n\n\n<p class=\"has-black-color has-text-color has-link-color wp-elements-2cae57da31174e09a5ba01aca5232941\">El propio Melendi lo ha relatado as\u00ed en sus redes sociales: No s\u00e9 ni por d\u00f3nde empezar para agradecer un a\u00f1o maravilloso en el que hab\u00e9is tenido mucho que ver&#8230; Ya 2023 comenz\u00f3 de manera inmejorable, con una gira en Estados Unidos y Am\u00e9rica Latina que super\u00f3 todas las expectativas. Sin embargo el recibimiento al tour \u201c20 a\u00f1os sin noticias\u201d nos deja sin palabras&#8230; Hemos comprobado que todas esas canciones que yo cre\u00eda caducadas est\u00e1n m\u00e1s vivas que nunca, y hab\u00e9is conseguido adem\u00e1s que sea la gira m\u00e1s divertida de los \u00faltimos a\u00f1os, siempre disfrutamos pero esto es otro nivel!!! Tanto mi equipo como yo queremos confesaros que estamos absolutamente sobrepasados por la aceptaci\u00f3n, el cari\u00f1o y la energ\u00eda que compart\u00eds con nosotros noche tras noche. Es incre\u00edble pero para que os hag\u00e1is una idea, hemos recibido unas 400 propuestas para llevar este show a Europa, EEUU, Am\u00e9rica Latina y por supuesto, para continuar en Espa\u00f1a. Evidentemente no podemos atenderlas todas, no nos podemos multiplicar y adem\u00e1s, yo necesito priorizar y dedicar todo el tiempo que pueda a mi nueva paternidad y en definitiva, a mi familia. S\u00ed quer\u00eda confirmaros que iremos a pa\u00edses como Per\u00fa, donde hace m\u00e1s de diez a\u00f1os que no tocamos, vamos a Uruguay por primera vez , a Chile, Ecuador, Argentina&#8230; Pa\u00edses que siempre est\u00e1n en nuestros planes y que se han querido sumar a esta aventura del #vuelveholanda. Os dejo en esta publicaci\u00f3n las primeras fechas tanto en Am\u00e9rica como en Espa\u00f1a, en los pr\u00f3ximos d\u00edas iremos ampliando ciudades, os mantendremos informados. Una vez m\u00e1s, GRACIAS y felices fiestas a todos \u2764.<\/p>\n\n\n\n<div style=\"height:20px\" aria-hidden=\"true\" class=\"wp-block-spacer\"><\/div>\n\n\n\n<p class=\"has-black-color has-text-color has-link-color wp-elements-300d08d30637d0d559f2886b37d6c449\">Melendi es uno de los artistas espa\u00f1oles m\u00e1s reconocidos del momento. Cuenta con una trayectoria destacada, con m\u00e1s de 20 a\u00f1os de carrera sumando&nbsp; 24 discos de Platino en Espa\u00f1a y 3,5 millones de ejemplares vendidos a lo largo de su carrera. Sus canciones acumulan miles de millones de reproducciones en plataformas digitales, lo que le convirti\u00f3 en 2019 en el artista espa\u00f1ol m\u00e1s escuchado de todos los tiempos en nuestro pa\u00eds en Spotify, pero tambi\u00e9n en el m\u00e1s buscado en Amazon. Cuenta con siete millones de oyentes mensuales en Spotify. Fuera de nuestras fronteras, la nominaci\u00f3n a los Latin Grammy a Mejor Canci\u00f3n del A\u00f1o en 2017 por Desde que estamos juntos confirm\u00f3 su perfil internacional.<\/p>\n\n\n\n<div style=\"height:20px\" aria-hidden=\"true\" class=\"wp-block-spacer\"><\/div>\n\n\n\n<p class=\"has-black-color has-text-color has-link-color wp-elements-510eb8a5d8d244fa11d9a1b8ec53ae49\">Con producci\u00f3n de Fenix Entertainment, la cita para este show imperdible ser\u00e1 el 2 de marzo de 2024 en el Movistar Arena. Los tickets est\u00e1n disponibles \u00fanicamente a trav\u00e9s de www.movistararena.com.ar.<\/p>\n\n\n\n<div style=\"height:20px\" aria-hidden=\"true\" class=\"wp-block-spacer\"><\/div>\n","protected":false},"excerpt":{"rendered":"","protected":false},"author":5,"featured_media":4716,"comment_status":"open","ping_status":"open","sticky":false,"template":"","format":"standard","meta":{"om_disable_all_campaigns":false,"_uf_show_specific_survey":0,"_uf_disable_surveys":false,"footnotes":""},"categories":[36],"tags":[],"class_list":["post-4714","post","type-post","status-publish","format-standard","has-post-thumbnail","hentry","category-conciertos"],"_links":{"self":[{"href":"https:\/\/entrenotasyacordes.com\/index.php?rest_route=\/wp\/v2\/posts\/4714","targetHints":{"allow":["GET"]}}],"collection":[{"href":"https:\/\/entrenotasyacordes.com\/index.php?rest_route=\/wp\/v2\/posts"}],"about":[{"href":"https:\/\/entrenotasyacordes.com\/index.php?rest_route=\/wp\/v2\/types\/post"}],"author":[{"embeddable":true,"href":"https:\/\/entrenotasyacordes.com\/index.php?rest_route=\/wp\/v2\/users\/5"}],"replies":[{"embeddable":true,"href":"https:\/\/entrenotasyacordes.com\/index.php?rest_route=%2Fwp%2Fv2%2Fcomments&post=4714"}],"version-history":[{"count":1,"href":"https:\/\/entrenotasyacordes.com\/index.php?rest_route=\/wp\/v2\/posts\/4714\/revisions"}],"predecessor-version":[{"id":4717,"href":"https:\/\/entrenotasyacordes.com\/index.php?rest_route=\/wp\/v2\/posts\/4714\/revisions\/4717"}],"wp:featuredmedia":[{"embeddable":true,"href":"https:\/\/entrenotasyacordes.com\/index.php?rest_route=\/wp\/v2\/media\/4716"}],"wp:attachment":[{"href":"https:\/\/entrenotasyacordes.com\/index.php?rest_route=%2Fwp%2Fv2%2Fmedia&parent=4714"}],"wp:term":[{"taxonomy":"category","embeddable":true,"href":"https:\/\/entrenotasyacordes.com\/index.php?rest_route=%2Fwp%2Fv2%2Fcategories&post=4714"},{"taxonomy":"post_tag","embeddable":true,"href":"https:\/\/entrenotasyacordes.com\/index.php?rest_route=%2Fwp%2Fv2%2Ftags&post=4714"}],"curies":[{"name":"wp","href":"https:\/\/api.w.org\/{rel}","templated":true}]}}