{"id":4726,"date":"2024-01-25T16:50:07","date_gmt":"2024-01-25T16:50:07","guid":{"rendered":"https:\/\/entrenotasyacordes.com\/?p=4726"},"modified":"2024-01-25T16:50:22","modified_gmt":"2024-01-25T16:50:22","slug":"rafaga-se-une-a-tu-musica-hoy-para-hacer-historia","status":"publish","type":"post","link":"https:\/\/entrenotasyacordes.com\/?p=4726","title":{"rendered":"R\u00c1FAGA SE UNE A TU M\u00daSICA HOY PARA HACER HISTORIA"},"content":{"rendered":"\n<p class=\"has-black-color has-text-color has-link-color wp-elements-254cf5b979ce6c4101aa79b120a8405b\"><strong>JUEVES 25 DE ENERO- 19.00HS- ESTACI\u00d3N TMH<\/strong><\/p>\n\n\n\n<p class=\"has-black-color has-text-color has-link-color wp-elements-4c949a120fe1925a5ed638329eb701c9\"><strong>RAMBLA DE &nbsp;LOS LOBOS MARINOS EN MAR DEL PLATA<\/strong><\/p>\n\n\n\n<p class=\"has-black-color has-text-color has-link-color wp-elements-58c8c939de00a8962d695f2a4fe26d70\"><strong>SHOW GRATUITO<\/strong><\/p>\n\n\n\n<!--more-->\n\n\n\n<p class=\"has-black-color has-text-color has-link-color wp-elements-9fbfae0a9d955f8c167c43bacf15dfa3\">En el marco de\u00a0<strong>#Estaci\u00f3nTMH,<\/strong>\u00a0el ciclo de shows en vivo de\u00a0<strong>Tu M\u00fasica Hoy<\/strong>, que se brindan de forma gratuita y sorpresiva en distintos puntos del pa\u00eds,\u00a0<strong>R\u00c1FAGA<\/strong>\u00a0inicia el 2024 con un show para sus fans \u00a1en la explanada del Monumento Hist\u00f3rico Nacional Lobos Marinos de Mar del Plata!\u00a0Por si fuera poco, contar\u00e1 con la participaci\u00f3n de\u00a0<strong>Fer V\u00e1zquez\u00a0<\/strong>y<strong>\u00a0Robleis,\u00a0<\/strong>entre otros artistas invitados.\u00a0<strong>La cita es a las 19hs\u00a0para vivir la experiencia.<\/strong><\/p>\n\n\n\n<div style=\"height:22px\" aria-hidden=\"true\" class=\"wp-block-spacer\"><\/div>\n\n\n\n<p class=\"has-black-color has-text-color has-link-color wp-elements-7a84cce59bddd0d13c246a4a830aa528\"><strong>Morat&nbsp;<\/strong>y<strong>&nbsp;Rusherking&nbsp;<\/strong>en el subte,&nbsp;<strong>J Quiles&nbsp;<\/strong>y<strong>&nbsp;Ptazeta<\/strong>&nbsp;desde la vidriera de un local en Buenos Aires,&nbsp;<strong>Luck Ra&nbsp;<\/strong>desde el centro de la ciudad de C\u00f3rdoba,<strong>&nbsp;Carlos Rivera&nbsp;<\/strong>y<strong>&nbsp;Piso 21<\/strong>&nbsp;en una plaza p\u00fablica, fueron algunos de los protagonistas de ediciones anteriores, que reunieron a un p\u00fablico multitudinario de forma espont\u00e1nea, superando ya las 100.000 personas.<\/p>\n\n\n\n<div style=\"height:22px\" aria-hidden=\"true\" class=\"wp-block-spacer\"><\/div>\n\n\n\n<p class=\"has-black-color has-text-color has-link-color wp-elements-e72939804a1da53a1b6c7923ae2f9e8f\"><strong><em>ACERCA DE RAFAGA<\/em><\/strong><\/p>\n\n\n\n<div style=\"height:22px\" aria-hidden=\"true\" class=\"wp-block-spacer\"><\/div>\n\n\n\n<p class=\"has-black-color has-text-color has-link-color wp-elements-23e9fee0ddacde3596096adfcfc67a90\"><strong>R\u00e1faga,<\/strong>&nbsp;viene de lanzar con gran \u00e9xito las nuevas versiones de sus cl\u00e1sicos \u201cUna r\u00e1faga de amor\u201d junto a Lil CaKe y \u201cMentirosa Remix\u201d junto a Maria Becerra, una fant\u00e1stica versi\u00f3n, &nbsp;que ya super\u00f3 los 19 millones de vistas en un mes de su lanzamiento. &nbsp;Para arrancar el 2024, los l\u00edderes de la cumbia global, se unen al destacado d\u00fao MYA para &nbsp;formar parte &nbsp;del quinto piso de sus MYA LIVE, con el estreno de \u00abSi T\u00fa La Ves\u00bb, una cumbia que mezcla la melancol\u00eda de estar perdiendo un amor y el deseo de recuperar a esa persona especial, con la energ\u00eda y un ritmo contagioso que te invita a bailar.<\/p>\n\n\n\n<div style=\"height:22px\" aria-hidden=\"true\" class=\"wp-block-spacer\"><\/div>\n\n\n\n<p class=\"has-black-color has-text-color has-link-color wp-elements-f9807db9fb9b1dce0650b8c24ca548af\">Con casi tres d\u00e9cadas de impecable trayectoria,<strong>&nbsp;R\u00e1faga<\/strong>&nbsp;ha forjado un legado de \u00e9xitos y reconocimientos, cautivando a millones de espectadores en todo el mundo. Su influencia en la m\u00fasica cumbia a nivel internacional los consagra como aut\u00e9nticos embajadores del g\u00e9nero. Bajo el liderazgo de Ariel Puchetta, la banda se embarca en un emocionante proyecto para conmemorar su trayectoria y presentar nuevos temas, marcando as\u00ed un hito en la escena musical.<\/p>\n\n\n\n<div style=\"height:22px\" aria-hidden=\"true\" class=\"wp-block-spacer\"><\/div>\n\n\n\n<p class=\"has-black-color has-text-color has-link-color wp-elements-6cfcc14d4aa947568bd117292c27af2a\">Este \u00edcono de la m\u00fasica tropical argentina, R\u00e1faga, ha iniciado una nueva era en su repertorio, redefiniendo su sonido con recientes lanzamientos y colaboraciones. Canciones como \u00abCaramelo de Lim\u00f3n\u00bb con Ricky Maravilla, \u00abAdi\u00f3s\u00bb con Maria Becerra, \u00abLlore\u00bb con Robleis y \u00abUna R\u00e1faga de Amor\u00bb junto a Lil Cake, que ha alcanzado la impresionante cifra de 5 millones de vistas, han sido recibidas con entusiasmo por su leal base de seguidores. A finales del a\u00f1o pasado, la reversi\u00f3n de \u00abMentirosa Remix\u00bb ya acumula m\u00e1s de 19 millones de vistas, consolidando a\u00fan m\u00e1s su presencia en la escena musical.<\/p>\n\n\n\n<div style=\"height:22px\" aria-hidden=\"true\" class=\"wp-block-spacer\"><\/div>\n\n\n\n<p class=\"has-black-color has-text-color has-link-color wp-elements-2b892f571405a0cb1b1c72c739025769\">Durante el pasado a\u00f1o, la banda ha protagonizado notables giras internacionales, conquistando escenarios en Europa y diversos pa\u00edses americanos, incluyendo Per\u00fa, Brasil, Colombia, Estados Unidos, Chile y Paraguay. Para el 2024, R\u00e1faga ya tiene confirmada su participaci\u00f3n en los carnavales de las Islas Canarias, Espa\u00f1a, y una gira por Chile.<\/p>\n\n\n\n<div style=\"height:22px\" aria-hidden=\"true\" class=\"wp-block-spacer\"><\/div>\n\n\n\n<p class=\"has-black-color has-text-color has-link-color wp-elements-3cfd7d70375c2f68bc204a60f74f785b\">Conformada por talentosos m\u00fasicos como Ariel Puchetta (voz), Raul \u201cRichard\u201d Rosales (guitarra), Mauricio Juarez (teclado), Ulises Pi\u00f1eyro (g\u00fciro), Juan Carlos \u201cCoco\u201d Fusco (bajo), Marcelo \u201cPollo\u201d Rodr\u00edguez (congas) y Omar Morel (bater\u00eda), R\u00e1faga ha trascendido las barreras sociales con sus canciones, que contin\u00faan siendo un llamado irresistible a la celebraci\u00f3n y la alegr\u00eda. La banda no solo mira hacia atr\u00e1s con gratitud, sino que tambi\u00e9n mira hacia adelante, listos para seguir marcando la pauta en la m\u00fasica latina.<\/p>\n\n\n\n<div style=\"height:11px\" aria-hidden=\"true\" class=\"wp-block-spacer\"><\/div>\n\n\n\n<p class=\"has-black-color has-text-color has-link-color wp-elements-1de62d31e816fc86e84f0a7abfad4eb2\"><strong><em>ACERCA DE TMH<\/em><\/strong><\/p>\n\n\n\n<div style=\"height:11px\" aria-hidden=\"true\" class=\"wp-block-spacer\"><\/div>\n\n\n\n<p class=\"has-black-color has-text-color has-link-color wp-elements-396fe49fb6a6a48cdf52530cf0c45f8a\">El medio digital multiplataforma Tu M\u00fasica Hoy,&nbsp;informa sobre la actualidad del mundo de la m\u00fasica, con contenido exclusivo, a millones de usuarios.<\/p>\n\n\n\n<div style=\"height:11px\" aria-hidden=\"true\" class=\"wp-block-spacer\"><\/div>\n\n\n\n<p class=\"has-black-color has-text-color has-link-color wp-elements-b84e0ba00c55d616a4528bbab2ded789\">Con base en Buenos Aires, pero sedes en Madrid, Miami, Los \u00c1ngeles, M\u00e9xico y Colombia, Tu M\u00fasica Hoy se posiciona como uno de los medios de m\u00fasica l\u00edderes en todas las plataformas; superando hoy los&nbsp;<strong>1.03 MILLONES de suscriptores<\/strong>&nbsp;y las&nbsp;<strong>506.5 millones de reproducciones en YouTube<\/strong>&nbsp;y un alcance mensual en Instagram y Facebook de 9.1 millones; pero tambi\u00e9n en nuevas plataformas como&nbsp;<strong>TikTok&nbsp;<\/strong>en la que ya alcanza&nbsp;<strong>9.4 millones de seguidores<\/strong>&nbsp;<strong>y 361.5 millones de \u201cme gusta\u201d.<\/strong><\/p>\n\n\n\n<div style=\"height:11px\" aria-hidden=\"true\" class=\"wp-block-spacer\"><\/div>\n\n\n\n<p class=\"has-black-color has-text-color has-link-color wp-elements-3fdff5254b286d23a1c2d620a64a7ac5\">Todos los artistas nacionales e internacionales de renombre pasaron por&nbsp;<a href=\"tumusicahoy.com:\">tumusicahoy.com:<\/a>&nbsp;Anitta, TINI, Thalia, Nicky Jam, J Balvin, Khalid, Wiz Khalifa, Camilo, Karol G, Rosalia, Bizarrap, M\u00e5neskin, Rauw Alejandro, Sebasti\u00e1n Yatra, Ozuna y Chayanne, entre much\u00edsimos otros.<\/p>\n\n\n\n<div style=\"height:11px\" aria-hidden=\"true\" class=\"wp-block-spacer\"><\/div>\n\n\n\n<p class=\"has-black-color has-text-color has-link-color wp-elements-ae5ffaf9708bfd244b84a32ae3e19d42\">TMH se impuso como una marca reconocida y definida por la innovaci\u00f3n de sus contenidos.<\/p>\n\n\n\n<div style=\"height:11px\" aria-hidden=\"true\" class=\"wp-block-spacer\"><\/div>\n","protected":false},"excerpt":{"rendered":"<p>JUEVES 25 DE ENERO- 19.00HS- ESTACI\u00d3N TMH RAMBLA DE &nbsp;LOS LOBOS MARINOS EN MAR DEL<\/p>\n","protected":false},"author":5,"featured_media":4727,"comment_status":"open","ping_status":"open","sticky":false,"template":"","format":"standard","meta":{"om_disable_all_campaigns":false,"_uf_show_specific_survey":0,"_uf_disable_surveys":false,"footnotes":""},"categories":[36],"tags":[],"class_list":["post-4726","post","type-post","status-publish","format-standard","has-post-thumbnail","hentry","category-conciertos"],"_links":{"self":[{"href":"https:\/\/entrenotasyacordes.com\/index.php?rest_route=\/wp\/v2\/posts\/4726","targetHints":{"allow":["GET"]}}],"collection":[{"href":"https:\/\/entrenotasyacordes.com\/index.php?rest_route=\/wp\/v2\/posts"}],"about":[{"href":"https:\/\/entrenotasyacordes.com\/index.php?rest_route=\/wp\/v2\/types\/post"}],"author":[{"embeddable":true,"href":"https:\/\/entrenotasyacordes.com\/index.php?rest_route=\/wp\/v2\/users\/5"}],"replies":[{"embeddable":true,"href":"https:\/\/entrenotasyacordes.com\/index.php?rest_route=%2Fwp%2Fv2%2Fcomments&post=4726"}],"version-history":[{"count":1,"href":"https:\/\/entrenotasyacordes.com\/index.php?rest_route=\/wp\/v2\/posts\/4726\/revisions"}],"predecessor-version":[{"id":4728,"href":"https:\/\/entrenotasyacordes.com\/index.php?rest_route=\/wp\/v2\/posts\/4726\/revisions\/4728"}],"wp:featuredmedia":[{"embeddable":true,"href":"https:\/\/entrenotasyacordes.com\/index.php?rest_route=\/wp\/v2\/media\/4727"}],"wp:attachment":[{"href":"https:\/\/entrenotasyacordes.com\/index.php?rest_route=%2Fwp%2Fv2%2Fmedia&parent=4726"}],"wp:term":[{"taxonomy":"category","embeddable":true,"href":"https:\/\/entrenotasyacordes.com\/index.php?rest_route=%2Fwp%2Fv2%2Fcategories&post=4726"},{"taxonomy":"post_tag","embeddable":true,"href":"https:\/\/entrenotasyacordes.com\/index.php?rest_route=%2Fwp%2Fv2%2Ftags&post=4726"}],"curies":[{"name":"wp","href":"https:\/\/api.w.org\/{rel}","templated":true}]}}