{"id":4730,"date":"2024-01-25T16:53:40","date_gmt":"2024-01-25T16:53:40","guid":{"rendered":"https:\/\/entrenotasyacordes.com\/?p=4730"},"modified":"2024-01-25T16:53:42","modified_gmt":"2024-01-25T16:53:42","slug":"conoce-los-nuevos-posters-de-duna-parte-dos","status":"publish","type":"post","link":"https:\/\/entrenotasyacordes.com\/?p=4730","title":{"rendered":"CONOC\u00c9 LOS NUEVOS P\u00d3STERS DE DUNA: PARTE DOS"},"content":{"rendered":"\n<!--more-->\n\n\n\n<p class=\"has-black-color has-text-color has-link-color wp-elements-3d07231a80086f259ddead83cb083011\"><strong>No est\u00e1s preparado para lo que est\u00e1 por venir.<\/strong><\/p>\n\n\n\n<p class=\"has-black-color has-text-color has-link-color wp-elements-46b4eedfcf3c9e35f7f1c297bb989ccf\"><strong>#DuneParteDos<\/strong><\/p>\n\n\n\n<p class=\"has-black-color has-text-color has-link-color wp-elements-c1bb2bef7a1710792dfd3cb61d7d7669\"><strong>29 de febrero de 2024, solo en cines.<\/strong><\/p>\n\n\n\n<div style=\"height:20px\" aria-hidden=\"true\" class=\"wp-block-spacer\"><\/div>\n\n\n\n<p class=\"has-black-color has-text-color has-link-color wp-elements-d51207b2cb9ec0df8eaf35a45b9261a4\">La saga contin\u00faa cuando el galardonado cineasta Denis Villeneuve se embarca en\u00a0<strong>\u00abDuna: Parte Dos\u00bb<\/strong>, el pr\u00f3ximo cap\u00edtulo de la c\u00e9lebre novela Duna de Frank Herbert, con un elenco internacional de estrellas. La pel\u00edcula, de Warner Bros. Pictures y Legendary Pictures, es la continuaci\u00f3n muy esperada de \u00abDuna\u00bb, seis veces ganadora del Premio de la Academia de 2021. \u00a0<\/p>\n\n\n\n<div style=\"height:16px\" aria-hidden=\"true\" class=\"wp-block-spacer\"><\/div>\n\n\n\n<p class=\"has-black-color has-text-color has-link-color wp-elements-f5a4ddaceaeb1ccd6f03f6f926d9a76e\">La epopeya contin\u00faa la adaptaci\u00f3n del aclamado bestseller Duna de Frank Herbert con estrellas nuevas y que regresan, incluido el nominado al \u00d3scar Timoth\u00e9e Chalamet (\u00abWonka\u00bb, \u00abCall Me by Your Name\u00bb), Zendaya (\u00abSpider-Man: No Way Home\u201d, \u201cMalcolm &amp; Marie\u201d, \u201cEuphoria\u201d), Rebecca Ferguson (\u201cMission: Impossible \u2013 Dead Reckoning\u201d), nominado al \u00d3scar Josh Brolin (\u201cAvengers: End Game,\u201d \u201cMilk\u201d), nominado al \u00d3scar Austin Butler (\u201cElvis\u201d, \u201cOnce Upon A Time\u2026In Hollywood\u201d), la nominada al \u00d3scar Florence Pugh (\u201cBlack Widow\u201d, \u201cLittle Women\u201d), Dave Bautista (las pel\u00edculas de \u201cGuardians of the Galaxy\u201d, \u201cThor: Love and Thunder\u201d), el ganador del \u00d3scar Christopher Walken (\u201cThe Deer Hunter\u201d, \u201cHairspray\u201d), L\u00e9a Seydoux (la franquicia de \u201cJames Bond\u201d y \u201cCrimes of the Future \u201d), Souheila Yacoub (\u201cThe Braves,\u201d \u201cClimax\u201d), con Stellan Skarsg\u00e5rd (las pel\u00edculas de \u201cMamma Mia!\u201d, \u201cAvengers: Age of Ultron\u201d), con la nominada al \u00d3scar Charlotte Rampling (\u201c45 Years\u201d, \u201cAssassin&#8217;s Creed\u201d), y el ganador del \u00d3scar Javier Bardem (\u201cNo Country for Old Men\u00bb, \u201cBeing the Ricardos\u201d). &nbsp;<\/p>\n\n\n\n<div style=\"height:16px\" aria-hidden=\"true\" class=\"wp-block-spacer\"><\/div>\n\n\n\n<p class=\"has-black-color has-text-color has-link-color wp-elements-fa202a473c667a2c5945d02580f7d207\"><strong>\u201cDuna: Parte Dos\u201d&nbsp;<\/strong>explorar\u00e1 el viaje m\u00edtico de Paul Atreides mientras se une a Chani y los Fremen en una guerra de venganza contra los conspiradores que destruyeron a su familia. Al enfrentarse a una elecci\u00f3n entre el amor de su vida y el destino del universo conocido, se esfuerza por evitar un futuro terrible que solo \u00e9l puede prever. &nbsp;<\/p>\n\n\n\n<div style=\"height:16px\" aria-hidden=\"true\" class=\"wp-block-spacer\"><\/div>\n\n\n\n<p class=\"has-black-color has-text-color has-link-color wp-elements-5ab93d99a2652494d8f6cf83cdf31873\">Villeneuve dirigi\u00f3 a partir de un gui\u00f3n que coescribi\u00f3 con Jon Spaihts basado en la novela de Herbert. La pel\u00edcula est\u00e1 producida por Mary Parent, Cale Boyter, Villeneuve, Tanya Lapointe y Patrick McCormick. Los productores ejecutivos son Joshua Grode, Jon Spaihts, Thomas Tull, &nbsp;Herbert W. Gains, Brian Herbert, Byron Merritt, Kim Herbert, Richard P. Rubinstein y John Harrison con Kevin J. Anderson como consultor creativo. &nbsp;<\/p>\n\n\n\n<div style=\"height:16px\" aria-hidden=\"true\" class=\"wp-block-spacer\"><\/div>\n\n\n\n<p class=\"has-black-color has-text-color has-link-color wp-elements-1532d31aff9d65b6d3e0fd29a10a66b7\">Villeneuve vuelve a colaborar con sus creativos de \u201cDuna\u00bb: el director de fotograf\u00eda ganador del \u00d3scar, Greig Fraser; la dise\u00f1adora de producci\u00f3n ganadora del \u00d3scar Patrice Vermette; el editor ganador del \u00d3scar, Joe Walker; el supervisor de efectos visuales ganador del \u00d3scar, Paul Lambert; la dise\u00f1adora de vestuario nominada al \u00d3scar Jacqueline West. El compositor ganador del \u00d3scar, Hans Zimmer, vuelve a estar presente para crear la partitura.<\/p>\n\n\n\n<div style=\"height:16px\" aria-hidden=\"true\" class=\"wp-block-spacer\"><\/div>\n\n\n\n<p class=\"has-black-color has-text-color has-link-color wp-elements-6f7d6e689aeadafd56d7d1380ee689d5\">Warner Bros. Pictures y Legendary Pictures presentan una producci\u00f3n de Legendary Pictures, una pel\u00edcula de Denis Villeneuve,&nbsp;<strong>\u201cDuna: Parte Dos\u201d<\/strong>. La pel\u00edcula est\u00e1 programada para estrenarse en Argentina el 29 de febrero de 2024, distribuida internacionalmente por Warner Bros. Pictures.<\/p>\n\n\n\n<div style=\"height:16px\" aria-hidden=\"true\" class=\"wp-block-spacer\"><\/div>\n","protected":false},"excerpt":{"rendered":"","protected":false},"author":5,"featured_media":4731,"comment_status":"open","ping_status":"open","sticky":false,"template":"","format":"standard","meta":{"om_disable_all_campaigns":false,"_uf_show_specific_survey":0,"_uf_disable_surveys":false,"footnotes":""},"categories":[9],"tags":[],"class_list":["post-4730","post","type-post","status-publish","format-standard","has-post-thumbnail","hentry","category-cine-y-teatro"],"_links":{"self":[{"href":"https:\/\/entrenotasyacordes.com\/index.php?rest_route=\/wp\/v2\/posts\/4730","targetHints":{"allow":["GET"]}}],"collection":[{"href":"https:\/\/entrenotasyacordes.com\/index.php?rest_route=\/wp\/v2\/posts"}],"about":[{"href":"https:\/\/entrenotasyacordes.com\/index.php?rest_route=\/wp\/v2\/types\/post"}],"author":[{"embeddable":true,"href":"https:\/\/entrenotasyacordes.com\/index.php?rest_route=\/wp\/v2\/users\/5"}],"replies":[{"embeddable":true,"href":"https:\/\/entrenotasyacordes.com\/index.php?rest_route=%2Fwp%2Fv2%2Fcomments&post=4730"}],"version-history":[{"count":2,"href":"https:\/\/entrenotasyacordes.com\/index.php?rest_route=\/wp\/v2\/posts\/4730\/revisions"}],"predecessor-version":[{"id":4733,"href":"https:\/\/entrenotasyacordes.com\/index.php?rest_route=\/wp\/v2\/posts\/4730\/revisions\/4733"}],"wp:featuredmedia":[{"embeddable":true,"href":"https:\/\/entrenotasyacordes.com\/index.php?rest_route=\/wp\/v2\/media\/4731"}],"wp:attachment":[{"href":"https:\/\/entrenotasyacordes.com\/index.php?rest_route=%2Fwp%2Fv2%2Fmedia&parent=4730"}],"wp:term":[{"taxonomy":"category","embeddable":true,"href":"https:\/\/entrenotasyacordes.com\/index.php?rest_route=%2Fwp%2Fv2%2Fcategories&post=4730"},{"taxonomy":"post_tag","embeddable":true,"href":"https:\/\/entrenotasyacordes.com\/index.php?rest_route=%2Fwp%2Fv2%2Ftags&post=4730"}],"curies":[{"name":"wp","href":"https:\/\/api.w.org\/{rel}","templated":true}]}}