{"id":4734,"date":"2024-01-25T16:58:18","date_gmt":"2024-01-25T16:58:18","guid":{"rendered":"https:\/\/entrenotasyacordes.com\/?p=4734"},"modified":"2024-01-25T16:58:19","modified_gmt":"2024-01-25T16:58:19","slug":"dante-gebel-presenta-presidante","status":"publish","type":"post","link":"https:\/\/entrenotasyacordes.com\/?p=4734","title":{"rendered":"DANTE GEBEL Presenta PRESIDANTE"},"content":{"rendered":"\n<p class=\"has-black-color has-text-color has-link-color wp-elements-b24464dadc80946c7cfc73166e1413b1\"><strong>11 DE ABRIL- MOVISTAR ARENA BUENOS AIRES<\/strong><\/p>\n\n\n\n<div style=\"height:18px\" aria-hidden=\"true\" class=\"wp-block-spacer\"><\/div>\n\n\n\n<!--more-->\n\n\n\n<p class=\"has-black-color has-text-color has-link-color wp-elements-c32e17eaef593ffa84d438bc87939c86\"><strong>ENTRADAS EN VENTA\u00a0<a href=\"https:\/\/mkprensa.mx-router-i.com\/c\/m8re7\/-pya3bet\/6_7i8oi4eii\">AQU\u00cd<\/a><\/strong><\/p>\n\n\n\n<div style=\"height:20px\" aria-hidden=\"true\" class=\"wp-block-spacer\"><\/div>\n\n\n\n<p class=\"has-black-color has-text-color has-link-color wp-elements-6e4049ac1d01607dec100417cfb3ebd0\"><strong>\u00a1Dante Gebel regresa a Buenos Aires con su impactante Tour 2024 en el Movistar Arena!<\/strong><\/p>\n\n\n\n<div style=\"height:20px\" aria-hidden=\"true\" class=\"wp-block-spacer\"><\/div>\n\n\n\n<p class=\"has-black-color has-text-color has-link-color wp-elements-4be68344e1a1615c6eaa47675932f6bf\">El carism\u00e1tico conductor, actor, productor e influencer&nbsp;<strong>Dante Gebel<\/strong>, reconocido mundialmente por sus extraordinarias conferencias y motivaciones dirigidas a la juventud y la familia, llega nuevamente a Buenos Aires con su espect\u00e1culo \u00ab<strong>PRESIDANTE<\/strong>&nbsp;No es otra cl\u00e1sica campa\u00f1a pol\u00edtica, Tour 2024&#8243;. La cita es el&nbsp;<strong>11 de abril a las 20.30hs<\/strong>&nbsp;en el emblem\u00e1tico&nbsp;<strong>Movistar Arena&nbsp;<\/strong>(Humboldt 450, Villa Crespo).<\/p>\n\n\n\n<div style=\"height:20px\" aria-hidden=\"true\" class=\"wp-block-spacer\"><\/div>\n\n\n\n<p class=\"has-black-color has-text-color has-link-color wp-elements-7656fd3702e150dd42d08803b8adeb2a\"><strong>Dante Gebel<\/strong>, actualmente radicado en Los \u00c1ngeles, California, es una figura polifac\u00e9tica que va m\u00e1s all\u00e1 de ser un conferencista. Due\u00f1o de RIVER ARENA en Anaheim, California, cuenta con sus propios estudios de televisi\u00f3n y ha logrado conquistar corazones en todo el mundo con su carisma y mensajes conmovedores.<\/p>\n\n\n\n<div style=\"height:20px\" aria-hidden=\"true\" class=\"wp-block-spacer\"><\/div>\n\n\n\n<p class=\"has-black-color has-text-color has-link-color wp-elements-ec1d21ea40d03f7c3bcf10f28f889ad3\">Un \u00e9xito de ventas y agotando recintos alrededor del mundo. Su Gira R\u00e9cord de ventas ha llevado a&nbsp;<strong>Dante Gebel<\/strong>&nbsp;a los escenarios m\u00e1s importantes del planeta, convocando a miles de personas que han agotado localidades para ser parte de sus inspiradoras presentaciones.&nbsp;<strong>Gebel<\/strong>, tambi\u00e9n reconocido como escritor, ha posicionado varios de sus libros en los primeros puestos de ventas a nivel global.<\/p>\n\n\n\n<div style=\"height:20px\" aria-hidden=\"true\" class=\"wp-block-spacer\"><\/div>\n\n\n\n<p class=\"has-black-color has-text-color has-link-color wp-elements-a5f88e4de83997000c1791fff59c919c\">Con cerca de 4 millones de seguidores en Facebook, 1 mill\u00f3n y medio en Instagram, y m\u00e1s de 2 millones de suscriptores en YouTube,&nbsp;<strong>Dante Gebel<\/strong>&nbsp;ha logrado construir una comunidad digital que lo sigue con devoci\u00f3n y entusiasmo.<\/p>\n\n\n\n<div style=\"height:20px\" aria-hidden=\"true\" class=\"wp-block-spacer\"><\/div>\n\n\n\n<p class=\"has-black-color has-text-color has-link-color wp-elements-ac642cf36246ded8db7bbdb506505b9f\">\u00ab<strong>PRESIDANTE Tour 2024<\/strong>\u00ab: Un viaje al coraz\u00f3n y el alma. En este espect\u00e1culo,&nbsp;<strong>Dante Gebel<\/strong>&nbsp;se sumerge en lo m\u00e1s profundo de su ser, compartiendo historias que van desde la risa hasta las l\u00e1grimas, abordando temas como la vida, la muerte, la nostalgia y relatos cotidianos que nos llevan a reflexiones profundas del alma. Permiti\u00e9ndose la licencia de ser \u00abPresidente por un d\u00eda\u00bb, Gebel fusiona humor, l\u00e1grimas y un mensaje directo al coraz\u00f3n.<\/p>\n\n\n\n<div style=\"height:20px\" aria-hidden=\"true\" class=\"wp-block-spacer\"><\/div>\n\n\n\n<p class=\"has-black-color has-text-color has-link-color wp-elements-b19f720932a07ceb29e72c5826765e5e\">Una oportunidad \u00fanica para ser parte de una experiencia movilizadora con&nbsp;<strong>Dante Gebel<\/strong>&nbsp;en su \u00ab<strong>PRESIDANTE Tour 2024<\/strong>\u00ab. \u00a1Una noche llena de emoci\u00f3n, reflexi\u00f3n y risas te espera en el Movistar Arena! Las entradas ya est\u00e1n a la venta, camino a que se agoten.<\/p>\n\n\n\n<div style=\"height:20px\" aria-hidden=\"true\" class=\"wp-block-spacer\"><\/div>\n","protected":false},"excerpt":{"rendered":"<p>11 DE ABRIL- MOVISTAR ARENA BUENOS AIRES<\/p>\n","protected":false},"author":5,"featured_media":4735,"comment_status":"open","ping_status":"open","sticky":false,"template":"","format":"standard","meta":{"om_disable_all_campaigns":false,"_uf_show_specific_survey":0,"_uf_disable_surveys":false,"footnotes":""},"categories":[36],"tags":[],"class_list":["post-4734","post","type-post","status-publish","format-standard","has-post-thumbnail","hentry","category-conciertos"],"_links":{"self":[{"href":"https:\/\/entrenotasyacordes.com\/index.php?rest_route=\/wp\/v2\/posts\/4734","targetHints":{"allow":["GET"]}}],"collection":[{"href":"https:\/\/entrenotasyacordes.com\/index.php?rest_route=\/wp\/v2\/posts"}],"about":[{"href":"https:\/\/entrenotasyacordes.com\/index.php?rest_route=\/wp\/v2\/types\/post"}],"author":[{"embeddable":true,"href":"https:\/\/entrenotasyacordes.com\/index.php?rest_route=\/wp\/v2\/users\/5"}],"replies":[{"embeddable":true,"href":"https:\/\/entrenotasyacordes.com\/index.php?rest_route=%2Fwp%2Fv2%2Fcomments&post=4734"}],"version-history":[{"count":2,"href":"https:\/\/entrenotasyacordes.com\/index.php?rest_route=\/wp\/v2\/posts\/4734\/revisions"}],"predecessor-version":[{"id":4737,"href":"https:\/\/entrenotasyacordes.com\/index.php?rest_route=\/wp\/v2\/posts\/4734\/revisions\/4737"}],"wp:featuredmedia":[{"embeddable":true,"href":"https:\/\/entrenotasyacordes.com\/index.php?rest_route=\/wp\/v2\/media\/4735"}],"wp:attachment":[{"href":"https:\/\/entrenotasyacordes.com\/index.php?rest_route=%2Fwp%2Fv2%2Fmedia&parent=4734"}],"wp:term":[{"taxonomy":"category","embeddable":true,"href":"https:\/\/entrenotasyacordes.com\/index.php?rest_route=%2Fwp%2Fv2%2Fcategories&post=4734"},{"taxonomy":"post_tag","embeddable":true,"href":"https:\/\/entrenotasyacordes.com\/index.php?rest_route=%2Fwp%2Fv2%2Ftags&post=4734"}],"curies":[{"name":"wp","href":"https:\/\/api.w.org\/{rel}","templated":true}]}}