{"id":4742,"date":"2024-01-26T13:18:25","date_gmt":"2024-01-26T13:18:25","guid":{"rendered":"https:\/\/entrenotasyacordes.com\/?p=4742"},"modified":"2024-01-26T13:18:27","modified_gmt":"2024-01-26T13:18:27","slug":"ser-estreno-el-divertido-videoclip-de-su-hit-dame-mas-feat-dr-shenka-filmado-entre-argentina-y-mexico","status":"publish","type":"post","link":"https:\/\/entrenotasyacordes.com\/?p=4742","title":{"rendered":"SER estren\u00f3 el divertido videoclip de su hit \u201cDame M\u00e1s\u201d feat Dr. Shenka filmado entre Argentina y M\u00e9xico."},"content":{"rendered":"\n<!--more-->\n\n\n\n<p class=\"has-black-color has-text-color has-link-color wp-elements-a0f9786af5fb7d3a0ba140a8f9e24989\">La canci\u00f3n, que lleg\u00f3 al #1 del Chart de Argentina,\u00a0se perfila como uno de los temas m\u00e1s fuertes del verano.<strong>\u00a0\u00a0<\/strong><\/p>\n\n\n\n<div style=\"height:16px\" aria-hidden=\"true\" class=\"wp-block-spacer\"><\/div>\n\n\n\n<figure class=\"wp-block-embed is-type-video is-provider-youtube wp-block-embed-youtube wp-embed-aspect-16-9 wp-has-aspect-ratio\"><div class=\"wp-block-embed__wrapper\">\n<div class=\"epyt-video-wrapper\"><iframe loading=\"lazy\"  id=\"_ytid_14571\"  width=\"640\" height=\"360\"  data-origwidth=\"640\" data-origheight=\"360\" src=\"https:\/\/www.youtube.com\/embed\/zF0XcrkDsJs?enablejsapi=1&#038;autoplay=0&#038;cc_load_policy=0&#038;cc_lang_pref=&#038;iv_load_policy=1&#038;loop=0&#038;rel=1&#038;fs=1&#038;playsinline=0&#038;autohide=2&#038;theme=dark&#038;color=white&#038;controls=1&#038;\" class=\"__youtube_prefs__  epyt-is-override  no-lazyload\" data-vol=\"50\"  title=\"YouTube player\"  allow=\"fullscreen; accelerometer; autoplay; clipboard-write; encrypted-media; gyroscope; picture-in-picture; web-share\" referrerpolicy=\"strict-origin-when-cross-origin\" allowfullscreen data-no-lazy=\"1\" data-skipgform_ajax_framebjll=\"\"><\/iframe><\/div>\n<\/div><\/figure>\n\n\n\n<div style=\"height:16px\" aria-hidden=\"true\" class=\"wp-block-spacer\"><\/div>\n\n\n\n<p class=\"has-black-color has-text-color has-link-color wp-elements-c2d46b95c3a17b94a6c959adb42b5590\">La banda argentina <strong>SER<\/strong><strong> <\/strong>estren\u00f3 el videoclip de su <strong>hit <\/strong><strong><em>\u201cDame M\u00e1s\u201d<\/em><\/strong><strong> <\/strong>junto a <strong>Dr. Shenka<\/strong> (<strong>Pante\u00f3n Rococ\u00f3<\/strong> &#8211; M\u00e9xico).&nbsp; <em>Una canci\u00f3n bien arriba con una pata en el <\/em><strong><em>cuarteto<\/em><\/strong><em> y otra en el <\/em><strong><em>ska latinoamericano<\/em><\/strong><em>, en la cual tambi\u00e9n participan <\/em>Agust\u00edn Cuadrado y Marcos Ozamis de<strong> Los Caligaris <\/strong>y Marcelo y Diego Blanco de<strong> Los Pericos.&nbsp;<\/strong><\/p>\n\n\n\n<div style=\"height:16px\" aria-hidden=\"true\" class=\"wp-block-spacer\"><\/div>\n\n\n\n<p class=\"has-black-color has-text-color has-link-color wp-elements-b9a9f8cc20a37d1d85c0dd2019f3250a\">El video, <strong><em>filmado en formato cine<\/em><\/strong>, fue dirigido por Le\u00f3n Romer en el restaurant mexicano La Huichula de Villa Urquiza (Buenos Aires) y las im\u00e1genes de Dr. Shenka fueron filmadas en Ciudad de M\u00e9xico.<\/p>\n\n\n\n<div style=\"height:16px\" aria-hidden=\"true\" class=\"wp-block-spacer\"><\/div>\n\n\n\n<p class=\"has-black-color has-text-color has-link-color wp-elements-4742b29f763799dabd43e44a572f77a4\"><em>\u201cNos divertimos much\u00edsimo filmando este <\/em><a href=\"https:\/\/www.youtube.com\/watch?v=zF0XcrkDsJs\" target=\"_blank\" rel=\"noreferrer noopener\"><em>videoclip<\/em><\/a><em>! Por supuesto usamos el modo comedia!\u201d<\/em>, comenta <strong>Fede Berdullas<\/strong>, cantante y compositor de <strong>SER<\/strong>.&nbsp; <em>\u201c<\/em><em>La historia cuenta que tres presos escapan de la c\u00e1rcel mientras los persigue la polic\u00eda, llegan un restaurant mexicano,&nbsp; entran y encuentran ropa de mariachis, se las ponen para disimular su presencia y a partir de ah\u00ed todo es un delirio hermoso que invitamos a disfrutar vi\u00e9ndolo!\u201d.<\/em><\/p>\n\n\n\n<div style=\"height:16px\" aria-hidden=\"true\" class=\"wp-block-spacer\"><\/div>\n\n\n\n<p class=\"has-black-color has-text-color has-link-color wp-elements-de2e9d856dd69040d589952c3d9df5c8\">Sobre la colaboraci\u00f3n con Dr. Shenka, <strong>Fede <\/strong>cuenta<strong>:<\/strong> <em>\u201cA <\/em><strong><em>Shenka<\/em><\/strong><em> lo conoc\u00ed en el <\/em><strong><em>Festival Vive Latino<\/em><\/strong><em> en Ciudad de M\u00e9xico en marzo 2023.&nbsp; Recuerdo que est\u00e1bamos en el camar\u00edn de nuestros amigos y maestros <\/em><strong><em>Los Pericos<\/em><\/strong><em>, de pronto aparece Shenka que fue uno de los invitados de ese super show.&nbsp; \u00a1Qued\u00e9 impactado por su alt\u00edsima energ\u00eda abajo y arriba del escenario!&nbsp; Unos d\u00edas despu\u00e9s caminando por Guadalajara me llega al celular la mezcla final de la canci\u00f3n <\/em><strong><em>\u201cDame M\u00e1s\u201d<\/em><\/strong><em>, instant\u00e1neamente pens\u00e9 en <\/em><strong><em>Shenka<\/em><\/strong><em>, ya que ese tema tiene elementos del <\/em><strong><em>ska latinoamericano<\/em><\/strong><em>, y dije: \u201cesto es una se\u00f1al\u201d.&nbsp; Le enviamos la canci\u00f3n y a <\/em><strong><em>Dr. Shenka<\/em><\/strong><em> le encant\u00f3.&nbsp; \u00a1A los pocos d\u00edas ten\u00edamos sus voces!&nbsp; Sincronicidad m\u00e1gica.\u201d<\/em><\/p>\n\n\n\n<div style=\"height:16px\" aria-hidden=\"true\" class=\"wp-block-spacer\"><\/div>\n\n\n\n<p class=\"has-black-color has-text-color has-link-color wp-elements-9c9f90bf845d210e6dc74cdc20977826\">La canci\u00f3n, que se perfila como uno de los temas m\u00e1s fuertes del verano, lleg\u00f3 al <strong>puesto #1 en el Chart Nacional Hot Song de Monitor Latino en Argentina<\/strong>.&nbsp;&nbsp;<\/p>\n\n\n\n<div style=\"height:16px\" aria-hidden=\"true\" class=\"wp-block-spacer\"><\/div>\n\n\n\n<p class=\"has-black-color has-text-color has-link-color wp-elements-2825c30fa1f9b81ee2f7afc1a434a967\">El pasado fin de semana <strong>SER<\/strong> se present\u00f3 junto a <strong>La K\u2019onga<\/strong> y <strong>Dale Q\u2019 Va<\/strong> ante <strong>40.000 personas<\/strong> en Encuentro de las Naciones 2024 en el marco de la Fiesta Departamental de la Vendimia en Jun\u00edn, Mendoza.&nbsp;&nbsp;<\/p>\n\n\n\n<div style=\"height:16px\" aria-hidden=\"true\" class=\"wp-block-spacer\"><\/div>\n\n\n\n<figure class=\"wp-block-image size-large\"><img loading=\"lazy\" decoding=\"async\" width=\"1024\" height=\"576\" src=\"https:\/\/entrenotasyacordes.com\/wp-content\/uploads\/2024\/01\/image2-3-1024x576.jpg\" alt=\"\" class=\"wp-image-4743\" srcset=\"https:\/\/entrenotasyacordes.com\/wp-content\/uploads\/2024\/01\/image2-3-1024x576.jpg 1024w, https:\/\/entrenotasyacordes.com\/wp-content\/uploads\/2024\/01\/image2-3-300x169.jpg 300w, https:\/\/entrenotasyacordes.com\/wp-content\/uploads\/2024\/01\/image2-3-768x432.jpg 768w, https:\/\/entrenotasyacordes.com\/wp-content\/uploads\/2024\/01\/image2-3.jpg 1214w\" sizes=\"auto, (max-width: 1024px) 100vw, 1024px\" \/><\/figure>\n\n\n\n<div style=\"height:16px\" aria-hidden=\"true\" class=\"wp-block-spacer\"><\/div>\n\n\n\n<p class=\"has-black-color has-text-color has-link-color wp-elements-2973f6f5e3692521d75b1765a7dc8c21\">En 2023<strong> <\/strong><strong>SER<\/strong> lanz\u00f3 <strong><em>\u201cEl Anillo y Vos\u201d<\/em><\/strong> junto a la <strong>estrella mexicana<\/strong> <strong>PATY CANT\u00da<\/strong>.&nbsp; Una irresistible canci\u00f3n de verano al ritmo de cumbia reggae pop, que los llev\u00f3<strong> 3 semanas de <\/strong><a href=\"https:\/\/www.instagram.com\/p\/Cq9LVLprTo7\/\" target=\"_blank\" rel=\"noreferrer noopener\"><strong>GIRA por Ciudad de M\u00e9xico, Guadalajara y Monterrey<\/strong><\/a><strong>,<\/strong> posicion\u00e1ndose en las principales radios, canales de TV y a ocupar las primeras planas de los diarios del pa\u00eds azteca, incluyendo <strong>portadas en Reforma y El Universal.<\/strong>&nbsp;<\/p>\n\n\n\n<div style=\"height:16px\" aria-hidden=\"true\" class=\"wp-block-spacer\"><\/div>\n\n\n\n<p class=\"has-black-color has-text-color has-link-color wp-elements-c5e1e1106ec1110ac88a50ab9edd7bba\">A su regreso a Argentina tuvieron el honor de tocar en <a href=\"https:\/\/www.instagram.com\/p\/CryWexqsb_w\/\" target=\"_blank\" rel=\"noreferrer noopener\"><strong>ESTADIO V\u00c9LEZ<\/strong><\/a> abriendo el concierto del artista internacional <strong>ROMEO SANTOS<\/strong>.<\/p>\n\n\n\n<div style=\"height:16px\" aria-hidden=\"true\" class=\"wp-block-spacer\"><\/div>\n\n\n\n<p class=\"has-black-color has-text-color has-link-color wp-elements-a114984f00e1df65d642498b86e1a376\">En abril 2023 lanzaron <strong><em>\u201cEsta Noche\u201d<\/em><\/strong> cantado en espa\u00f1ol y portugu\u00e9s que lleg\u00f3 al <strong>#4 en el Chart Nacional de Argentina.&nbsp;&nbsp;<\/strong><\/p>\n\n\n\n<div style=\"height:16px\" aria-hidden=\"true\" class=\"wp-block-spacer\"><\/div>\n\n\n\n<p class=\"has-black-color has-text-color has-link-color wp-elements-5a792c51285df10934d68c59a26d9229\">El tercer single<strong> <\/strong><strong><em>\u201cMy Love\u201d<\/em><\/strong><strong> <\/strong>junto al rapero de<strong> NETFLIX King Vvibe debut\u00f3 #1 <\/strong>en el<strong> Chart Hot Song <\/strong>de Monitor Latino as\u00ed como <strong>su nuevo single<\/strong> <strong><em>\u201cDame M\u00e1s\u201d<\/em><\/strong> feat Dr. Shenka de M\u00e9xico.&nbsp;&nbsp;<\/p>\n\n\n\n<div style=\"height:16px\" aria-hidden=\"true\" class=\"wp-block-spacer\"><\/div>\n\n\n\n<p class=\"has-black-color has-text-color has-link-color wp-elements-8055c1e9aedcd878ecf496aeb9946718\">Los conciertos de <strong>SER<\/strong> son una fiesta de m\u00fasica popular donde conviven ritmos latinos, pop, rock, reggae, tropipop, ska, hip-hop, cumbia y baile.&nbsp; Un espect\u00e1culo bien arriba, colorido y con muy buena vibra, es por ello que se han presentado en los principales<strong> <\/strong><a href=\"https:\/\/www.instagram.com\/p\/Cxx762GLAUz\/\" target=\"_blank\" rel=\"noreferrer noopener\"><strong>festivales<\/strong><\/a><strong> <\/strong>y<strong> <\/strong><a href=\"https:\/\/www.instagram.com\/p\/Cn7JbUxjskT\/\" target=\"_blank\" rel=\"noreferrer noopener\"><strong>fiestas nacionales<\/strong><\/a><strong> <\/strong>de todo el pa\u00eds,<strong> <\/strong><a href=\"https:\/\/www.instagram.com\/p\/CwGiqWFMpop\/\" target=\"_blank\" rel=\"noreferrer noopener\"><strong>Paraguay<\/strong><\/a><strong> y <\/strong><a href=\"https:\/\/www.instagram.com\/p\/Cq9LVLprTo7\/\" target=\"_blank\" rel=\"noreferrer noopener\"><strong>M\u00e9xico<\/strong><\/a>, y hasta <strong>fueron elegidos por el grandioso <\/strong><a href=\"https:\/\/www.instagram.com\/p\/CvKngnwtkTt\/\" target=\"_blank\" rel=\"noreferrer noopener\"><strong>CIRQUE DU SOLEIL<\/strong><\/a><strong> <\/strong>para tocar en su fiesta de fin de gira.<\/p>\n\n\n\n<div style=\"height:16px\" aria-hidden=\"true\" class=\"wp-block-spacer\"><\/div>\n","protected":false},"excerpt":{"rendered":"","protected":false},"author":5,"featured_media":4744,"comment_status":"open","ping_status":"open","sticky":false,"template":"","format":"standard","meta":{"om_disable_all_campaigns":false,"_uf_show_specific_survey":0,"_uf_disable_surveys":false,"footnotes":""},"categories":[4],"tags":[],"class_list":["post-4742","post","type-post","status-publish","format-standard","has-post-thumbnail","hentry","category-musica"],"_links":{"self":[{"href":"https:\/\/entrenotasyacordes.com\/index.php?rest_route=\/wp\/v2\/posts\/4742","targetHints":{"allow":["GET"]}}],"collection":[{"href":"https:\/\/entrenotasyacordes.com\/index.php?rest_route=\/wp\/v2\/posts"}],"about":[{"href":"https:\/\/entrenotasyacordes.com\/index.php?rest_route=\/wp\/v2\/types\/post"}],"author":[{"embeddable":true,"href":"https:\/\/entrenotasyacordes.com\/index.php?rest_route=\/wp\/v2\/users\/5"}],"replies":[{"embeddable":true,"href":"https:\/\/entrenotasyacordes.com\/index.php?rest_route=%2Fwp%2Fv2%2Fcomments&post=4742"}],"version-history":[{"count":2,"href":"https:\/\/entrenotasyacordes.com\/index.php?rest_route=\/wp\/v2\/posts\/4742\/revisions"}],"predecessor-version":[{"id":4746,"href":"https:\/\/entrenotasyacordes.com\/index.php?rest_route=\/wp\/v2\/posts\/4742\/revisions\/4746"}],"wp:featuredmedia":[{"embeddable":true,"href":"https:\/\/entrenotasyacordes.com\/index.php?rest_route=\/wp\/v2\/media\/4744"}],"wp:attachment":[{"href":"https:\/\/entrenotasyacordes.com\/index.php?rest_route=%2Fwp%2Fv2%2Fmedia&parent=4742"}],"wp:term":[{"taxonomy":"category","embeddable":true,"href":"https:\/\/entrenotasyacordes.com\/index.php?rest_route=%2Fwp%2Fv2%2Fcategories&post=4742"},{"taxonomy":"post_tag","embeddable":true,"href":"https:\/\/entrenotasyacordes.com\/index.php?rest_route=%2Fwp%2Fv2%2Ftags&post=4742"}],"curies":[{"name":"wp","href":"https:\/\/api.w.org\/{rel}","templated":true}]}}