{"id":4747,"date":"2024-01-26T15:16:38","date_gmt":"2024-01-26T15:16:38","guid":{"rendered":"https:\/\/entrenotasyacordes.com\/?p=4747"},"modified":"2024-01-26T15:16:39","modified_gmt":"2024-01-26T15:16:39","slug":"se-cumplen-31-anos-de-bed-of-roses-de-bon-jovi","status":"publish","type":"post","link":"https:\/\/entrenotasyacordes.com\/?p=4747","title":{"rendered":"SE CUMPLEN 31 A\u00d1OS DE BED OF ROSES DE BON JOVI"},"content":{"rendered":"\n<div style=\"height:19px\" aria-hidden=\"true\" class=\"wp-block-spacer\"><\/div>\n\n\n\n<!--more-->\n\n\n\n<figure class=\"wp-block-embed is-type-video is-provider-youtube wp-block-embed-youtube wp-embed-aspect-16-9 wp-has-aspect-ratio\"><div class=\"wp-block-embed__wrapper\">\n<div class=\"epyt-video-wrapper\"><iframe loading=\"lazy\"  id=\"_ytid_22748\"  width=\"640\" height=\"360\"  data-origwidth=\"640\" data-origheight=\"360\" src=\"https:\/\/www.youtube.com\/embed\/NvR60Wg9R7Q?enablejsapi=1&#038;autoplay=0&#038;cc_load_policy=0&#038;cc_lang_pref=&#038;iv_load_policy=1&#038;loop=0&#038;rel=1&#038;fs=1&#038;playsinline=0&#038;autohide=2&#038;theme=dark&#038;color=white&#038;controls=1&#038;\" class=\"__youtube_prefs__  epyt-is-override  no-lazyload\" data-vol=\"50\"  title=\"YouTube player\"  allow=\"fullscreen; accelerometer; autoplay; clipboard-write; encrypted-media; gyroscope; picture-in-picture; web-share\" referrerpolicy=\"strict-origin-when-cross-origin\" allowfullscreen data-no-lazy=\"1\" data-skipgform_ajax_framebjll=\"\"><\/iframe><\/div>\n<\/div><\/figure>\n\n\n\n<div style=\"height:26px\" aria-hidden=\"true\" class=\"wp-block-spacer\"><\/div>\n\n\n\n<p class=\"has-black-color has-text-color has-link-color wp-elements-be9afcc725b1091d436903aad7a37514\">\u00abBed Of Roses\u00bb (en espa\u00f1ol: \u00abCama de rosas\u00bb) es una power ballad interpretada por la banda de hard rock estadounidense Bon Jovi, lanzado como segundo sencillo de su quinto \u00e1lbum de estudio Keep The Faith (1992). El single fue publicado por la empresa discogr\u00e1fica Mercury Records el 11 de enero de 1993.<\/p>\n\n\n\n<div style=\"height:26px\" aria-hidden=\"true\" class=\"wp-block-spacer\"><\/div>\n\n\n\n<p class=\"has-black-color has-text-color has-link-color wp-elements-f3e4b46bb560480d3664fcadd4057333\">Jon Bon Jovi escribi\u00f3 la canci\u00f3n en un cuarto de hotel tras una resaca, mientras que las letras describen lo que estaba sintiendo en aquel momento. La canci\u00f3n incluye largos sonidos de guitarra junto con un piano, mientras Jon interpreta la canci\u00f3n en notas altas.<\/p>\n\n\n\n<div style=\"height:26px\" aria-hidden=\"true\" class=\"wp-block-spacer\"><\/div>\n\n\n\n<p class=\"has-black-color has-text-color has-link-color wp-elements-f5f613bd010d464eae35d47c783fdb03\">El sonido \u00abpower ballad\u00bb convirti\u00f3 a la canci\u00f3n en un \u00e9xito, demostrando lo nuevo de la banda, con un sonido m\u00e1s maduro en comparaci\u00f3n a sus \u00e1lbumes de glam metal que les dieron \u00e9xito internacional durante la d\u00e9cada de los 80&#8217;s. La canci\u00f3n logr\u00f3 posicionarse en la d\u00e9cima posici\u00f3n del conteo estadounidense, Billboard Hot 100, convirti\u00e9ndose en la novena canci\u00f3n de la banda en trazar en el top 10 de la lista.<\/p>\n\n\n\n<div style=\"height:26px\" aria-hidden=\"true\" class=\"wp-block-spacer\"><\/div>\n\n\n\n<p class=\"has-black-color has-text-color has-link-color wp-elements-ed8ed4eeead7e33166335e78ae68f44b\">Una versi\u00f3n en espa\u00f1ol titulada, Cama de rosas, fue grabada e incluida en las versiones latinoamericanas y espa\u00f1olas del \u00e1lbum. La canci\u00f3n logr\u00f3 la primera posici\u00f3n en la lista espa\u00f1ola Los 40 principales.<\/p>\n\n\n\n<div style=\"height:26px\" aria-hidden=\"true\" class=\"wp-block-spacer\"><\/div>\n\n\n\n<p class=\"has-black-color has-text-color has-link-color wp-elements-6806921e79675f9c221a27b4184c5930\">En noviembre de 1993, la banda comenz\u00f3 una gira por latinoamerica, en la que viajaron a Guatemala, Costa Rica, Paraguay, Venezuela, Brasil, Chile, Argentina y la concluyeron el 16 de noviembre en Monterrey (M\u00e9xico). Entremedias, se vieron obligados a cancelar su actuaci\u00f3n en Per\u00fa por motivos de seguridad relacionados con el terrorismo.<\/p>\n\n\n\n<div style=\"height:26px\" aria-hidden=\"true\" class=\"wp-block-spacer\"><\/div>\n\n\n\n<p class=\"has-black-color has-text-color has-link-color wp-elements-65429c200d5f9df6ebadfc6f71a6b572\">Las \u00faltimas actuaciones las ofrecieron en Canad\u00e1, donde culminaron la gira el 17 de diciembre en San Juan de Terranova.<\/p>\n\n\n\n<div style=\"height:26px\" aria-hidden=\"true\" class=\"wp-block-spacer\"><\/div>\n\n\n\n<p class=\"has-black-color has-text-color has-link-color wp-elements-62076c2e76fddf7e78bd3548ea94638b\">En total, entre las dos giras, la banda realiz\u00f3 177 conciertos y visit\u00f3 37 pa\u00edses.<\/p>\n\n\n\n<div style=\"height:26px\" aria-hidden=\"true\" class=\"wp-block-spacer\"><\/div>\n","protected":false},"excerpt":{"rendered":"","protected":false},"author":5,"featured_media":4748,"comment_status":"open","ping_status":"open","sticky":false,"template":"","format":"standard","meta":{"om_disable_all_campaigns":false,"_uf_show_specific_survey":0,"_uf_disable_surveys":false,"footnotes":""},"categories":[10],"tags":[],"class_list":["post-4747","post","type-post","status-publish","format-standard","has-post-thumbnail","hentry","category-videos"],"_links":{"self":[{"href":"https:\/\/entrenotasyacordes.com\/index.php?rest_route=\/wp\/v2\/posts\/4747","targetHints":{"allow":["GET"]}}],"collection":[{"href":"https:\/\/entrenotasyacordes.com\/index.php?rest_route=\/wp\/v2\/posts"}],"about":[{"href":"https:\/\/entrenotasyacordes.com\/index.php?rest_route=\/wp\/v2\/types\/post"}],"author":[{"embeddable":true,"href":"https:\/\/entrenotasyacordes.com\/index.php?rest_route=\/wp\/v2\/users\/5"}],"replies":[{"embeddable":true,"href":"https:\/\/entrenotasyacordes.com\/index.php?rest_route=%2Fwp%2Fv2%2Fcomments&post=4747"}],"version-history":[{"count":2,"href":"https:\/\/entrenotasyacordes.com\/index.php?rest_route=\/wp\/v2\/posts\/4747\/revisions"}],"predecessor-version":[{"id":4750,"href":"https:\/\/entrenotasyacordes.com\/index.php?rest_route=\/wp\/v2\/posts\/4747\/revisions\/4750"}],"wp:featuredmedia":[{"embeddable":true,"href":"https:\/\/entrenotasyacordes.com\/index.php?rest_route=\/wp\/v2\/media\/4748"}],"wp:attachment":[{"href":"https:\/\/entrenotasyacordes.com\/index.php?rest_route=%2Fwp%2Fv2%2Fmedia&parent=4747"}],"wp:term":[{"taxonomy":"category","embeddable":true,"href":"https:\/\/entrenotasyacordes.com\/index.php?rest_route=%2Fwp%2Fv2%2Fcategories&post=4747"},{"taxonomy":"post_tag","embeddable":true,"href":"https:\/\/entrenotasyacordes.com\/index.php?rest_route=%2Fwp%2Fv2%2Ftags&post=4747"}],"curies":[{"name":"wp","href":"https:\/\/api.w.org\/{rel}","templated":true}]}}