{"id":4752,"date":"2024-01-27T13:16:13","date_gmt":"2024-01-27T13:16:13","guid":{"rendered":"https:\/\/entrenotasyacordes.com\/?p=4752"},"modified":"2024-01-27T13:18:36","modified_gmt":"2024-01-27T13:18:36","slug":"janick-gers-y-sus-66-anos","status":"publish","type":"post","link":"https:\/\/entrenotasyacordes.com\/?p=4752","title":{"rendered":"JANICK GERS Y SUS 66 A\u00d1OS"},"content":{"rendered":"\n<!--more-->\n\n\n\n<p class=\"has-black-color has-text-color has-link-color wp-elements-b8a79866b44ca42f1e2ab7768d96d7ad\">Janick Gers naci\u00f3 en Harlepool, Inglaterra el 27 de enero de 1957. Es el guitarrista y compositor del grupo de Heavy metal Iron Maiden desde 1990, cuando ingres\u00f3 para sustituir a Adrian Smith y sumarse a la promoci\u00f3n del disco No Prayer for the Dying, para el cual no colabor\u00f3 en las composiciones. El \u00faltimo disco de la banda fue \u00abSenjutsu\u00bb en 2021.<\/p>\n\n\n\n<div style=\"height:20px\" aria-hidden=\"true\" class=\"wp-block-spacer\"><\/div>\n\n\n\n<p class=\"has-black-color has-text-color has-link-color wp-elements-5c8cddc2431d818329e69b76ee781e08\">Su labor como compositor se puede apreciar desde el \u00e1lbum Fear of the Dark, donde aport\u00f3 en canciones como \u00abBe Quick or Be Dead\u00bb y \u00abWasting Love\u00bb. Su distintivo sonido no solo se presenta a la hora de tocar en los directos y en las grabaciones de estudio, sino tambi\u00e9n en sus composiciones, como se aprecia en composiciones de \u00abDance of Death\u00bb, \u00abMonts\u00e9gur\u00bb, \u00abGates of Tomorrow\u00bb, \u00abThe Legacy\u00bb, \u00abThe Pilgrim\u00bb y \u00abThe Talisman\u00bb. Con Iron Maiden lleva nueve \u00e1lbumes de estudio.<\/p>\n\n\n\n<div style=\"height:20px\" aria-hidden=\"true\" class=\"wp-block-spacer\"><\/div>\n\n\n\n<p class=\"has-black-color has-text-color has-link-color wp-elements-65bd6482edd88332021cf042b67b5e04\">Cabe destacar que Gers es zurdo, pero toca la guitarra como diestro. Adem\u00e1s de m\u00fasico y compositor, posee el t\u00edtulo de licenciado en Sociolog\u00eda.<\/p>\n\n\n\n<div style=\"height:20px\" aria-hidden=\"true\" class=\"wp-block-spacer\"><\/div>\n\n\n\n<p><\/p>\n","protected":false},"excerpt":{"rendered":"","protected":false},"author":5,"featured_media":4756,"comment_status":"open","ping_status":"open","sticky":false,"template":"","format":"standard","meta":{"om_disable_all_campaigns":false,"_uf_show_specific_survey":0,"_uf_disable_surveys":false,"footnotes":""},"categories":[10],"tags":[],"class_list":["post-4752","post","type-post","status-publish","format-standard","has-post-thumbnail","hentry","category-videos"],"_links":{"self":[{"href":"https:\/\/entrenotasyacordes.com\/index.php?rest_route=\/wp\/v2\/posts\/4752","targetHints":{"allow":["GET"]}}],"collection":[{"href":"https:\/\/entrenotasyacordes.com\/index.php?rest_route=\/wp\/v2\/posts"}],"about":[{"href":"https:\/\/entrenotasyacordes.com\/index.php?rest_route=\/wp\/v2\/types\/post"}],"author":[{"embeddable":true,"href":"https:\/\/entrenotasyacordes.com\/index.php?rest_route=\/wp\/v2\/users\/5"}],"replies":[{"embeddable":true,"href":"https:\/\/entrenotasyacordes.com\/index.php?rest_route=%2Fwp%2Fv2%2Fcomments&post=4752"}],"version-history":[{"count":1,"href":"https:\/\/entrenotasyacordes.com\/index.php?rest_route=\/wp\/v2\/posts\/4752\/revisions"}],"predecessor-version":[{"id":4754,"href":"https:\/\/entrenotasyacordes.com\/index.php?rest_route=\/wp\/v2\/posts\/4752\/revisions\/4754"}],"wp:featuredmedia":[{"embeddable":true,"href":"https:\/\/entrenotasyacordes.com\/index.php?rest_route=\/wp\/v2\/media\/4756"}],"wp:attachment":[{"href":"https:\/\/entrenotasyacordes.com\/index.php?rest_route=%2Fwp%2Fv2%2Fmedia&parent=4752"}],"wp:term":[{"taxonomy":"category","embeddable":true,"href":"https:\/\/entrenotasyacordes.com\/index.php?rest_route=%2Fwp%2Fv2%2Fcategories&post=4752"},{"taxonomy":"post_tag","embeddable":true,"href":"https:\/\/entrenotasyacordes.com\/index.php?rest_route=%2Fwp%2Fv2%2Ftags&post=4752"}],"curies":[{"name":"wp","href":"https:\/\/api.w.org\/{rel}","templated":true}]}}