{"id":4761,"date":"2024-01-29T12:42:24","date_gmt":"2024-01-29T12:42:24","guid":{"rendered":"https:\/\/entrenotasyacordes.com\/?p=4761"},"modified":"2024-01-29T12:42:26","modified_gmt":"2024-01-29T12:42:26","slug":"%c2%a8rock-barrial-tipo-country%c2%a8-el-nuevo-single-terapia","status":"publish","type":"post","link":"https:\/\/entrenotasyacordes.com\/?p=4761","title":{"rendered":"\u00a8Rock Barrial Tipo country\u00a8  El nuevo single Terapia"},"content":{"rendered":"\n<!--more-->\n\n\n\n<figure class=\"wp-block-embed is-type-video is-provider-youtube wp-block-embed-youtube wp-embed-aspect-4-3 wp-has-aspect-ratio\"><div class=\"wp-block-embed__wrapper\">\n<div class=\"epyt-video-wrapper\"><iframe loading=\"lazy\"  id=\"_ytid_42057\"  width=\"640\" height=\"360\"  data-origwidth=\"640\" data-origheight=\"360\" src=\"https:\/\/www.youtube.com\/embed\/7vTUE0j_HMs?enablejsapi=1&#038;autoplay=0&#038;cc_load_policy=0&#038;cc_lang_pref=&#038;iv_load_policy=1&#038;loop=0&#038;rel=1&#038;fs=1&#038;playsinline=0&#038;autohide=2&#038;theme=dark&#038;color=white&#038;controls=1&#038;\" class=\"__youtube_prefs__  epyt-is-override  no-lazyload\" data-vol=\"50\"  title=\"YouTube player\"  allow=\"fullscreen; accelerometer; autoplay; clipboard-write; encrypted-media; gyroscope; picture-in-picture; web-share\" referrerpolicy=\"strict-origin-when-cross-origin\" allowfullscreen data-no-lazy=\"1\" data-skipgform_ajax_framebjll=\"\"><\/iframe><\/div>\n<\/div><\/figure>\n\n\n\n<div style=\"height:31px\" aria-hidden=\"true\" class=\"wp-block-spacer\"><\/div>\n\n\n\n<p class=\"has-black-color has-text-color has-link-color wp-elements-1200bfc568dd00d8553a9796212de646\"><strong>Terapia<\/strong>\u00a0vuelve en forma de golosina prensada con dos canciones que someter\u00e1n a sus oyentes a parar la oreja.\u00a0<\/p>\n\n\n\n<div style=\"height:13px\" aria-hidden=\"true\" class=\"wp-block-spacer\"><\/div>\n\n\n\n<p class=\"has-black-color has-text-color has-link-color wp-elements-1187b8e7efb68627bb6b66ab98f471b6\"><strong>\u00abRock barrial tipo country\u00bb<\/strong>, oda a Intoxicados, es un soundtrack que pasa por terrenos bald\u00edos de una pel\u00edcula western en los barrios perdidos de Buenos Aires.<\/p>\n\n\n\n<div style=\"height:13px\" aria-hidden=\"true\" class=\"wp-block-spacer\"><\/div>\n\n\n\n<p class=\"has-black-color has-text-color has-link-color wp-elements-0bec9d53cdfc0665b1e81bcac3a11748\">\u00abEl gordo Messi\u00bb pasea por dichos barrios en su Reno Clio, escuchando Terapia con amigos y celebrando el nuevo a\u00f1o comiendo helado.<\/p>\n\n\n\n<div style=\"height:13px\" aria-hidden=\"true\" class=\"wp-block-spacer\"><\/div>\n\n\n\n<p class=\"has-black-color has-text-color has-link-color wp-elements-e2f91e8738f279fb723b17502e8b2c58\">\u00bfCual es el punto en com\u00fan entre ambas canciones? He aqu\u00ed el acertijo divino.\u00bb<\/p>\n\n\n\n<div style=\"height:13px\" aria-hidden=\"true\" class=\"wp-block-spacer\"><\/div>\n\n\n\n<figure class=\"wp-block-image size-large\"><img loading=\"lazy\" decoding=\"async\" width=\"1024\" height=\"1024\" src=\"https:\/\/entrenotasyacordes.com\/wp-content\/uploads\/2024\/01\/91080136-18cc-e1a8-df7d-e0f30baff5c0-1024x1024.jpg\" alt=\"\" class=\"wp-image-4762\" srcset=\"https:\/\/entrenotasyacordes.com\/wp-content\/uploads\/2024\/01\/91080136-18cc-e1a8-df7d-e0f30baff5c0-1024x1024.jpg 1024w, https:\/\/entrenotasyacordes.com\/wp-content\/uploads\/2024\/01\/91080136-18cc-e1a8-df7d-e0f30baff5c0-300x300.jpg 300w, https:\/\/entrenotasyacordes.com\/wp-content\/uploads\/2024\/01\/91080136-18cc-e1a8-df7d-e0f30baff5c0-150x150.jpg 150w, https:\/\/entrenotasyacordes.com\/wp-content\/uploads\/2024\/01\/91080136-18cc-e1a8-df7d-e0f30baff5c0-768x768.jpg 768w, https:\/\/entrenotasyacordes.com\/wp-content\/uploads\/2024\/01\/91080136-18cc-e1a8-df7d-e0f30baff5c0-1536x1536.jpg 1536w, https:\/\/entrenotasyacordes.com\/wp-content\/uploads\/2024\/01\/91080136-18cc-e1a8-df7d-e0f30baff5c0-2048x2048.jpg 2048w, https:\/\/entrenotasyacordes.com\/wp-content\/uploads\/2024\/01\/91080136-18cc-e1a8-df7d-e0f30baff5c0-50x50.jpg 50w\" sizes=\"auto, (max-width: 1024px) 100vw, 1024px\" \/><\/figure>\n\n\n\n<div style=\"height:13px\" aria-hidden=\"true\" class=\"wp-block-spacer\"><\/div>\n\n\n\n<p class=\"has-black-color has-text-color has-link-color wp-elements-77e2ead1b722c26eccce12b92244e6ba\"><strong>Acerca de Terapia<\/strong><\/p>\n\n\n\n<div style=\"height:13px\" aria-hidden=\"true\" class=\"wp-block-spacer\"><\/div>\n\n\n\n<p class=\"has-black-color has-text-color has-link-color wp-elements-3690ec4dd580de3d85e440c036492466\">Terapia es una banda argentina, conocida como \u201cLa T\u201d, integrada por Marki, Fesco, Nadir y Cappelletti. Desde la edici\u00f3n de su primer disco \u201cMiel\u201d (2018), editaron dos EP\u2019s, ambos acompa\u00f1ados de un cortometraje: \u201cTodo lo que hacemos sin saber por qu\u00e9\u201d (2019) y \u201c\u00bfD\u00f3nde Est\u00e1n Mis Amigos?\u201d (2020), y singles entre los que se destacan \u201cDrag Queen\u201d, \u201cCaliente\u201d y \u201cMochill Out\u201d ft Clara Cava.<\/p>\n\n\n\n<div style=\"height:13px\" aria-hidden=\"true\" class=\"wp-block-spacer\"><\/div>\n\n\n\n<p class=\"has-black-color has-text-color has-link-color wp-elements-ad7d58c575e2fd1679b6869915723a18\">Durante estos a\u00f1os la T en cada escenario que toca, viene demostrando su potencial que tanto la caracteriza de ser una banda que va por todo y no se guarda nada. Con un p\u00fablico fiel que los acompa\u00f1a agotando salas en cada show. Buscando llevar su m\u00fasica cada vez m\u00e1s lejos, han realizado giras por el interior del pa\u00eds y participaron en distintos festivales como Cosqu\u00edn rock, Baradero rock, Harlem festival, Provincia emergente, entre otros.<\/p>\n\n\n\n<div style=\"height:13px\" aria-hidden=\"true\" class=\"wp-block-spacer\"><\/div>\n\n\n\n<p class=\"has-black-color has-text-color has-link-color wp-elements-3a013b8b8b3f57b488fbbb5558343e08\">En el&nbsp; 2022, Terapia present\u00f3 \u201cTe Sigo Perdiendo\u201d, \u201cMc Donalds\u201d y Bandolera con la colaboraci\u00f3n de Santa Salut, adelantos de lo que ser\u00eda su disco \u201c\u00bfQu\u00e9 hacemos con todo este dinero?\u201d el cual fue editado en octubre de ese a\u00f1o.<\/p>\n\n\n\n<div style=\"height:13px\" aria-hidden=\"true\" class=\"wp-block-spacer\"><\/div>\n\n\n\n<p class=\"has-black-color has-text-color has-link-color wp-elements-598d1f4e54e670d88465e2351e9783a1\">El 2023 llega mostrando el lado m\u00e1s salvaje de la T. La potencia de sus vivos qued\u00f3 demostrada, una vez m\u00e1s, en el escenario de Rock en Baradero a principios del mes abril dando paso a su primer Niceto Club el pasado mes de mayo, adem\u00e1s de ser convocados para el showcase del Mica que se llev\u00f3 a cabo en el CCK el pasado 3 de junio y que en esa oportunidad destacaron en su show versi\u00f3n teatro.<\/p>\n\n\n\n<div style=\"height:13px\" aria-hidden=\"true\" class=\"wp-block-spacer\"><\/div>\n","protected":false},"excerpt":{"rendered":"","protected":false},"author":5,"featured_media":4763,"comment_status":"open","ping_status":"open","sticky":false,"template":"","format":"standard","meta":{"om_disable_all_campaigns":false,"_uf_show_specific_survey":0,"_uf_disable_surveys":false,"footnotes":""},"categories":[4],"tags":[],"class_list":["post-4761","post","type-post","status-publish","format-standard","has-post-thumbnail","hentry","category-musica"],"_links":{"self":[{"href":"https:\/\/entrenotasyacordes.com\/index.php?rest_route=\/wp\/v2\/posts\/4761","targetHints":{"allow":["GET"]}}],"collection":[{"href":"https:\/\/entrenotasyacordes.com\/index.php?rest_route=\/wp\/v2\/posts"}],"about":[{"href":"https:\/\/entrenotasyacordes.com\/index.php?rest_route=\/wp\/v2\/types\/post"}],"author":[{"embeddable":true,"href":"https:\/\/entrenotasyacordes.com\/index.php?rest_route=\/wp\/v2\/users\/5"}],"replies":[{"embeddable":true,"href":"https:\/\/entrenotasyacordes.com\/index.php?rest_route=%2Fwp%2Fv2%2Fcomments&post=4761"}],"version-history":[{"count":2,"href":"https:\/\/entrenotasyacordes.com\/index.php?rest_route=\/wp\/v2\/posts\/4761\/revisions"}],"predecessor-version":[{"id":4765,"href":"https:\/\/entrenotasyacordes.com\/index.php?rest_route=\/wp\/v2\/posts\/4761\/revisions\/4765"}],"wp:featuredmedia":[{"embeddable":true,"href":"https:\/\/entrenotasyacordes.com\/index.php?rest_route=\/wp\/v2\/media\/4763"}],"wp:attachment":[{"href":"https:\/\/entrenotasyacordes.com\/index.php?rest_route=%2Fwp%2Fv2%2Fmedia&parent=4761"}],"wp:term":[{"taxonomy":"category","embeddable":true,"href":"https:\/\/entrenotasyacordes.com\/index.php?rest_route=%2Fwp%2Fv2%2Fcategories&post=4761"},{"taxonomy":"post_tag","embeddable":true,"href":"https:\/\/entrenotasyacordes.com\/index.php?rest_route=%2Fwp%2Fv2%2Ftags&post=4761"}],"curies":[{"name":"wp","href":"https:\/\/api.w.org\/{rel}","templated":true}]}}