{"id":4766,"date":"2024-01-29T13:17:20","date_gmt":"2024-01-29T13:17:20","guid":{"rendered":"https:\/\/entrenotasyacordes.com\/?p=4766"},"modified":"2024-01-29T13:17:22","modified_gmt":"2024-01-29T13:17:22","slug":"dos-idolos-mundiales-de-la-musica-latina-maluma-y-j-balvin-presentan-su-anunciado-single-y-videogafas-negras","status":"publish","type":"post","link":"https:\/\/entrenotasyacordes.com\/?p=4766","title":{"rendered":"DOS \u00cdDOLOS MUNDIALES DE LA M\u00daSICA LATINA MALUMA Y J BALVIN PRESENTAN SU ANUNCIADO SINGLE Y VIDEO\u201cGAFAS NEGRAS\u201d"},"content":{"rendered":"\n<!--more-->\n\n\n\n<figure class=\"wp-block-embed is-type-video is-provider-youtube wp-block-embed-youtube wp-embed-aspect-16-9 wp-has-aspect-ratio\"><div class=\"wp-block-embed__wrapper\">\n<div class=\"epyt-video-wrapper\"><iframe loading=\"lazy\"  id=\"_ytid_16750\"  width=\"640\" height=\"360\"  data-origwidth=\"640\" data-origheight=\"360\" src=\"https:\/\/www.youtube.com\/embed\/RNOEuGx8FoU?enablejsapi=1&#038;autoplay=0&#038;cc_load_policy=0&#038;cc_lang_pref=&#038;iv_load_policy=1&#038;loop=0&#038;rel=1&#038;fs=1&#038;playsinline=0&#038;autohide=2&#038;theme=dark&#038;color=white&#038;controls=1&#038;\" class=\"__youtube_prefs__  epyt-is-override  no-lazyload\" data-vol=\"50\"  title=\"YouTube player\"  allow=\"fullscreen; accelerometer; autoplay; clipboard-write; encrypted-media; gyroscope; picture-in-picture; web-share\" referrerpolicy=\"strict-origin-when-cross-origin\" allowfullscreen data-no-lazy=\"1\" data-skipgform_ajax_framebjll=\"\"><\/iframe><\/div>\n<\/div><\/figure>\n\n\n\n<div style=\"height:15px\" aria-hidden=\"true\" class=\"wp-block-spacer\"><\/div>\n\n\n\n<p class=\"has-black-color has-text-color has-link-color wp-elements-7021f206ba0a25c45cfbec59a4776ba9\"><strong><em>MALUMA ES EL M\u00c1S NOMINADO A PREMIO LO NUESTRO CON 14 POSTULACIONES EN SU VERSI\u00d3N 2024<\/em><\/strong><\/p>\n\n\n\n<div style=\"height:20px\" aria-hidden=\"true\" class=\"wp-block-spacer\"><\/div>\n\n\n\n<p class=\"has-black-color has-text-color has-link-color wp-elements-78f4b2a49e7ec8e778d39fc0adbc5848\"><strong><em>\u00a1GRAN NOTICIA PARA LOS COLECCIONISTAS!<\/em><\/strong><br><strong><em>EL \u00c1LBUM \u201cDON JUAN\u201d ESTAR\u00c1 DISPONIBLE EN CD F\u00cdSICO DESDE ESTE VIERNES 26<\/em><\/strong><\/p>\n\n\n\n<div style=\"height:20px\" aria-hidden=\"true\" class=\"wp-block-spacer\"><\/div>\n\n\n\n<p class=\"has-black-color has-text-color has-link-color wp-elements-327a1fcd07e0354f4d330325f62fdef8\"><strong><em>ENCARGALO<\/em><\/strong><strong><em><a href=\"https:\/\/click.emails.sonymusicfans.com\/?qs=706208d7ac3eda2f2d6b0c887765603405d4e090520e0e2dee24a3ba3cc511064f77deb5622a2ccbe0ea03ac9f6adc61f1378f35c9d118f8\"><strong><em>AQU\u00cd<\/em><\/strong><\/a><\/em><\/strong><\/p>\n\n\n\n<div style=\"height:20px\" aria-hidden=\"true\" class=\"wp-block-spacer\"><\/div>\n\n\n\n<p class=\"has-black-color has-text-color has-link-color wp-elements-7bbdeee2fd3f2b2ee55c53397a3398ed\">Cuando\u00a0<strong>Maluma<\/strong>\u00a0y\u00a0<strong>J Balvin<\/strong>\u00a0se unen, el mundo de la m\u00fasica latina,\u00a0<strong>\u00a1tiembla!<\/strong>\u00a0Y en esta ocasi\u00f3n, los dos iconos e \u00eddolos globales, presentan su segunda y anunciada colaboraci\u00f3n, despu\u00e9s de \u201c<strong>Que Pena<\/strong>\u201d, se trata de\u00a0<strong>\u201cGAFAS NEGRAS<\/strong>\u201d. Una canci\u00f3n incluida en el m\u00e1s reciente \u00e1lbum de\u00a0<strong>Maluma<\/strong>,\u00a0<strong><em><a href=\"https:\/\/click.emails.sonymusicfans.com\/?qs=706208d7ac3eda2f00f7ed0712f6a52cd04ca90ef2311dde1e00444577514e4594858e6d72d4a8dabdca2ade7d0c3cbf296fd356d04c2d51\"><strong><em>DON JUAN<\/em><\/strong><\/a><\/em><\/strong>, trabajo nominado al Grammy<sup>\u00ae<\/sup>\u00a0americano en la categor\u00eda \u201cBest Latin Pop Album\u201d.<\/p>\n\n\n\n<div style=\"height:20px\" aria-hidden=\"true\" class=\"wp-block-spacer\"><\/div>\n\n\n\n<p class=\"has-black-color has-text-color has-link-color wp-elements-cffd273caff457d0a72ce59eb6d27165\"><strong>\u201cGAFAS NEGRAS\u201d<\/strong>\u00a0fue escrita por los dos artistas junto a Edgar Barrera, Jhayco, Bifi, DJ Luian y Jonathan Rivera. Producci\u00f3n por Madmusick y DJ Luian. Su cadenciosa letra relata la historia de dos amigos disfrutando y \u201cperreando\u201d (bailar reggaet\u00f3n), en una discoteca.<\/p>\n\n\n\n<div style=\"height:20px\" aria-hidden=\"true\" class=\"wp-block-spacer\"><\/div>\n\n\n\n<figure class=\"wp-block-embed is-type-rich is-provider-spotify wp-block-embed-spotify wp-embed-aspect-21-9 wp-has-aspect-ratio\"><div class=\"wp-block-embed__wrapper\">\n<iframe title=\"Spotify Embed: Gafas Negras\" style=\"border-radius: 12px\" width=\"100%\" height=\"352\" frameborder=\"0\" allowfullscreen allow=\"autoplay; clipboard-write; encrypted-media; fullscreen; picture-in-picture\" loading=\"lazy\" src=\"https:\/\/open.spotify.com\/embed\/album\/3nfeL4QZ0GZfkJbr8FHyHn?go=1&#038;nd=1&#038;dlsi=045e548165054788&#038;utm_source=oembed\"><\/iframe>\n<\/div><\/figure>\n\n\n\n<div style=\"height:20px\" aria-hidden=\"true\" class=\"wp-block-spacer\"><\/div>\n\n\n\n<p class=\"has-black-color has-text-color has-link-color wp-elements-b5c3b08d6b51bb8997b083f026da837f\">El video fue grabado en la ciudad de Medell\u00edn, Colombia, durante el lanzamiento exclusivo de\u00a0<strong><em>Don Juan<\/em>\u00a0<\/strong>, junto a los m\u00e1s cercanos amigos de la industria urbana, en la ciudad paisa. Un momento \u00fanico y una sorpresa perfecta ante la salida de J Balvin para captar la reacci\u00f3n de los invitados que luc\u00edan gafas negras y se encontraban viviendo de una fiesta hist\u00f3rica. Fue dirigido por C\u00e9sar \u201cT\u00e9s\u201d Pimienta de Royalty Films y Juan Pablo Caldas.<\/p>\n\n\n\n<div style=\"height:20px\" aria-hidden=\"true\" class=\"wp-block-spacer\"><\/div>\n\n\n\n<p class=\"has-black-color has-text-color has-link-color wp-elements-c3853129fb1d52e633a3459a95f99e0f\">El visual hizo su estreno mundial en MTV Live, MTVU, MTV Flow Latino y en toda la red global de canales de MTV, as\u00ed como en los carteles publicitarios de Paramount Times Square.<\/p>\n\n\n\n<div style=\"height:20px\" aria-hidden=\"true\" class=\"wp-block-spacer\"><\/div>\n\n\n\n<p class=\"has-black-color has-text-color has-link-color wp-elements-d90c2ee4fe4af4c64ef9b764f159fc8b\">Maluma comenz\u00f3 el 2024 siendo el artista m\u00e1s nominado en Premio Lo Nuestro, con 14 postulaciones compite en categor\u00edas como: Artista Premio Lo Nuestro, Mejor \u00c1lbum, Mejor Canci\u00f3n, Mejor Artista Pop Masculino del A\u00f1o, entre otras. Los premios se entregar\u00e1n el pr\u00f3ximo 22 de febrero de 2024 desde Miami y se transmitir\u00e1 en vivo por Univision. Vota AQU\u00cd<\/p>\n\n\n\n<div style=\"height:20px\" aria-hidden=\"true\" class=\"wp-block-spacer\"><\/div>\n\n\n\n<p class=\"has-black-color has-text-color has-link-color wp-elements-a2b08530c6077e486f383cf76f8089e3\">Como si fuera poco, su hit \u201cSeg\u00fan Qui\u00e9n\u201d s\u00e9 asegur\u00f3 el puesto n\u00famero uno en la lista Latin AirPlay de Billboard, convirti\u00e9ndose en la canci\u00f3n #1 del nuevo a\u00f1o.<\/p>\n\n\n\n<div style=\"height:20px\" aria-hidden=\"true\" class=\"wp-block-spacer\"><\/div>\n\n\n\n<p class=\"has-black-color has-text-color has-link-color wp-elements-621214fd073dadba0d5e1484dfa1897d\">&nbsp;El mes pasado, Maluma hizo una aparici\u00f3n en The Kelly Clarkson Show y CBS Mornings para hablar sobre su nueva nominaci\u00f3n al GRAMMY\u00ae por \u201cMejor \u00c1lbum de Pop Latino\u201d por su \u00faltimo \u00e1lbum Don Juan &#8211; m\u00edralo AQU\u00cd y AQU\u00cd . Tambi\u00e9n estuvo en Late Night With Seth Meyers para discutir la nominaci\u00f3n. \u00a1M\u00edralo AQU\u00cd !<\/p>\n\n\n\n<div style=\"height:20px\" aria-hidden=\"true\" class=\"wp-block-spacer\"><\/div>\n\n\n\n<p class=\"has-black-color has-text-color has-link-color wp-elements-48f2cf977550e0f52937b4d391a0c603\"><strong>Acerca de MALUMA<\/strong><\/p>\n\n\n\n<div style=\"height:20px\" aria-hidden=\"true\" class=\"wp-block-spacer\"><\/div>\n\n\n\n<p class=\"has-black-color has-text-color has-link-color wp-elements-721215bb211bd8cbb1f494b9ac4400cf\">Juan Luis Londo\u00f1o Arias, mejor conocido como MALUMA (compuesto por las primeras letras de los nombres de su madre, su padre y su hermana) se ha convertido en uno de los artistas de mayor impacto en la m\u00fasica urbana y el \u00eddolo de la m\u00fasica latina a nivel global.<\/p>\n\n\n\n<div style=\"height:20px\" aria-hidden=\"true\" class=\"wp-block-spacer\"><\/div>\n\n\n\n<p class=\"has-black-color has-text-color has-link-color wp-elements-57111464978dc4ae670ff868b92aa0b8\">Ganador del Latin Grammy 2018 al \u00c1lbum Pop Vocal Contempor\u00e1neo (FAME), Maluma es uno de los cantantes m\u00e1s populares en las redes sociales y el l\u00edder entre cantantes masculinos latinos. Desde su&nbsp; firma con Sony Music Latin en el 2015, ha lanzado siete \u00e1lbumes: Pretty Boy Dirty Boy (2015), FAME (2018), 11:11 (2019), Papi Juancho (2020) y # DJ (2021), The Love &amp; Sex Tape y The Love &amp; Sex Tape Deluxe (2022). Es el artista m\u00e1s joven en obtener simult\u00e1neamente las posiciones #1 y #2 en el listado \u00abLatin Airplay\u00bb de Billboard, lo cual ha logrado tres veces. Hasta la fecha, Maluma tiene veinticinco \u00e9xitos #1 en el listado Latin Airplay de Billboard. En los \u00faltimos a\u00f1os, debut\u00f3 en Hollywood y actu\u00f3 en su primera pel\u00edcula de animaci\u00f3n. Adem\u00e1s, lanz\u00f3 su sexto \u00e1lbum de estudio Don Juan, nominado al Grammy Anglo y Latino.<\/p>\n\n\n\n<div style=\"height:20px\" aria-hidden=\"true\" class=\"wp-block-spacer\"><\/div>\n\n\n\n<p class=\"has-black-color has-text-color has-link-color wp-elements-9574c7e926c1fa4ebbdd0d048b561886\"><strong>Acerca de J Balvin<\/strong><\/p>\n\n\n\n<div style=\"height:20px\" aria-hidden=\"true\" class=\"wp-block-spacer\"><\/div>\n\n\n\n<p class=\"has-black-color has-text-color has-link-color wp-elements-7e842350dcf67efe8925a8b6f022066e\">J Balvin es un \u00edcono de la m\u00fasica galardonado en m\u00faltiples ocasiones en los Billboard Music Awards, American Music Awards, Los Latin GRAMMY &#8216;s, y muchos otros. Originario de Medell\u00edn, Colombia, la ilustre superestrella del reggaet\u00f3n, es uno de los artistas de m\u00fasica latina m\u00e1s vendidos, con ventas r\u00e9cords de m\u00e1s de 50 millones a nivel mundial. Ha roto con firmeza las barreras culturales y se ha convertido en uno de los 10 artistas con m\u00e1s reproducciones a nivel mundial, desarrollando legiones de fan\u00e1ticos en todo el mundo. Con pasiones que se extienden a trav\u00e9s de la m\u00fasica, moda, arte y salud mental, Balvin contin\u00faa liderando el cargo de representaci\u00f3n en todas las industrias.<\/p>\n\n\n\n<div style=\"height:20px\" aria-hidden=\"true\" class=\"wp-block-spacer\"><\/div>\n\n\n\n<p><\/p>\n","protected":false},"excerpt":{"rendered":"","protected":false},"author":5,"featured_media":4767,"comment_status":"open","ping_status":"open","sticky":false,"template":"","format":"standard","meta":{"om_disable_all_campaigns":false,"_uf_show_specific_survey":0,"_uf_disable_surveys":false,"footnotes":""},"categories":[4],"tags":[],"class_list":["post-4766","post","type-post","status-publish","format-standard","has-post-thumbnail","hentry","category-musica"],"_links":{"self":[{"href":"https:\/\/entrenotasyacordes.com\/index.php?rest_route=\/wp\/v2\/posts\/4766","targetHints":{"allow":["GET"]}}],"collection":[{"href":"https:\/\/entrenotasyacordes.com\/index.php?rest_route=\/wp\/v2\/posts"}],"about":[{"href":"https:\/\/entrenotasyacordes.com\/index.php?rest_route=\/wp\/v2\/types\/post"}],"author":[{"embeddable":true,"href":"https:\/\/entrenotasyacordes.com\/index.php?rest_route=\/wp\/v2\/users\/5"}],"replies":[{"embeddable":true,"href":"https:\/\/entrenotasyacordes.com\/index.php?rest_route=%2Fwp%2Fv2%2Fcomments&post=4766"}],"version-history":[{"count":2,"href":"https:\/\/entrenotasyacordes.com\/index.php?rest_route=\/wp\/v2\/posts\/4766\/revisions"}],"predecessor-version":[{"id":4769,"href":"https:\/\/entrenotasyacordes.com\/index.php?rest_route=\/wp\/v2\/posts\/4766\/revisions\/4769"}],"wp:featuredmedia":[{"embeddable":true,"href":"https:\/\/entrenotasyacordes.com\/index.php?rest_route=\/wp\/v2\/media\/4767"}],"wp:attachment":[{"href":"https:\/\/entrenotasyacordes.com\/index.php?rest_route=%2Fwp%2Fv2%2Fmedia&parent=4766"}],"wp:term":[{"taxonomy":"category","embeddable":true,"href":"https:\/\/entrenotasyacordes.com\/index.php?rest_route=%2Fwp%2Fv2%2Fcategories&post=4766"},{"taxonomy":"post_tag","embeddable":true,"href":"https:\/\/entrenotasyacordes.com\/index.php?rest_route=%2Fwp%2Fv2%2Ftags&post=4766"}],"curies":[{"name":"wp","href":"https:\/\/api.w.org\/{rel}","templated":true}]}}