{"id":4770,"date":"2024-01-29T13:30:47","date_gmt":"2024-01-29T13:30:47","guid":{"rendered":"https:\/\/entrenotasyacordes.com\/?p=4770"},"modified":"2024-01-29T13:31:09","modified_gmt":"2024-01-29T13:31:09","slug":"christian-nodal-comienza-el-ano-con-uno-de-los-estrenos-mas-esperados-la-intencion-junto-a-peso-pluma","status":"publish","type":"post","link":"https:\/\/entrenotasyacordes.com\/?p=4770","title":{"rendered":"CHRISTIAN NODAL COMIENZA EL A\u00d1O CON UNO DE LOS ESTRENOS M\u00c1S ESPERADOS:\u00a0\u201cLA INTENCI\u00d3N\u201d JUNTO A PESO PLUMA"},"content":{"rendered":"\n<div style=\"height:26px\" aria-hidden=\"true\" class=\"wp-block-spacer\"><\/div>\n\n\n\n<!--more-->\n\n\n\n<figure class=\"wp-block-embed is-type-video is-provider-youtube wp-block-embed-youtube wp-embed-aspect-16-9 wp-has-aspect-ratio\"><div class=\"wp-block-embed__wrapper\">\n<div class=\"epyt-video-wrapper\"><iframe loading=\"lazy\"  id=\"_ytid_23971\"  width=\"640\" height=\"360\"  data-origwidth=\"640\" data-origheight=\"360\" src=\"https:\/\/www.youtube.com\/embed\/-zAcRpVc5K0?enablejsapi=1&#038;autoplay=0&#038;cc_load_policy=0&#038;cc_lang_pref=&#038;iv_load_policy=1&#038;loop=0&#038;rel=1&#038;fs=1&#038;playsinline=0&#038;autohide=2&#038;theme=dark&#038;color=white&#038;controls=1&#038;\" class=\"__youtube_prefs__  epyt-is-override  no-lazyload\" data-vol=\"50\"  title=\"YouTube player\"  allow=\"fullscreen; accelerometer; autoplay; clipboard-write; encrypted-media; gyroscope; picture-in-picture; web-share\" referrerpolicy=\"strict-origin-when-cross-origin\" allowfullscreen data-no-lazy=\"1\" data-skipgform_ajax_framebjll=\"\"><\/iframe><\/div>\n<\/div><\/figure>\n\n\n\n<div style=\"height:23px\" aria-hidden=\"true\" class=\"wp-block-spacer\"><\/div>\n\n\n\n<p class=\"has-black-color has-text-color has-link-color wp-elements-8c14c82b7d442fa132c43704f05d9ee8\"><strong>Christian Nodal comienza este 2024 estrenando el que promete ser su nuevo hit:&nbsp;<\/strong><strong><a href=\"https:\/\/click.emails.sonymusicfans.com\/?qs=e95bddbb1d9363006c4696974895e67c4e51dbbf8717f2d3a729bdc9ed5c34eef46122c60f8f89bcaab9d1d289d142631346dd355a357d43\"><strong>\u201cLa Intenci\u00f3n\u201d<\/strong><\/a><\/strong>&nbsp;junto a&nbsp;<strong>Peso Pluma<\/strong>, tema que ya se encuentra disponible en todas las plataformas.<\/p>\n\n\n\n<div style=\"height:23px\" aria-hidden=\"true\" class=\"wp-block-spacer\"><\/div>\n\n\n\n<p class=\"has-black-color has-text-color has-link-color wp-elements-403c6aab3f9b7592060f2f1fdd8b7c6d\">Vers\u00e1til como pocos,&nbsp;<strong>Nodal<\/strong>&nbsp;escribi\u00f3 este corrido tumbado \u2013junto a Brian e Isa\u00edas Sandoval\u2013 a la medida para su colega el&nbsp;<strong>Doble P<\/strong>, marcando la diferencia con su sello indiscutible del mariache\u00f1o y su privilegiada voz.<\/p>\n\n\n\n<div style=\"height:23px\" aria-hidden=\"true\" class=\"wp-block-spacer\"><\/div>\n\n\n\n<p class=\"has-black-color has-text-color has-link-color wp-elements-3f52c497fe798a647c7d9564245e6ba1\"><em>\u201cEmpezar este nuevo a\u00f1o cumpliendo el sue\u00f1o pendiente de dos chamacos que comenzaron en esto por amor a la m\u00fasica, buscando expresar en letras y melod\u00edas lo que quer\u00edamos decirle al mundo, es todo lo que puedo pedir\u201d<\/em>, asegur\u00f3 el artista.<\/p>\n\n\n\n<div style=\"height:23px\" aria-hidden=\"true\" class=\"wp-block-spacer\"><\/div>\n\n\n\n<p class=\"has-black-color has-text-color has-link-color wp-elements-d34c757f7be700bdce8920644ea55bd2\"><em>\u201cPeso Pluma pertenece a una generaci\u00f3n que busca que el mundo conozca su m\u00fasica, que lleva aroma a rancho, a hierba y galope. Estamos muy felices con el resultado de c\u00f3mo nos qued\u00f3 \u2018La Intenci\u00f3n\u2019, est\u00e1 hecha con la intenci\u00f3n de que la amen tanto como nosotros a ustedes\u201d<\/em>, agreg\u00f3&nbsp;<strong>Nodal<\/strong>.<\/p>\n\n\n\n<div style=\"height:23px\" aria-hidden=\"true\" class=\"wp-block-spacer\"><\/div>\n\n\n\n<p class=\"has-black-color has-text-color has-link-color wp-elements-ab5cc650f0fd3be1d62ed81f00315858\"><strong>\u201cLa Intenci\u00f3n\u201d<\/strong>&nbsp;cuenta la historia de un hombre que se vuelve loco por una mujer comprometida en una relaci\u00f3n que ya no funciona. Es una canci\u00f3n atrevida y sexy, con un doble sentido po\u00e9tico que la hace irresistible.<\/p>\n\n\n\n<div style=\"height:23px\" aria-hidden=\"true\" class=\"wp-block-spacer\"><\/div>\n\n\n\n<p class=\"has-black-color has-text-color has-link-color wp-elements-d80e0a726ecb19363fa9b3314f5d1668\">El video del single tiene como protagonistas a los mismos Christian Nodal y Peso Pluma y fue grabado en Los \u00c1ngeles, California bajo la direcci\u00f3n de Fernando Lugo.<\/p>\n\n\n\n<div style=\"height:23px\" aria-hidden=\"true\" class=\"wp-block-spacer\"><\/div>\n\n\n\n<p class=\"has-black-color has-text-color has-link-color wp-elements-263a9890afb558ac679729f457db8620\">Pero este tan esperado estreno, no es lo \u00fanico que tiene para festejar nuestro Christian Nodal en este inicio del 2024, porque tambi\u00e9n acaba de recibir 5 nominaciones a los pr\u00f3ximos Premio Lo Nuestro: La Mezcla Perfecta del A\u00f1o por \u201cLa Siguiente\u201d junto a Kany Garc\u00eda; Artista Masculino del A\u00f1o \u2013 M\u00fasica Mexicana; Canci\u00f3n del A\u00f1o \u2013 M\u00fasica Mexicana por \u201cUn Cumbi\u00f3n Dolido\u201d; Canci\u00f3n Mariachi\/Ranchera del A\u00f1o por \u201cUn Cumbi\u00f3n Dolido\u201d; y \u00c1lbum del A\u00f1o \u2013 M\u00fasica Mexicana por\u00a0<strong><em>Forajido EP2<\/em><\/strong>.<\/p>\n\n\n\n<div style=\"height:23px\" aria-hidden=\"true\" class=\"wp-block-spacer\"><\/div>\n\n\n\n<p class=\"has-black-color has-text-color has-link-color wp-elements-227a413c89f78e527b35b0b56ceee9da\"><strong>Nodal<\/strong>\u00a0es el cantautor regional mexicano m\u00e1s exitoso, ganador de\u00a06 Latin\u00a0GRAMMY, 8\u00a0Latin\u00a0Billboard, 11\u00a0Latin\u00a0AMA\u00a0Awards, 8 Premios Juventud, un reconocimiento a su \u2018Extraordinaria Evoluci\u00f3n\u2019 por los\u00a0Latin\u00a0AMA\u00a0Awards, as\u00ed como 2 premios Tu M\u00fasica Urbana y10\u00a0\u00a0Premios Lo Nuestro.<\/p>\n\n\n\n<div style=\"height:23px\" aria-hidden=\"true\" class=\"wp-block-spacer\"><\/div>\n\n\n\n<p class=\"has-black-color has-text-color has-link-color wp-elements-98eea687998b97cf21d0905191ae1bba\">Christian es seguido por un promedio de 10.1 millones de personas en Instagram, 9.4 millones en Facebook y 600 mil en Twitter. Adem\u00e1s, tiene 11.1 millones de suscriptores en YouTube y cuenta con m\u00e1s de 9.3 mil millones de vistas y 20.1 millones de oyentes mensuales en Spotify.<\/p>\n\n\n\n<div style=\"height:23px\" aria-hidden=\"true\" class=\"wp-block-spacer\"><\/div>\n","protected":false},"excerpt":{"rendered":"","protected":false},"author":5,"featured_media":4771,"comment_status":"open","ping_status":"open","sticky":false,"template":"","format":"standard","meta":{"om_disable_all_campaigns":false,"_uf_show_specific_survey":0,"_uf_disable_surveys":false,"footnotes":""},"categories":[4],"tags":[],"class_list":["post-4770","post","type-post","status-publish","format-standard","has-post-thumbnail","hentry","category-musica"],"_links":{"self":[{"href":"https:\/\/entrenotasyacordes.com\/index.php?rest_route=\/wp\/v2\/posts\/4770","targetHints":{"allow":["GET"]}}],"collection":[{"href":"https:\/\/entrenotasyacordes.com\/index.php?rest_route=\/wp\/v2\/posts"}],"about":[{"href":"https:\/\/entrenotasyacordes.com\/index.php?rest_route=\/wp\/v2\/types\/post"}],"author":[{"embeddable":true,"href":"https:\/\/entrenotasyacordes.com\/index.php?rest_route=\/wp\/v2\/users\/5"}],"replies":[{"embeddable":true,"href":"https:\/\/entrenotasyacordes.com\/index.php?rest_route=%2Fwp%2Fv2%2Fcomments&post=4770"}],"version-history":[{"count":3,"href":"https:\/\/entrenotasyacordes.com\/index.php?rest_route=\/wp\/v2\/posts\/4770\/revisions"}],"predecessor-version":[{"id":4774,"href":"https:\/\/entrenotasyacordes.com\/index.php?rest_route=\/wp\/v2\/posts\/4770\/revisions\/4774"}],"wp:featuredmedia":[{"embeddable":true,"href":"https:\/\/entrenotasyacordes.com\/index.php?rest_route=\/wp\/v2\/media\/4771"}],"wp:attachment":[{"href":"https:\/\/entrenotasyacordes.com\/index.php?rest_route=%2Fwp%2Fv2%2Fmedia&parent=4770"}],"wp:term":[{"taxonomy":"category","embeddable":true,"href":"https:\/\/entrenotasyacordes.com\/index.php?rest_route=%2Fwp%2Fv2%2Fcategories&post=4770"},{"taxonomy":"post_tag","embeddable":true,"href":"https:\/\/entrenotasyacordes.com\/index.php?rest_route=%2Fwp%2Fv2%2Ftags&post=4770"}],"curies":[{"name":"wp","href":"https:\/\/api.w.org\/{rel}","templated":true}]}}