{"id":4775,"date":"2024-01-29T13:42:04","date_gmt":"2024-01-29T13:42:04","guid":{"rendered":"https:\/\/entrenotasyacordes.com\/?p=4775"},"modified":"2024-01-29T13:42:06","modified_gmt":"2024-01-29T13:42:06","slug":"dale-play-a-otro-lugar-franco-rizzaro","status":"publish","type":"post","link":"https:\/\/entrenotasyacordes.com\/?p=4775","title":{"rendered":"DALE PLAY A \u201cOTRO LUGAR\u201d Franco Rizzaro"},"content":{"rendered":"\n<div style=\"height:25px\" aria-hidden=\"true\" class=\"wp-block-spacer\"><\/div>\n\n\n\n<!--more-->\n\n\n\n<figure class=\"wp-block-embed is-type-video is-provider-youtube wp-block-embed-youtube wp-embed-aspect-16-9 wp-has-aspect-ratio\"><div class=\"wp-block-embed__wrapper\">\n<div class=\"epyt-video-wrapper\"><iframe loading=\"lazy\"  id=\"_ytid_52379\"  width=\"640\" height=\"360\"  data-origwidth=\"640\" data-origheight=\"360\" src=\"https:\/\/www.youtube.com\/embed\/9cN4xX7nAdA?enablejsapi=1&#038;autoplay=0&#038;cc_load_policy=0&#038;cc_lang_pref=&#038;iv_load_policy=1&#038;loop=0&#038;rel=1&#038;fs=1&#038;playsinline=0&#038;autohide=2&#038;theme=dark&#038;color=white&#038;controls=1&#038;\" class=\"__youtube_prefs__  epyt-is-override  no-lazyload\" data-vol=\"50\"  title=\"YouTube player\"  allow=\"fullscreen; accelerometer; autoplay; clipboard-write; encrypted-media; gyroscope; picture-in-picture; web-share\" referrerpolicy=\"strict-origin-when-cross-origin\" allowfullscreen data-no-lazy=\"1\" data-skipgform_ajax_framebjll=\"\"><\/iframe><\/div>\n<\/div><\/figure>\n\n\n\n<div style=\"height:19px\" aria-hidden=\"true\" class=\"wp-block-spacer\"><\/div>\n\n\n\n<p class=\"has-black-color has-text-color has-link-color wp-elements-fd842124b95ac8847a45dc78ea3639ad\">Franco Rizzaro transporta a \u00abOTRO LUGAR\u00bb, revelando una nueva fase musical llena de frescura veraniega<\/p>\n\n\n\n<div style=\"height:19px\" aria-hidden=\"true\" class=\"wp-block-spacer\"><\/div>\n\n\n\n<p class=\"has-black-color has-text-color has-link-color wp-elements-f96db6d49f542eff18f4ff9f71135a52\">Este jueves 25 de enero de 2024, el talentoso m\u00fasico argentino Franco Rizzaro dar\u00e1 vida a su quinto sencillo, \u00abOTRO LUGAR\u00bb, con puro rock pop moderno y urbano que marca el un nuevo paso en esta etapa en su carrera musical. Con un ritmo que personifica el esp\u00edritu del verano, esta canci\u00f3n no solo es un testimonio de la evoluci\u00f3n art\u00edstica de Rizzaro, sino tambi\u00e9n una invitaci\u00f3n a sumergirse en una experiencia musical fresca y vibrante.<\/p>\n\n\n\n<div style=\"height:19px\" aria-hidden=\"true\" class=\"wp-block-spacer\"><\/div>\n\n\n\n<p class=\"has-black-color has-text-color has-link-color wp-elements-346d5e6f67b41e4b63e44eff68a350df\">\u201cOtro Lugar es pop moderno con unos gui\u00f1os m\u00e1s rockeros. Queriendo escapar del desamor que ti\u00f1e varias de mis canciones, este single habla del empoderamiento, de dejar atr\u00e1s ciertas cosas y avanzar con paso firme. La hicimos con mis productores Lolo y Mailo en 2023. Se viene un a\u00f1o incre\u00edble, vamos a sacar mucha m\u00fasica y estoy super contento de empezarlo con esta canci\u00f3n que viene a cambiar mi paradigma.<\/p>\n\n\n\n<div style=\"height:19px\" aria-hidden=\"true\" class=\"wp-block-spacer\"><\/div>\n\n\n\n<p class=\"has-black-color has-text-color has-link-color wp-elements-aece9aef18e0182952338a91df3ae722\">Ojal\u00e1 les guste y lo disfruten tanto como nosotros al hacerla\u2764\ufe0f\u200d\ud83e\ude79\u201d<\/p>\n\n\n\n<div style=\"height:19px\" aria-hidden=\"true\" class=\"wp-block-spacer\"><\/div>\n\n\n\n<p class=\"has-black-color has-text-color has-link-color wp-elements-5aef25f3b614818ad23cc710bcbb44cd\">En este emocionante inicio de a\u00f1o \u00abOTRO LUGAR\u00bb sigue las fuertes pisadas de lanzamientos anteriores como \u00ab2da parte\u00bb, \u00abMuero x Decirte\u00bb, \u201cComo Antes\u201d y \u201cTarde\u201d ft. Malena Villa. Rizzaro persiste en su incesante exploraci\u00f3n musical, sonidos vanguardistas y su constante desaf\u00edo a los l\u00edmites de los g\u00e9neros, ofreciendo no solo sonidos frescos, sino tambi\u00e9n historias cautivadoras que llevan la inconfundible firma del pop que lo caracteriza. La producci\u00f3n estuvo a cargo de Lolo y Mailo, mezcla realizada por Jeronimo Samper, y masterizaci\u00f3n a cargo de AudioWarrior.<\/p>\n\n\n\n<div style=\"height:19px\" aria-hidden=\"true\" class=\"wp-block-spacer\"><\/div>\n\n\n\n<p class=\"has-black-color has-text-color has-link-color wp-elements-ede4e196904213cc05ee8a71fff7a765\">En un \u00edntimo vistazo detr\u00e1s de escena, Franco Rizzaro comparte su autenticidad y frescura en el reci\u00e9n lanzado videoclip de \u00abOTRO LUGAR\u00bb. En este acercamiento visual, el artista se muestra junto a sus productores, Lolo y Mailo, en el estudio, brindando a los espectadores una ventana \u00fanica a su proceso de composici\u00f3n y grabaci\u00f3n.<\/p>\n\n\n\n<div style=\"height:19px\" aria-hidden=\"true\" class=\"wp-block-spacer\"><\/div>\n\n\n\n<p class=\"has-black-color has-text-color has-link-color wp-elements-ee8b6f0dece9f6ee0bb8cfaad4b5459f\">Capturado por la lente de la directora Rochi Lamastra, el videoclip no solo destaca la colaboraci\u00f3n entre Rizzaro y sus productores, sino que tambi\u00e9n ofrece una transparencia y conexi\u00f3n genuina evidentes, revelando la dedicaci\u00f3n y pasi\u00f3n que impulsan cada nota de \u00abOTRO LUGAR\u00bb.<\/p>\n\n\n\n<div style=\"height:19px\" aria-hidden=\"true\" class=\"wp-block-spacer\"><\/div>\n\n\n\n<p class=\"has-black-color has-text-color has-link-color wp-elements-551044bf26bb0cef65d4e46c4ad2a6ad\">Este videoclip es solo el inicio de un emocionante a\u00f1o para Franco Rizzaro, con muchas m\u00e1s canciones programadas para el 2024. La obra de Franco, que comenz\u00f3 con pasos firmes, contin\u00faa creciendo y evolucionando. Su compromiso con la m\u00fasica se mantiene inquebrantable, con una promesa constante de crear nuevas melod\u00edas y explorar horizontes a\u00fan no descubiertos.<\/p>\n\n\n\n<div style=\"height:19px\" aria-hidden=\"true\" class=\"wp-block-spacer\"><\/div>\n\n\n\n<p class=\"has-black-color has-text-color has-link-color wp-elements-5d5b82ad76526cea55690d1613233e57\">Para Franco, este viaje musical no se trata solo de expandir su camino ya trazado, sino tambi\u00e9n de fusionarlo con un enfoque experimental en la creaci\u00f3n de nuevos sonidos. La integraci\u00f3n de elementos actuales y cinematogr\u00e1ficos en su propuesta art\u00edstica demuestra su voluntad de explorar y desafiar las expectativas, prometiendo una experiencia \u00fanica para su audiencia.<\/p>\n\n\n\n<div style=\"height:19px\" aria-hidden=\"true\" class=\"wp-block-spacer\"><\/div>\n\n\n\n<p class=\"has-black-color has-text-color has-link-color wp-elements-53cd901125b51a5727e165e50297f9ed\">Franco Rizzaro es un artista polifac\u00e9tico que se expresa a trav\u00e9s de diversas disciplinas art\u00edsticas, incluyendo la m\u00fasica, la actuaci\u00f3n, la improvisaci\u00f3n y la escritura. Desde sus primeros d\u00edas explorando la comedia musical, ha evolucionado y se ha destacado en una variedad de estilos musicales, desde el pop hasta el dancehall, el reggaet\u00f3n y el trap-pop.<\/p>\n\n\n\n<div style=\"height:19px\" aria-hidden=\"true\" class=\"wp-block-spacer\"><\/div>\n\n\n\n<p class=\"has-black-color has-text-color has-link-color wp-elements-a14d26ed0757bd2b7ae0a5b93faadc8b\">A los 24 a\u00f1os, Franco Rizzaro sigue llevando su arte a nuevas alturas, marcando su \u00faltima etapa art\u00edstica con sonidos que complementan y realzan su rica trayectoria. Su versatilidad, autenticidad y esencia urbana contin\u00faan siendo el sello distintivo de su evoluci\u00f3n musical.<\/p>\n\n\n\n<div style=\"height:19px\" aria-hidden=\"true\" class=\"wp-block-spacer\"><\/div>\n\n\n\n<p><\/p>\n","protected":false},"excerpt":{"rendered":"","protected":false},"author":5,"featured_media":4776,"comment_status":"open","ping_status":"open","sticky":false,"template":"","format":"standard","meta":{"om_disable_all_campaigns":false,"_uf_show_specific_survey":0,"_uf_disable_surveys":false,"footnotes":""},"categories":[4],"tags":[],"class_list":["post-4775","post","type-post","status-publish","format-standard","has-post-thumbnail","hentry","category-musica"],"_links":{"self":[{"href":"https:\/\/entrenotasyacordes.com\/index.php?rest_route=\/wp\/v2\/posts\/4775","targetHints":{"allow":["GET"]}}],"collection":[{"href":"https:\/\/entrenotasyacordes.com\/index.php?rest_route=\/wp\/v2\/posts"}],"about":[{"href":"https:\/\/entrenotasyacordes.com\/index.php?rest_route=\/wp\/v2\/types\/post"}],"author":[{"embeddable":true,"href":"https:\/\/entrenotasyacordes.com\/index.php?rest_route=\/wp\/v2\/users\/5"}],"replies":[{"embeddable":true,"href":"https:\/\/entrenotasyacordes.com\/index.php?rest_route=%2Fwp%2Fv2%2Fcomments&post=4775"}],"version-history":[{"count":1,"href":"https:\/\/entrenotasyacordes.com\/index.php?rest_route=\/wp\/v2\/posts\/4775\/revisions"}],"predecessor-version":[{"id":4777,"href":"https:\/\/entrenotasyacordes.com\/index.php?rest_route=\/wp\/v2\/posts\/4775\/revisions\/4777"}],"wp:featuredmedia":[{"embeddable":true,"href":"https:\/\/entrenotasyacordes.com\/index.php?rest_route=\/wp\/v2\/media\/4776"}],"wp:attachment":[{"href":"https:\/\/entrenotasyacordes.com\/index.php?rest_route=%2Fwp%2Fv2%2Fmedia&parent=4775"}],"wp:term":[{"taxonomy":"category","embeddable":true,"href":"https:\/\/entrenotasyacordes.com\/index.php?rest_route=%2Fwp%2Fv2%2Fcategories&post=4775"},{"taxonomy":"post_tag","embeddable":true,"href":"https:\/\/entrenotasyacordes.com\/index.php?rest_route=%2Fwp%2Fv2%2Ftags&post=4775"}],"curies":[{"name":"wp","href":"https:\/\/api.w.org\/{rel}","templated":true}]}}