{"id":4778,"date":"2024-01-29T13:47:07","date_gmt":"2024-01-29T13:47:07","guid":{"rendered":"https:\/\/entrenotasyacordes.com\/?p=4778"},"modified":"2024-01-29T13:47:09","modified_gmt":"2024-01-29T13:47:09","slug":"kany-garcia-y-carla-morrison-unen-sus-talentos-por-primera-vez-para-el-estreno-de-que-vuelva-un-sutil-encuentro-musical-que-celebra-la-diversidad-cultural","status":"publish","type":"post","link":"https:\/\/entrenotasyacordes.com\/?p=4778","title":{"rendered":"KANY GARC\u00cdA\u00a0Y\u00a0CARLA MORRISON\u00a0UNEN SUS TALENTOS POR PRIMERA VEZ PARA EL ESTRENO DE\u00a0QUE VUELVA, UN S\u00daTIL ENCUENTRO MUSICAL QUE CELEBRA LA DIVERSIDAD CULTURAL"},"content":{"rendered":"\n<div style=\"height:30px\" aria-hidden=\"true\" class=\"wp-block-spacer\"><\/div>\n\n\n\n<!--more-->\n\n\n\n<figure class=\"wp-block-embed is-type-video is-provider-youtube wp-block-embed-youtube wp-embed-aspect-4-3 wp-has-aspect-ratio\"><div class=\"wp-block-embed__wrapper\">\n<div class=\"epyt-video-wrapper\"><iframe loading=\"lazy\"  id=\"_ytid_60616\"  width=\"640\" height=\"360\"  data-origwidth=\"640\" data-origheight=\"360\" src=\"https:\/\/www.youtube.com\/embed\/Ad3v4Z6C2pQ?enablejsapi=1&#038;autoplay=0&#038;cc_load_policy=0&#038;cc_lang_pref=&#038;iv_load_policy=1&#038;loop=0&#038;rel=1&#038;fs=1&#038;playsinline=0&#038;autohide=2&#038;theme=dark&#038;color=white&#038;controls=1&#038;\" class=\"__youtube_prefs__  epyt-is-override  no-lazyload\" data-vol=\"50\"  title=\"YouTube player\"  allow=\"fullscreen; accelerometer; autoplay; clipboard-write; encrypted-media; gyroscope; picture-in-picture; web-share\" referrerpolicy=\"strict-origin-when-cross-origin\" allowfullscreen data-no-lazy=\"1\" data-skipgform_ajax_framebjll=\"\"><\/iframe><\/div>\n<\/div><\/figure>\n\n\n\n<div style=\"height:27px\" aria-hidden=\"true\" class=\"wp-block-spacer\"><\/div>\n\n\n\n<p class=\"has-black-color has-text-color has-link-color wp-elements-5aee53ca253de0b0586d06ce934d5b4a\">En una trascendental colaboraci\u00f3n para la m\u00fasica latina, la destacada int\u00e9rprete y compositora puertorrique\u00f1a Kany Garc\u00eda, se ha unido por primera vez a la reconocida cantautora mexicana Carla Morrison para el estreno del nuevo sencillo, Que Vuelva.&nbsp; Este junte representa la convergencia de dos talentosas artistas creativas, cuyas contribuciones individuales al panorama musical femenino han dejado sus huellas en sus respectivas audiencias.<\/p>\n\n\n\n<div style=\"height:27px\" aria-hidden=\"true\" class=\"wp-block-spacer\"><\/div>\n\n\n\n<p class=\"has-black-color has-text-color has-link-color wp-elements-2b5be57788fda9514e3d9f1de7346209\">Kany Garc\u00eda, que, con su estilo distintivo y letras profundas, ha consolidado su posici\u00f3n como una de las voces m\u00e1s influyentes en la m\u00fasica contempor\u00e1nea. Por otro lado, Carla Morrison, reconocida por su emotividad y autenticidad, ha cautivado a un p\u00fablico internacional con su singular enfoque musical.<\/p>\n\n\n\n<div style=\"height:27px\" aria-hidden=\"true\" class=\"wp-block-spacer\"><\/div>\n\n\n\n<p class=\"has-black-color has-text-color has-link-color wp-elements-58119ec984387b2fea303b12995a5351\">\u201cEsta colaboraci\u00f3n es una de mis favoritas, llevaba tiempo dese\u00e1ndola porque admiro y respeto much\u00edsimo el talento de Carla y todo lo que con su arte ha logrado. Este tema es especial, porque fue creado y dise\u00f1ado para que quienes lo escuchen lo sientan en el alma y lo canten a pulm\u00f3n con nosotras. Estoy agradecida de que hayamos podido coincidir y juntas crear una canci\u00f3n tan hermosa\u201d, explic\u00f3 Kany Garc\u00eda quien se encuentra inmersa en la producci\u00f3n de su pr\u00f3ximo \u00e1lbum y en su esperado regreso al Coliseo Jos\u00e9 Miguel Agrelot en su tierra natal, Puerto Rico.<\/p>\n\n\n\n<div style=\"height:27px\" aria-hidden=\"true\" class=\"wp-block-spacer\"><\/div>\n\n\n\n<p class=\"has-black-color has-text-color has-link-color wp-elements-11b3f30b05e74e6c85bd2b131c7db65c\">As\u00ed, el estreno de Que Vuelva no solo promete un deleite musical para los fans de ambas artistas, sino tambi\u00e9n fomenta la uni\u00f3n entre culturas a trav\u00e9s de la m\u00fasica. El tema, no solo es una fusi\u00f3n de estilos, sino un s\u00edmbolo de la diversidad y de c\u00f3mo las colaboraciones enriquecen la escena musical actual.<\/p>\n\n\n\n<div style=\"height:27px\" aria-hidden=\"true\" class=\"wp-block-spacer\"><\/div>\n\n\n\n<p class=\"has-black-color has-text-color has-link-color wp-elements-a4815a2c60b298cf7b32573d0c065e4f\">\u201cEscribir esta canci\u00f3n con Kany fue muy divertido y lleno de aprendizaje. Kany es una mujer s\u00faper talentosa, compartir ideas y componer juntas fue algo muy m\u00e1gico para m\u00ed. Sin duda, verla en acci\u00f3n y escucharla de tan cerquita fue hermoso, aparte en mi casa, wow que sue\u00f1o todo esto\u201d, por su parte a\u00f1adi\u00f3 Carla Morrison.<\/p>\n\n\n\n<div style=\"height:27px\" aria-hidden=\"true\" class=\"wp-block-spacer\"><\/div>\n\n\n\n<p class=\"has-black-color has-text-color has-link-color wp-elements-e9b9c70636c10168ef3b58df162b2040\">El lanzamiento de este nuevo tema, hoy jueves, 25 de enero, que llega acompa\u00f1ado de su v\u00eddeo musical oficial, ofrece un adelanto de lo que ser\u00e1 la pr\u00f3xima producci\u00f3n discogr\u00e1fica de Kany Garc\u00eda, con la que le regalar\u00e1 a su fans una experiencia \u00fanica, reforzando la importancia de la colaboraci\u00f3n intercultural en con su arte.<\/p>\n\n\n\n<div style=\"height:27px\" aria-hidden=\"true\" class=\"wp-block-spacer\"><\/div>\n\n\n\n<p class=\"has-black-color has-text-color has-link-color wp-elements-9f0222464e370b55945118e7267acec5\">De otra parte, la cantautora puertorrique\u00f1a sigue cosechando \u00e9xitos en su legendaria carrera y hoy, tambi\u00e9n celebra dos nominaciones a los prestigiosos Premios Lo Nuestro 2024 en las categor\u00edas de La Mezcla Perfecta Del A\u00f1o con su tema La Siguiente\u2019 junto a Christian Nodal y Artista Pop Femenina Del A\u00f1o.<\/p>\n\n\n\n<div style=\"height:27px\" aria-hidden=\"true\" class=\"wp-block-spacer\"><\/div>\n\n\n\n<p class=\"has-black-color has-text-color has-link-color wp-elements-a96b471104c40a2c1f81c5a770ea8343\">As\u00ed como tambi\u00e9n, ha a\u00f1adido nuevas fechas a su exitosa gira de conciertos que comenz\u00f3 desde el pasado a\u00f1o y con la que ha visitado grandes escenarios en Estados Unidos, Latinoam\u00e9rica, Europa, Rep\u00fablica Dominicana y Puerto Rico.<\/p>\n\n\n\n<div style=\"height:27px\" aria-hidden=\"true\" class=\"wp-block-spacer\"><\/div>\n\n\n\n<p class=\"has-black-color has-text-color has-link-color wp-elements-f595fe0c9cb1d358b71a26fd3836e6ca\">Para contenido exclusivo, nuevas fechas, m\u00fasica y m\u00e1s de Kany Garc\u00eda en el 2024 puedes seguirla en su cuenta de Instagram oficial como @kanygarcia.<\/p>\n\n\n\n<div style=\"height:27px\" aria-hidden=\"true\" class=\"wp-block-spacer\"><\/div>\n","protected":false},"excerpt":{"rendered":"","protected":false},"author":5,"featured_media":4779,"comment_status":"open","ping_status":"open","sticky":false,"template":"","format":"standard","meta":{"om_disable_all_campaigns":false,"_uf_show_specific_survey":0,"_uf_disable_surveys":false,"footnotes":""},"categories":[4],"tags":[],"class_list":["post-4778","post","type-post","status-publish","format-standard","has-post-thumbnail","hentry","category-musica"],"_links":{"self":[{"href":"https:\/\/entrenotasyacordes.com\/index.php?rest_route=\/wp\/v2\/posts\/4778","targetHints":{"allow":["GET"]}}],"collection":[{"href":"https:\/\/entrenotasyacordes.com\/index.php?rest_route=\/wp\/v2\/posts"}],"about":[{"href":"https:\/\/entrenotasyacordes.com\/index.php?rest_route=\/wp\/v2\/types\/post"}],"author":[{"embeddable":true,"href":"https:\/\/entrenotasyacordes.com\/index.php?rest_route=\/wp\/v2\/users\/5"}],"replies":[{"embeddable":true,"href":"https:\/\/entrenotasyacordes.com\/index.php?rest_route=%2Fwp%2Fv2%2Fcomments&post=4778"}],"version-history":[{"count":2,"href":"https:\/\/entrenotasyacordes.com\/index.php?rest_route=\/wp\/v2\/posts\/4778\/revisions"}],"predecessor-version":[{"id":4781,"href":"https:\/\/entrenotasyacordes.com\/index.php?rest_route=\/wp\/v2\/posts\/4778\/revisions\/4781"}],"wp:featuredmedia":[{"embeddable":true,"href":"https:\/\/entrenotasyacordes.com\/index.php?rest_route=\/wp\/v2\/media\/4779"}],"wp:attachment":[{"href":"https:\/\/entrenotasyacordes.com\/index.php?rest_route=%2Fwp%2Fv2%2Fmedia&parent=4778"}],"wp:term":[{"taxonomy":"category","embeddable":true,"href":"https:\/\/entrenotasyacordes.com\/index.php?rest_route=%2Fwp%2Fv2%2Fcategories&post=4778"},{"taxonomy":"post_tag","embeddable":true,"href":"https:\/\/entrenotasyacordes.com\/index.php?rest_route=%2Fwp%2Fv2%2Ftags&post=4778"}],"curies":[{"name":"wp","href":"https:\/\/api.w.org\/{rel}","templated":true}]}}