{"id":4782,"date":"2024-01-29T13:52:54","date_gmt":"2024-01-29T13:52:54","guid":{"rendered":"https:\/\/entrenotasyacordes.com\/?p=4782"},"modified":"2024-01-29T13:52:56","modified_gmt":"2024-01-29T13:52:56","slug":"allyouneed-cada-dia-mas-el-nuevo-single-de-milviernes","status":"publish","type":"post","link":"https:\/\/entrenotasyacordes.com\/?p=4782","title":{"rendered":"ALLYOUNEED (CADA D\u00cdA M\u00c1S)\u00a0EL NUEVO SINGLE DE MILVIERNES"},"content":{"rendered":"\n<div style=\"height:19px\" aria-hidden=\"true\" class=\"wp-block-spacer\"><\/div>\n\n\n\n<!--more-->\n\n\n\n<figure class=\"wp-block-embed is-type-video is-provider-youtube wp-block-embed-youtube wp-embed-aspect-16-9 wp-has-aspect-ratio\"><div class=\"wp-block-embed__wrapper\">\n<div class=\"epyt-video-wrapper\"><iframe loading=\"lazy\"  id=\"_ytid_32028\"  width=\"640\" height=\"360\"  data-origwidth=\"640\" data-origheight=\"360\" src=\"https:\/\/www.youtube.com\/embed\/AyxZUEfYJlo?enablejsapi=1&#038;autoplay=0&#038;cc_load_policy=0&#038;cc_lang_pref=&#038;iv_load_policy=1&#038;loop=0&#038;rel=1&#038;fs=1&#038;playsinline=0&#038;autohide=2&#038;theme=dark&#038;color=white&#038;controls=1&#038;\" class=\"__youtube_prefs__  epyt-is-override  no-lazyload\" data-vol=\"50\"  title=\"YouTube player\"  allow=\"fullscreen; accelerometer; autoplay; clipboard-write; encrypted-media; gyroscope; picture-in-picture; web-share\" referrerpolicy=\"strict-origin-when-cross-origin\" allowfullscreen data-no-lazy=\"1\" data-skipgform_ajax_framebjll=\"\"><\/iframe><\/div>\n<\/div><\/figure>\n\n\n\n<div style=\"height:25px\" aria-hidden=\"true\" class=\"wp-block-spacer\"><\/div>\n\n\n\n<p class=\"has-black-color has-text-color has-link-color wp-elements-71796b9df3424e4cf86117f440efe602\"><strong>Milviernes<\/strong>&nbsp;presenta<strong>&nbsp;\u00a8Alyouneed<\/strong>&nbsp;(Cada d\u00eda m\u00e1s\u00a8 un himno indie de libertad y diversidad, invita a un viaje s\u00f3nico como un hechizo sonoro, la referencia ingeniosa a \u201clos dinosaurios en pijamas\u201d sugiere una mirada ir\u00f3nica a la monoton\u00eda y cuestionar las expectativas sociales.<\/p>\n\n\n\n<div style=\"height:25px\" aria-hidden=\"true\" class=\"wp-block-spacer\"><\/div>\n\n\n\n<p class=\"has-black-color has-text-color has-link-color wp-elements-3008e9f7094cae0efc25c0ed4be35c74\">Esta canci\u00f3n no solo nos invita a bailar sino tambi\u00e9n que desaf\u00eda las normas al hablar del amor en t\u00e9rminos que van m\u00e1s all\u00e1 de las etiquetas convencionales, convirti\u00e9ndola en una celebraci\u00f3n de la diversidad, incit\u00e1ndonos a volar un poco cada d\u00eda m\u00e1s alto.<\/p>\n\n\n\n<div style=\"height:25px\" aria-hidden=\"true\" class=\"wp-block-spacer\"><\/div>\n\n\n\n<p class=\"has-black-color has-text-color has-link-color wp-elements-ed22149ab61c76a1b48688c129a4d97a\">Allyouneed es el segundo adelanto del primer disco de la banda y est\u00e1 acompa\u00f1ado por un videoclip realizado y protagonizado por&nbsp; MILVIERNES.&nbsp;<\/p>\n\n\n\n<div style=\"height:25px\" aria-hidden=\"true\" class=\"wp-block-spacer\"><\/div>\n\n\n\n<p class=\"has-black-color has-text-color has-link-color wp-elements-399a28d3e72d7b770bbc616f0003a6e8\">Allyouneed (cada d\u00eda m\u00e1s) fue grabado por Max Ram\u00edrez y Javier Medialdea en el estudio de Milviernes \u201c CDC (Casa de canciones colores 439)\u201d,&nbsp; las bater\u00edas fueron grabadas por Guille Salort en \u201cLa comarca Drum Recording\u201d,&nbsp; la mezcla de la canci\u00f3n fue realizada por Jorge Corrales&nbsp; en \u201cLimbo Estudio\u201d, Ciudad de M\u00e9xico y el Mastering estuvo a cargo de Ariel Lavigna en \u201cAlmix\u201d Buenos Aires, Argentina.&nbsp;<br><br>&nbsp;<\/p>\n\n\n\n<div style=\"height:25px\" aria-hidden=\"true\" class=\"wp-block-spacer\"><\/div>\n\n\n\n<p class=\"has-black-color has-text-color has-link-color wp-elements-1ac7aa5ba70d8f19619dba15c49cc563\"><strong>Cr\u00e9ditos<\/strong><br><br><strong>Voz:&nbsp;<\/strong>Max Ram\u00edrez<br><strong>Coros<\/strong>: Delfina Siskos<br><strong>Bajo:&nbsp;<\/strong>Felipe Pardo Khamis<br><strong>Bater\u00eda:<\/strong>&nbsp;Guille Salort<br><strong>Sintetizadores:<\/strong>&nbsp;Santiago P\u00e9rez<br><strong>Guitarras:<\/strong>&nbsp;Juan Manuel Miguez<br><strong>Producci\u00f3n art\u00edstica:<\/strong>&nbsp;MILVIERNES y Javier Medialdea<\/p>\n\n\n\n<div style=\"height:25px\" aria-hidden=\"true\" class=\"wp-block-spacer\"><\/div>\n\n\n\n<p class=\"has-black-color has-text-color has-link-color wp-elements-87e9779dac8c8aae54975e9544dfc04d\"><strong>Acerca de Milviernes<\/strong><\/p>\n\n\n\n<div style=\"height:25px\" aria-hidden=\"true\" class=\"wp-block-spacer\"><\/div>\n\n\n\n<p class=\"has-black-color has-text-color has-link-color wp-elements-b5196fbdca36dba1cd6b62aaf45f91a0\">Milviernes se form\u00f3 en septiembre de 2021 en CABA, producto de la cuarentena (2020 -2021). La banda se encuentra integrada por Max Ram\u00edrez, Felipe Pardo Khamis, Pablo Arcagni y Abril Longarela. Su debut fue en octubre del 2021, en donde adelant\u00f3 su primer single \u201cImprovisando los d\u00edas\u201d.<\/p>\n\n\n\n<div style=\"height:25px\" aria-hidden=\"true\" class=\"wp-block-spacer\"><\/div>\n\n\n\n<p class=\"has-black-color has-text-color has-link-color wp-elements-e93ec9ff022cd306b544316bc39c858e\">En noviembre de 2021 la banda realiz\u00f3 un show en La Tangente (Palermo, CABA) presentando en vivo algunas canciones que se lanzaron como singles en los meses posteriores.<\/p>\n\n\n\n<div style=\"height:25px\" aria-hidden=\"true\" class=\"wp-block-spacer\"><\/div>\n\n\n\n<p class=\"has-black-color has-text-color has-link-color wp-elements-62e54dd4353376f7ed76f586d93e7309\">La banda se ha estado desarrollando continuamente, logrando grabar, mezclar y masterizar sus canciones en su propio estudio en el barrio de Almagro (Casa de canciones colores 439).<\/p>\n\n\n\n<div style=\"height:25px\" aria-hidden=\"true\" class=\"wp-block-spacer\"><\/div>\n\n\n\n<p class=\"has-black-color has-text-color has-link-color wp-elements-dfe646df10d70d5c50c9f44bf48fa907\">Entre 2022 y 2023 han lanzado 6 singles propios y una versi\u00f3n homenaje de \u201cNo me arrepiento de este amor\u201d de Gilda. Asimismo, en octubre de 2023 presentaron la \u201cLive Session 439\u201d, una sesi\u00f3n en vivo que cuenta con las versiones en vivo de sus canciones ya lanzadas.<\/p>\n\n\n\n<div style=\"height:25px\" aria-hidden=\"true\" class=\"wp-block-spacer\"><\/div>\n\n\n\n<p class=\"has-black-color has-text-color has-link-color wp-elements-2698ed5ab81d3681891493d05a2928e3\">Durante el \u00faltimo a\u00f1o la banda se ha presentado en vivo en distintos lugares del circuito de Buenos Aires, CC Matienzo, La noche de los museos 2023, La Tangente, entre otros.<\/p>\n\n\n\n<div style=\"height:25px\" aria-hidden=\"true\" class=\"wp-block-spacer\"><\/div>\n\n\n\n<p class=\"has-black-color has-text-color has-link-color wp-elements-1882866f65e8d249c6ffa41fb43a1398\">Actualmente Milviernes se encuentra trabajando en lo que ser\u00e1 su primer \u00e1lbum, el cual ser\u00e1 presentado durante el primer semestre de 2024.<\/p>\n\n\n\n<div style=\"height:25px\" aria-hidden=\"true\" class=\"wp-block-spacer\"><\/div>\n\n\n\n<p class=\"has-black-color has-text-color has-link-color wp-elements-b48db7353424f7ce1dd47270e4a4454e\">Su propuesta musical autodenominada \u00abFrisbi pop\u00bb la compone un repertorio que va de lo suave a lo en\u00e9rgico, explorando colores y sonidos electr\u00f3nicos en el universo indie pop con melod\u00edas pegadizas y ritmos bailables. Un sonido actual pero que despierta cierto tinte de los m\u00e1gicos a\u00f1os 80s.<\/p>\n\n\n\n<div style=\"height:25px\" aria-hidden=\"true\" class=\"wp-block-spacer\"><\/div>\n\n\n\n<p class=\"has-black-color has-text-color has-link-color wp-elements-b9d3ac58211a0b13c916bbc6a3d31334\">Antes de la formaci\u00f3n de MILVIERNES, Max, Felipe y Pablo formaron el grupo M.A.X (Proyecto solista de Max Ramirez) Donde participaron de varios shows (La tangente, confiter\u00eda, CC Matienzo, Makena, Carnal, Festival Tony Hawks) realizando dos giras por Uruguay y el interior de Argentina.<\/p>\n\n\n\n<div style=\"height:25px\" aria-hidden=\"true\" class=\"wp-block-spacer\"><\/div>\n\n\n\n<p><\/p>\n","protected":false},"excerpt":{"rendered":"","protected":false},"author":5,"featured_media":4783,"comment_status":"open","ping_status":"open","sticky":false,"template":"","format":"standard","meta":{"om_disable_all_campaigns":false,"_uf_show_specific_survey":0,"_uf_disable_surveys":false,"footnotes":""},"categories":[4],"tags":[],"class_list":["post-4782","post","type-post","status-publish","format-standard","has-post-thumbnail","hentry","category-musica"],"_links":{"self":[{"href":"https:\/\/entrenotasyacordes.com\/index.php?rest_route=\/wp\/v2\/posts\/4782","targetHints":{"allow":["GET"]}}],"collection":[{"href":"https:\/\/entrenotasyacordes.com\/index.php?rest_route=\/wp\/v2\/posts"}],"about":[{"href":"https:\/\/entrenotasyacordes.com\/index.php?rest_route=\/wp\/v2\/types\/post"}],"author":[{"embeddable":true,"href":"https:\/\/entrenotasyacordes.com\/index.php?rest_route=\/wp\/v2\/users\/5"}],"replies":[{"embeddable":true,"href":"https:\/\/entrenotasyacordes.com\/index.php?rest_route=%2Fwp%2Fv2%2Fcomments&post=4782"}],"version-history":[{"count":2,"href":"https:\/\/entrenotasyacordes.com\/index.php?rest_route=\/wp\/v2\/posts\/4782\/revisions"}],"predecessor-version":[{"id":4785,"href":"https:\/\/entrenotasyacordes.com\/index.php?rest_route=\/wp\/v2\/posts\/4782\/revisions\/4785"}],"wp:featuredmedia":[{"embeddable":true,"href":"https:\/\/entrenotasyacordes.com\/index.php?rest_route=\/wp\/v2\/media\/4783"}],"wp:attachment":[{"href":"https:\/\/entrenotasyacordes.com\/index.php?rest_route=%2Fwp%2Fv2%2Fmedia&parent=4782"}],"wp:term":[{"taxonomy":"category","embeddable":true,"href":"https:\/\/entrenotasyacordes.com\/index.php?rest_route=%2Fwp%2Fv2%2Fcategories&post=4782"},{"taxonomy":"post_tag","embeddable":true,"href":"https:\/\/entrenotasyacordes.com\/index.php?rest_route=%2Fwp%2Fv2%2Ftags&post=4782"}],"curies":[{"name":"wp","href":"https:\/\/api.w.org\/{rel}","templated":true}]}}