{"id":4786,"date":"2024-01-29T13:58:34","date_gmt":"2024-01-29T13:58:34","guid":{"rendered":"https:\/\/entrenotasyacordes.com\/?p=4786"},"modified":"2024-01-29T13:58:36","modified_gmt":"2024-01-29T13:58:36","slug":"lauta-x-nehuen-arias-tuve-que-archivar-tu-chat","status":"publish","type":"post","link":"https:\/\/entrenotasyacordes.com\/?p=4786","title":{"rendered":"LAUTA x NEHUEN ARIAS \u201cTUVE QUE ARCHIVAR TU CHAT\u201d"},"content":{"rendered":"\n<div style=\"height:14px\" aria-hidden=\"true\" class=\"wp-block-spacer\"><\/div>\n\n\n\n<!--more-->\n\n\n\n<figure class=\"wp-block-embed is-type-video is-provider-youtube wp-block-embed-youtube wp-embed-aspect-16-9 wp-has-aspect-ratio\"><div class=\"wp-block-embed__wrapper\">\n<div class=\"epyt-video-wrapper\"><iframe loading=\"lazy\"  id=\"_ytid_86011\"  width=\"640\" height=\"360\"  data-origwidth=\"640\" data-origheight=\"360\" src=\"https:\/\/www.youtube.com\/embed\/kDnSo3fSirg?enablejsapi=1&#038;autoplay=0&#038;cc_load_policy=0&#038;cc_lang_pref=&#038;iv_load_policy=1&#038;loop=0&#038;rel=1&#038;fs=1&#038;playsinline=0&#038;autohide=2&#038;theme=dark&#038;color=white&#038;controls=1&#038;\" class=\"__youtube_prefs__  epyt-is-override  no-lazyload\" data-vol=\"50\"  title=\"YouTube player\"  allow=\"fullscreen; accelerometer; autoplay; clipboard-write; encrypted-media; gyroscope; picture-in-picture; web-share\" referrerpolicy=\"strict-origin-when-cross-origin\" allowfullscreen data-no-lazy=\"1\" data-skipgform_ajax_framebjll=\"\"><\/iframe><\/div>\n<\/div><\/figure>\n\n\n\n<div style=\"height:20px\" aria-hidden=\"true\" class=\"wp-block-spacer\"><\/div>\n\n\n\n<p class=\"has-black-color has-text-color has-link-color wp-elements-b2032aa6858e97f99e4844a38af8f6bb\"><strong>Lauta&nbsp;<\/strong>y<strong>&nbsp;Nehuen Arias<\/strong>&nbsp;se unen en una nueva cumbia del verano en la que le hablan a esa persona con la que estaban y los lastimo para contarles como fue el proceso de separaci\u00f3n.<\/p>\n\n\n\n<div style=\"height:20px\" aria-hidden=\"true\" class=\"wp-block-spacer\"><\/div>\n\n\n\n<p class=\"has-black-color has-text-color has-link-color wp-elements-e00899b2cee5a21f8ff9c4b1533a2b73\">Con frases como:<em>&nbsp;\u00abYo te ame una banda, pero vos me re lastimaste y \u00bfC\u00f3mo quer\u00edas que esto termine?\u00bb<\/em>, los artistas le cuentan a esa relaci\u00f3n que tuvieron que archivar su chat para no hablarle m\u00e1s.<\/p>\n\n\n\n<div style=\"height:20px\" aria-hidden=\"true\" class=\"wp-block-spacer\"><\/div>\n\n\n\n<p class=\"has-black-color has-text-color has-link-color wp-elements-957c0e604b244f1eccd19dfcf0964d63\">En palabras de<strong>&nbsp;Lauta<\/strong><em><strong>&nbsp;<\/strong>\u201cEs un temazo con alta energ\u00eda para bailar, dedicar, y si te rompieron el coraz\u00f3n alguna vez te vas a sentir muy identificado! Disfr\u00fatenla bandidos y v\u00e1yanse pa la playita\u201d.<\/em><\/p>\n\n\n\n<div style=\"height:20px\" aria-hidden=\"true\" class=\"wp-block-spacer\"><\/div>\n\n\n\n<p class=\"has-black-color has-text-color has-link-color wp-elements-675199655dc56bbd3e7ea72e34374acd\"><strong>SOBRE LAUTA<\/strong><\/p>\n\n\n\n<div style=\"height:20px\" aria-hidden=\"true\" class=\"wp-block-spacer\"><\/div>\n\n\n\n<p class=\"has-black-color has-text-color has-link-color wp-elements-22e9fb63d1ccafce146059709f8f4b63\">Lauta es un cantante y compositor argentino, proveniente de la ciudad de La Plata.<\/p>\n\n\n\n<div style=\"height:20px\" aria-hidden=\"true\" class=\"wp-block-spacer\"><\/div>\n\n\n\n<p class=\"has-black-color has-text-color has-link-color wp-elements-70e13980b84e522a382bd7f62c8d5de2\">Desde muy peque\u00f1o demostraba su talento cantando y escribiendo, y comenz\u00f3 a tomar clases de piano, lo cual lo motiv\u00f3 a formar parte de diversas bandas y a los 17 a\u00f1os decide comenzar su carrera como solista.<\/p>\n\n\n\n<div style=\"height:20px\" aria-hidden=\"true\" class=\"wp-block-spacer\"><\/div>\n\n\n\n<p class=\"has-black-color has-text-color has-link-color wp-elements-ce40b2f2c7f86b7b854edacf3a4e6f92\">Viene de lanzar \u201cPa La Playita\u201d, junto a Los Palmeras, Yami Safdie y Benja Torres, una cumbia para explotar la playita este verano con una vibra muy pegajosa.<\/p>\n\n\n\n<div style=\"height:20px\" aria-hidden=\"true\" class=\"wp-block-spacer\"><\/div>\n\n\n\n<p class=\"has-black-color has-text-color has-link-color wp-elements-864f6ddf23313cfb93d33dfb41891f36\">Con su versatilidad musical, Lauta contin\u00faa explorando diversos g\u00e9neros en sus canciones como el Pop, R&amp;B, el Reggaeton y ahora la cumbia, pero manteni\u00e9ndose siempre su sonido caracter\u00edstico identificado con la playa y los ritmos del verano.<\/p>\n\n\n\n<div style=\"height:20px\" aria-hidden=\"true\" class=\"wp-block-spacer\"><\/div>\n\n\n\n<p class=\"has-black-color has-text-color has-link-color wp-elements-4b204d9e1ed38b31d0afb6428f675a33\">Sus lanzamientos \u201cUna Banda\u201d y \u201cKabron\u201d junto a Santy P, contin\u00faan escalando en plataformas digitales y sumando miles de reproducciones.&nbsp; A su vez, canciones como \u201cInsta (remix)\u201d con MYA y Rombai; y \u201cNo Le Gusta Lo Rom\u00e1ntico\u201d con Migrantes, significaron un gran impulso dentro de su carrera, generando una gran repercusi\u00f3n, y lanzamientos como \u201cKe nos vea la luna\u201d, \u201cEn Loop\u201d y \u201cLa mudanza\u201d para reforzar la identidad musical, nos muestran a la perfecci\u00f3n el mundo de Lauta.<\/p>\n\n\n\n<div style=\"height:20px\" aria-hidden=\"true\" class=\"wp-block-spacer\"><\/div>\n\n\n\n<p class=\"has-black-color has-text-color has-link-color wp-elements-ae6f474bce5391bcea0ef6c4658d1056\">Como gran compositor e int\u00e9rprete, este a\u00f1o nos esperan muchas canciones que seguir\u00e1n reforzando su identidad, y tambi\u00e9n escribiendo canciones para grandes artistas de la escena argentina y mundial.<\/p>\n\n\n\n<div style=\"height:20px\" aria-hidden=\"true\" class=\"wp-block-spacer\"><\/div>\n\n\n\n<figure class=\"wp-block-image size-full\"><img loading=\"lazy\" decoding=\"async\" width=\"600\" height=\"898\" src=\"https:\/\/entrenotasyacordes.com\/wp-content\/uploads\/2024\/01\/qOP4W84yp6-9.jpeg\" alt=\"\" class=\"wp-image-4787\" srcset=\"https:\/\/entrenotasyacordes.com\/wp-content\/uploads\/2024\/01\/qOP4W84yp6-9.jpeg 600w, https:\/\/entrenotasyacordes.com\/wp-content\/uploads\/2024\/01\/qOP4W84yp6-9-200x300.jpeg 200w\" sizes=\"auto, (max-width: 600px) 100vw, 600px\" \/><\/figure>\n\n\n\n<div style=\"height:20px\" aria-hidden=\"true\" class=\"wp-block-spacer\"><\/div>\n\n\n\n<p class=\"has-black-color has-text-color has-link-color wp-elements-c7f942d763848ec9c87c94bd89ad6307\"><strong>SOBRE NEHUEN ARIAS<\/strong><\/p>\n\n\n\n<div style=\"height:20px\" aria-hidden=\"true\" class=\"wp-block-spacer\"><\/div>\n\n\n\n<p class=\"has-black-color has-text-color has-link-color wp-elements-872c09b48caa4182fcefad89481fc315\">Nehuen Arias es un artista emergente que ha logrado renovar y revitalizar las melod\u00edas cl\u00e1sicas que todos conocemos en cumbias mel\u00f3dicas, con una habilidad innata para capturar la esencia \u00fanica de este g\u00e9nero.<\/p>\n\n\n\n<div style=\"height:20px\" aria-hidden=\"true\" class=\"wp-block-spacer\"><\/div>\n\n\n\n<p class=\"has-black-color has-text-color has-link-color wp-elements-22d730244e8f536f42736d2f6e360b85\">Su voz \u00fanica y privilegiada es otro elemento destacado en su propuesta art\u00edstica, con una combinaci\u00f3n de potencia y sensibilidad.<\/p>\n\n\n\n<div style=\"height:20px\" aria-hidden=\"true\" class=\"wp-block-spacer\"><\/div>\n\n\n\n<p class=\"has-black-color has-text-color has-link-color wp-elements-ea4887f394a42f0021cc816b5c67ea14\">En septiembre de 2023 form\u00f3 parte del line-up del Evento del A\u00f1o, un show organizado por Ulises Bueno, que se llev\u00f3 a cabo en el Complejo Forja de C\u00f3rdoba, al cual asistieron m\u00e1s de treinta mil personas. Adem\u00e1s, se present\u00f3 en dos ocasiones en el boliche Club Zone, donde encendi\u00f3 la fiesta para un total de 10 mil personas.<\/p>\n\n\n\n<div style=\"height:20px\" aria-hidden=\"true\" class=\"wp-block-spacer\"><\/div>\n\n\n\n<p class=\"has-black-color has-text-color has-link-color wp-elements-a0e5aeefda6f071717db662e34a48a09\">Recientemente lanz\u00f3 en YouTube una reversi\u00f3n de Te amo de Makano, Igual que ayer de RKM &amp; KEN y No debiste volver de Eddy Lover.<\/p>\n\n\n\n<div style=\"height:20px\" aria-hidden=\"true\" class=\"wp-block-spacer\"><\/div>\n\n\n\n<p class=\"has-black-color has-text-color has-link-color wp-elements-acfee43842a723967aa061c9b9aab80f\">Nehuen, adem\u00e1s, tiene una fuerte presencia en TikTok, donde cuenta con m\u00e1s de 50 mil seguidores, obteniendo miles de reproducciones con cada video en los que reversiona canciones en tendencia o cl\u00e1sicos.<\/p>\n\n\n\n<div style=\"height:20px\" aria-hidden=\"true\" class=\"wp-block-spacer\"><\/div>\n","protected":false},"excerpt":{"rendered":"","protected":false},"author":5,"featured_media":4788,"comment_status":"open","ping_status":"open","sticky":false,"template":"","format":"standard","meta":{"om_disable_all_campaigns":false,"_uf_show_specific_survey":0,"_uf_disable_surveys":false,"footnotes":""},"categories":[4],"tags":[],"class_list":["post-4786","post","type-post","status-publish","format-standard","has-post-thumbnail","hentry","category-musica"],"_links":{"self":[{"href":"https:\/\/entrenotasyacordes.com\/index.php?rest_route=\/wp\/v2\/posts\/4786","targetHints":{"allow":["GET"]}}],"collection":[{"href":"https:\/\/entrenotasyacordes.com\/index.php?rest_route=\/wp\/v2\/posts"}],"about":[{"href":"https:\/\/entrenotasyacordes.com\/index.php?rest_route=\/wp\/v2\/types\/post"}],"author":[{"embeddable":true,"href":"https:\/\/entrenotasyacordes.com\/index.php?rest_route=\/wp\/v2\/users\/5"}],"replies":[{"embeddable":true,"href":"https:\/\/entrenotasyacordes.com\/index.php?rest_route=%2Fwp%2Fv2%2Fcomments&post=4786"}],"version-history":[{"count":2,"href":"https:\/\/entrenotasyacordes.com\/index.php?rest_route=\/wp\/v2\/posts\/4786\/revisions"}],"predecessor-version":[{"id":4790,"href":"https:\/\/entrenotasyacordes.com\/index.php?rest_route=\/wp\/v2\/posts\/4786\/revisions\/4790"}],"wp:featuredmedia":[{"embeddable":true,"href":"https:\/\/entrenotasyacordes.com\/index.php?rest_route=\/wp\/v2\/media\/4788"}],"wp:attachment":[{"href":"https:\/\/entrenotasyacordes.com\/index.php?rest_route=%2Fwp%2Fv2%2Fmedia&parent=4786"}],"wp:term":[{"taxonomy":"category","embeddable":true,"href":"https:\/\/entrenotasyacordes.com\/index.php?rest_route=%2Fwp%2Fv2%2Fcategories&post=4786"},{"taxonomy":"post_tag","embeddable":true,"href":"https:\/\/entrenotasyacordes.com\/index.php?rest_route=%2Fwp%2Fv2%2Ftags&post=4786"}],"curies":[{"name":"wp","href":"https:\/\/api.w.org\/{rel}","templated":true}]}}