{"id":4791,"date":"2024-01-29T14:18:53","date_gmt":"2024-01-29T14:18:53","guid":{"rendered":"https:\/\/entrenotasyacordes.com\/?p=4791"},"modified":"2024-01-29T14:18:54","modified_gmt":"2024-01-29T14:18:54","slug":"dani-ribba-presenta-a-mi-lado-live-at-cindy-catz-jam","status":"publish","type":"post","link":"https:\/\/entrenotasyacordes.com\/?p=4791","title":{"rendered":"DANI RIBBA PRESENTA \u00abA mi lado\u00bb (Live at Cindy Catz Jam)"},"content":{"rendered":"\n<!--more-->\n\n\n\n<figure class=\"wp-block-embed is-type-video is-provider-youtube wp-block-embed-youtube wp-embed-aspect-16-9 wp-has-aspect-ratio\"><div class=\"wp-block-embed__wrapper\">\n<div class=\"epyt-video-wrapper\"><iframe loading=\"lazy\"  id=\"_ytid_50854\"  width=\"640\" height=\"360\"  data-origwidth=\"640\" data-origheight=\"360\" src=\"https:\/\/www.youtube.com\/embed\/gMPi_PcD6zg?enablejsapi=1&#038;autoplay=0&#038;cc_load_policy=0&#038;cc_lang_pref=&#038;iv_load_policy=1&#038;loop=0&#038;rel=1&#038;fs=1&#038;playsinline=0&#038;autohide=2&#038;theme=dark&#038;color=white&#038;controls=1&#038;\" class=\"__youtube_prefs__  epyt-is-override  no-lazyload\" data-vol=\"50\"  title=\"YouTube player\"  allow=\"fullscreen; accelerometer; autoplay; clipboard-write; encrypted-media; gyroscope; picture-in-picture; web-share\" referrerpolicy=\"strict-origin-when-cross-origin\" allowfullscreen data-no-lazy=\"1\" data-skipgform_ajax_framebjll=\"\"><\/iframe><\/div>\n<\/div><\/figure>\n\n\n\n<div style=\"height:21px\" aria-hidden=\"true\" class=\"wp-block-spacer\"><\/div>\n\n\n\n<p class=\"has-black-color has-text-color has-link-color wp-elements-65ebfbb251bd2736356ceaba31119b4a\">DANI RIBBA presenta una nueva versi\u00f3n de \u201cA mi lado\u201d, primer hit de su carrera art\u00edstica lanzado originalmente en 2020 marcando un antes y un despu\u00e9s en su recorrido donde atraviesa magistralmente el puente que lo lleva del freestyle a lo musical. Fue a ra\u00edz de esta canci\u00f3n (producida originalmente por Tatool &amp; Taiu) un punto de partida que le permiti\u00f3 colaborar con BZRP en la sesi\u00f3n #24 y editar su primer \u00e1lbum \u201cLa melod\u00eda\u201d (que acumula m\u00e1s de 80 millones de reproducciones en Spotify) contando con featurings de Duki, Tiago Pzk y Trueno.<\/p>\n\n\n\n<div style=\"height:21px\" aria-hidden=\"true\" class=\"wp-block-spacer\"><\/div>\n\n\n\n<p class=\"has-black-color has-text-color has-link-color wp-elements-856fd91fad1bed14a1feb999514efc31\">La versi\u00f3n en vivo de \u201cA mi lado\u201d 2024 cuenta con la particularidad de haber sido inmortalizada en la Jam del momento, Cindy Cats: un ensamble musical que va m\u00e1s all\u00e1 de la convencionalidad y que pone a la m\u00fasica como prioridad.<\/p>\n\n\n\n<div style=\"height:21px\" aria-hidden=\"true\" class=\"wp-block-spacer\"><\/div>\n\n\n\n<p class=\"has-black-color has-text-color has-link-color wp-elements-c9595421450bc7b7b00deae15f690e2b\">Uniendo el talento joven y parte de lo que marc\u00f3 la historia de la escena nacional, han llegado a contundentes reversiones junto a Abril Olivera, Trueno, Hilda Lizarazu, Lito Vitale y Catriel entre tantos otros.<\/p>\n\n\n\n<div style=\"height:21px\" aria-hidden=\"true\" class=\"wp-block-spacer\"><\/div>\n\n\n\n<figure class=\"wp-block-image size-large\"><img loading=\"lazy\" decoding=\"async\" width=\"1024\" height=\"680\" src=\"https:\/\/entrenotasyacordes.com\/wp-content\/uploads\/2024\/01\/c044bcdf-f634-1fa7-954a-0d3621d71c3f-1024x680.jpg\" alt=\"\" class=\"wp-image-4792\" srcset=\"https:\/\/entrenotasyacordes.com\/wp-content\/uploads\/2024\/01\/c044bcdf-f634-1fa7-954a-0d3621d71c3f-1024x680.jpg 1024w, https:\/\/entrenotasyacordes.com\/wp-content\/uploads\/2024\/01\/c044bcdf-f634-1fa7-954a-0d3621d71c3f-300x200.jpg 300w, https:\/\/entrenotasyacordes.com\/wp-content\/uploads\/2024\/01\/c044bcdf-f634-1fa7-954a-0d3621d71c3f-768x510.jpg 768w, https:\/\/entrenotasyacordes.com\/wp-content\/uploads\/2024\/01\/c044bcdf-f634-1fa7-954a-0d3621d71c3f.jpg 1183w\" sizes=\"auto, (max-width: 1024px) 100vw, 1024px\" \/><\/figure>\n\n\n\n<div style=\"height:21px\" aria-hidden=\"true\" class=\"wp-block-spacer\"><\/div>\n","protected":false},"excerpt":{"rendered":"","protected":false},"author":5,"featured_media":4793,"comment_status":"open","ping_status":"open","sticky":false,"template":"","format":"standard","meta":{"om_disable_all_campaigns":false,"_uf_show_specific_survey":0,"_uf_disable_surveys":false,"footnotes":""},"categories":[4],"tags":[],"class_list":["post-4791","post","type-post","status-publish","format-standard","has-post-thumbnail","hentry","category-musica"],"_links":{"self":[{"href":"https:\/\/entrenotasyacordes.com\/index.php?rest_route=\/wp\/v2\/posts\/4791","targetHints":{"allow":["GET"]}}],"collection":[{"href":"https:\/\/entrenotasyacordes.com\/index.php?rest_route=\/wp\/v2\/posts"}],"about":[{"href":"https:\/\/entrenotasyacordes.com\/index.php?rest_route=\/wp\/v2\/types\/post"}],"author":[{"embeddable":true,"href":"https:\/\/entrenotasyacordes.com\/index.php?rest_route=\/wp\/v2\/users\/5"}],"replies":[{"embeddable":true,"href":"https:\/\/entrenotasyacordes.com\/index.php?rest_route=%2Fwp%2Fv2%2Fcomments&post=4791"}],"version-history":[{"count":2,"href":"https:\/\/entrenotasyacordes.com\/index.php?rest_route=\/wp\/v2\/posts\/4791\/revisions"}],"predecessor-version":[{"id":4795,"href":"https:\/\/entrenotasyacordes.com\/index.php?rest_route=\/wp\/v2\/posts\/4791\/revisions\/4795"}],"wp:featuredmedia":[{"embeddable":true,"href":"https:\/\/entrenotasyacordes.com\/index.php?rest_route=\/wp\/v2\/media\/4793"}],"wp:attachment":[{"href":"https:\/\/entrenotasyacordes.com\/index.php?rest_route=%2Fwp%2Fv2%2Fmedia&parent=4791"}],"wp:term":[{"taxonomy":"category","embeddable":true,"href":"https:\/\/entrenotasyacordes.com\/index.php?rest_route=%2Fwp%2Fv2%2Fcategories&post=4791"},{"taxonomy":"post_tag","embeddable":true,"href":"https:\/\/entrenotasyacordes.com\/index.php?rest_route=%2Fwp%2Fv2%2Ftags&post=4791"}],"curies":[{"name":"wp","href":"https:\/\/api.w.org\/{rel}","templated":true}]}}