{"id":4800,"date":"2024-01-29T14:27:09","date_gmt":"2024-01-29T14:27:09","guid":{"rendered":"https:\/\/entrenotasyacordes.com\/?p=4800"},"modified":"2024-01-29T14:27:11","modified_gmt":"2024-01-29T14:27:11","slug":"andres-koi-estrenatodo-lo-que-me-matanuevo-adelanto-de-su-album-de-debut","status":"publish","type":"post","link":"https:\/\/entrenotasyacordes.com\/?p=4800","title":{"rendered":"ANDR\u00c9S KOI ESTRENA\u2018TODO LO QUE ME MATA\u2019,NUEVO ADELANTO DE SU \u00c1LBUM DE DEBUT"},"content":{"rendered":"\n<!--more-->\n\n\n\n<figure class=\"wp-block-embed is-type-video is-provider-youtube wp-block-embed-youtube wp-embed-aspect-4-3 wp-has-aspect-ratio\"><div class=\"wp-block-embed__wrapper\">\n<div class=\"epyt-video-wrapper\"><iframe loading=\"lazy\"  id=\"_ytid_15173\"  width=\"640\" height=\"360\"  data-origwidth=\"640\" data-origheight=\"360\" src=\"https:\/\/www.youtube.com\/embed\/UIAsKXiX4FE?enablejsapi=1&#038;autoplay=0&#038;cc_load_policy=0&#038;cc_lang_pref=&#038;iv_load_policy=1&#038;loop=0&#038;rel=1&#038;fs=1&#038;playsinline=0&#038;autohide=2&#038;theme=dark&#038;color=white&#038;controls=1&#038;\" class=\"__youtube_prefs__  epyt-is-override  no-lazyload\" data-vol=\"50\"  title=\"YouTube player\"  allow=\"fullscreen; accelerometer; autoplay; clipboard-write; encrypted-media; gyroscope; picture-in-picture; web-share\" referrerpolicy=\"strict-origin-when-cross-origin\" allowfullscreen data-no-lazy=\"1\" data-skipgform_ajax_framebjll=\"\"><\/iframe><\/div>\n<\/div><\/figure>\n\n\n\n<div style=\"height:22px\" aria-hidden=\"true\" class=\"wp-block-spacer\"><\/div>\n\n\n\n<p class=\"has-black-color has-text-color has-link-color wp-elements-397d5acb9d79be8516ac17c0702fe83e\">Qui\u00e9n sabe cu\u00e1l es la f\u00f3rmula del amor, pero Andr\u00e9s Koi se atreve con lo que sea.&nbsp;<em>Todo lo que me mata<\/em>&nbsp;es un intento de atrapar uno de los misterios m\u00e1s grandes que condicionan al ser humano. Y lo consigue. \u201cEs una canci\u00f3n que nace de la suma de todos esos peque\u00f1os detalles, momentos y part\u00edculas de segundos que hacen que caigas enamorado\u201d, relata el artista madrile\u00f1o.<\/p>\n\n\n\n<div style=\"height:22px\" aria-hidden=\"true\" class=\"wp-block-spacer\"><\/div>\n\n\n\n<p class=\"has-black-color has-text-color has-link-color wp-elements-909559df8ff41a9c49db7376306136df\">Acompa\u00f1ado de un videoclip protagonizado por la actriz espa\u00f1ola Bego\u00f1a Vargas, llega as\u00ed el tercer adelanto del que este a\u00f1o se convertir\u00e1 en el \u00e1lbum de debut de un m\u00fasico que se hizo grande con DVICIO y que ya vuela en solitario. Comenz\u00f3 con un renacer, aquel&nbsp;<em>Buffet&nbsp;<\/em>ilustrado en su videoclip por un Andr\u00e9slibre y rebosante de confianza que se mov\u00eda por un colorido Tokio. Le sigui\u00f3 una visita al pasado en&nbsp;<em>El ni\u00f1o que fui ayer. &nbsp;<\/em>Y profundiza ahora en las esencias de su propio estilo en este&nbsp;<em>Todo lo que me mata&nbsp;<\/em>que confirma un camino sonoro elegante y cosmopolita.<\/p>\n\n\n\n<div style=\"height:22px\" aria-hidden=\"true\" class=\"wp-block-spacer\"><\/div>\n\n\n\n<p class=\"has-black-color has-text-color has-link-color wp-elements-2865bed6ff646821835aef8228c56960\">Con su nuevo tema, esta oda al amor y a todos esos peque\u00f1os gestos que marcan la diferencia y hacen que brote la pasi\u00f3n, Andr\u00e9s nos prepara para un \u00e1lbum que deja atr\u00e1s su etapa de DVICIO y que plantea como un renacer, como el regreso a una luz que inunda melod\u00edas y letras. Ser\u00e1 como un viaje interior que acompa\u00f1a su evoluci\u00f3n, hasta convertirse en el gran artista que ya es.<\/p>\n\n\n\n<div style=\"height:22px\" aria-hidden=\"true\" class=\"wp-block-spacer\"><\/div>\n\n\n\n<p class=\"has-black-color has-text-color has-link-color wp-elements-7b063ce06c6f3d100b1cafdeeaef1f72\">El madrile\u00f1o disfruta de la vida desde la naturalidad y la improvisaci\u00f3n, para transmitir una profunda sensaci\u00f3n de emancipaci\u00f3n que parte de su propia personalidad y que alcanza la belleza a trav\u00e9s de la imperfecci\u00f3n. Y lo hace con un tremendo disco de pop fresco y desenfadado para dar el pistoletazo de salida al nuevo Andr\u00e9s Koi.<\/p>\n\n\n\n<div style=\"height:22px\" aria-hidden=\"true\" class=\"wp-block-spacer\"><\/div>\n","protected":false},"excerpt":{"rendered":"","protected":false},"author":5,"featured_media":4801,"comment_status":"open","ping_status":"open","sticky":false,"template":"","format":"standard","meta":{"om_disable_all_campaigns":false,"_uf_show_specific_survey":0,"_uf_disable_surveys":false,"footnotes":""},"categories":[4],"tags":[],"class_list":["post-4800","post","type-post","status-publish","format-standard","has-post-thumbnail","hentry","category-musica"],"_links":{"self":[{"href":"https:\/\/entrenotasyacordes.com\/index.php?rest_route=\/wp\/v2\/posts\/4800","targetHints":{"allow":["GET"]}}],"collection":[{"href":"https:\/\/entrenotasyacordes.com\/index.php?rest_route=\/wp\/v2\/posts"}],"about":[{"href":"https:\/\/entrenotasyacordes.com\/index.php?rest_route=\/wp\/v2\/types\/post"}],"author":[{"embeddable":true,"href":"https:\/\/entrenotasyacordes.com\/index.php?rest_route=\/wp\/v2\/users\/5"}],"replies":[{"embeddable":true,"href":"https:\/\/entrenotasyacordes.com\/index.php?rest_route=%2Fwp%2Fv2%2Fcomments&post=4800"}],"version-history":[{"count":2,"href":"https:\/\/entrenotasyacordes.com\/index.php?rest_route=\/wp\/v2\/posts\/4800\/revisions"}],"predecessor-version":[{"id":4803,"href":"https:\/\/entrenotasyacordes.com\/index.php?rest_route=\/wp\/v2\/posts\/4800\/revisions\/4803"}],"wp:featuredmedia":[{"embeddable":true,"href":"https:\/\/entrenotasyacordes.com\/index.php?rest_route=\/wp\/v2\/media\/4801"}],"wp:attachment":[{"href":"https:\/\/entrenotasyacordes.com\/index.php?rest_route=%2Fwp%2Fv2%2Fmedia&parent=4800"}],"wp:term":[{"taxonomy":"category","embeddable":true,"href":"https:\/\/entrenotasyacordes.com\/index.php?rest_route=%2Fwp%2Fv2%2Fcategories&post=4800"},{"taxonomy":"post_tag","embeddable":true,"href":"https:\/\/entrenotasyacordes.com\/index.php?rest_route=%2Fwp%2Fv2%2Ftags&post=4800"}],"curies":[{"name":"wp","href":"https:\/\/api.w.org\/{rel}","templated":true}]}}