{"id":4804,"date":"2024-01-29T14:38:28","date_gmt":"2024-01-29T14:38:28","guid":{"rendered":"https:\/\/entrenotasyacordes.com\/?p=4804"},"modified":"2024-01-29T14:38:30","modified_gmt":"2024-01-29T14:38:30","slug":"the-kid-laroi-presentaheaven","status":"publish","type":"post","link":"https:\/\/entrenotasyacordes.com\/?p=4804","title":{"rendered":"THE KID LAROI presenta\u00bbHEAVEN\u00bb"},"content":{"rendered":"\n<!--more-->\n\n\n\n<figure class=\"wp-block-embed is-type-video is-provider-youtube wp-block-embed-youtube wp-embed-aspect-16-9 wp-has-aspect-ratio\"><div class=\"wp-block-embed__wrapper\">\n<div class=\"epyt-video-wrapper\"><iframe loading=\"lazy\"  id=\"_ytid_86229\"  width=\"640\" height=\"360\"  data-origwidth=\"640\" data-origheight=\"360\" src=\"https:\/\/www.youtube.com\/embed\/MsiqejoIhRo?enablejsapi=1&#038;autoplay=0&#038;cc_load_policy=0&#038;cc_lang_pref=&#038;iv_load_policy=1&#038;loop=0&#038;rel=1&#038;fs=1&#038;playsinline=0&#038;autohide=2&#038;theme=dark&#038;color=white&#038;controls=1&#038;\" class=\"__youtube_prefs__  epyt-is-override  no-lazyload\" data-vol=\"50\"  title=\"YouTube player\"  allow=\"fullscreen; accelerometer; autoplay; clipboard-write; encrypted-media; gyroscope; picture-in-picture; web-share\" referrerpolicy=\"strict-origin-when-cross-origin\" allowfullscreen data-no-lazy=\"1\" data-skipgform_ajax_framebjll=\"\"><\/iframe><\/div>\n<\/div><\/figure>\n\n\n\n<div style=\"height:27px\" aria-hidden=\"true\" class=\"wp-block-spacer\"><\/div>\n\n\n\n<p class=\"has-black-color has-text-color has-link-color wp-elements-3eea8a6af6b554b8932301721fc7c8d6\">The Kid LAROI est\u00e1 de vuelta con su primer lanzamiento oficial del a\u00f1o, \u00abHEAVEN\u00bb. Despu\u00e9s de adelantar&nbsp;la canci\u00f3n en las redes sociales el a\u00f1o pasado, LAROI&nbsp;lanza oficialmente esta&nbsp;balada cruda y emotiva. Ver&nbsp;el visualizar&nbsp;&nbsp;<strong><a href=\"https:\/\/click.emails.sonymusicfans.com\/?qs=df1136d9fcbd5532208588aa44ee530f5ae44b0906eda636fa0b89c46bbe9be55a69abe1c2837ec8210f22a7e86aa5d11ede0112d9ba0efb\" target=\"_blank\" rel=\"noreferrer noopener\">&nbsp;<strong>AQU\u00cd<\/strong>.<\/a><\/strong>&nbsp;La canci\u00f3n despliega honestidad emocional, de una manera que es familiar para LAROI, ya que el cantante y compositor lidia con la oscuridad y sus propias dolencias, declarando \u00abEl cielo es un lugar al que no quiero ir, porque cuando veo tu rostro, no quiero morir m\u00e1s\u00bb. Escucha \u00abHEAVEN\u00bb&nbsp;<strong><a href=\"https:\/\/click.emails.sonymusicfans.com\/?qs=df1136d9fcbd5532350d46c7e947922dd6a5f4c9c280ef910a5d8d4f375a9979ae5918285680d773b27a66afd990fa72e2ed9faa0f019c8d\" target=\"_blank\" rel=\"noreferrer noopener\">AQU\u00cd.<\/a><\/strong><\/p>\n\n\n\n<div style=\"height:27px\" aria-hidden=\"true\" class=\"wp-block-spacer\"><\/div>\n\n\n\n<p class=\"has-black-color has-text-color has-link-color wp-elements-fa4e5c3c1dbc7cdd7cb4675cfb96d6e0\">Anteriormente, The Kid LAROI lanz\u00f3 su album de larga duraci\u00f3n,&nbsp;<em><strong><u>THE FIRST TIME.<\/u><\/strong><\/em>&nbsp;En caso de que te lo hayas perdido, escuch\u00e1&nbsp;<strong><a href=\"https:\/\/click.emails.sonymusicfans.com\/?qs=df1136d9fcbd55327983c3ed55363e1033239229b39ca23ef20d2d2ff65cbb7561fa5147cd3c5a4a3ce029bcdb3273556bf65e64d61e395b\" target=\"_blank\" rel=\"noreferrer noopener\">aqu\u00ed<\/a><\/strong>c\u00f3mo compone un cuerpo de trabajo simult\u00e1neamente matizado y expansivo impulsado por su caracter\u00edstico h\u00edbrido de hip-hop, pop, alternativo e indie.<\/p>\n\n\n\n<div style=\"height:27px\" aria-hidden=\"true\" class=\"wp-block-spacer\"><\/div>\n","protected":false},"excerpt":{"rendered":"","protected":false},"author":5,"featured_media":4805,"comment_status":"open","ping_status":"open","sticky":false,"template":"","format":"standard","meta":{"om_disable_all_campaigns":false,"_uf_show_specific_survey":0,"_uf_disable_surveys":false,"footnotes":""},"categories":[4],"tags":[],"class_list":["post-4804","post","type-post","status-publish","format-standard","has-post-thumbnail","hentry","category-musica"],"_links":{"self":[{"href":"https:\/\/entrenotasyacordes.com\/index.php?rest_route=\/wp\/v2\/posts\/4804","targetHints":{"allow":["GET"]}}],"collection":[{"href":"https:\/\/entrenotasyacordes.com\/index.php?rest_route=\/wp\/v2\/posts"}],"about":[{"href":"https:\/\/entrenotasyacordes.com\/index.php?rest_route=\/wp\/v2\/types\/post"}],"author":[{"embeddable":true,"href":"https:\/\/entrenotasyacordes.com\/index.php?rest_route=\/wp\/v2\/users\/5"}],"replies":[{"embeddable":true,"href":"https:\/\/entrenotasyacordes.com\/index.php?rest_route=%2Fwp%2Fv2%2Fcomments&post=4804"}],"version-history":[{"count":2,"href":"https:\/\/entrenotasyacordes.com\/index.php?rest_route=\/wp\/v2\/posts\/4804\/revisions"}],"predecessor-version":[{"id":4807,"href":"https:\/\/entrenotasyacordes.com\/index.php?rest_route=\/wp\/v2\/posts\/4804\/revisions\/4807"}],"wp:featuredmedia":[{"embeddable":true,"href":"https:\/\/entrenotasyacordes.com\/index.php?rest_route=\/wp\/v2\/media\/4805"}],"wp:attachment":[{"href":"https:\/\/entrenotasyacordes.com\/index.php?rest_route=%2Fwp%2Fv2%2Fmedia&parent=4804"}],"wp:term":[{"taxonomy":"category","embeddable":true,"href":"https:\/\/entrenotasyacordes.com\/index.php?rest_route=%2Fwp%2Fv2%2Fcategories&post=4804"},{"taxonomy":"post_tag","embeddable":true,"href":"https:\/\/entrenotasyacordes.com\/index.php?rest_route=%2Fwp%2Fv2%2Ftags&post=4804"}],"curies":[{"name":"wp","href":"https:\/\/api.w.org\/{rel}","templated":true}]}}