{"id":4808,"date":"2024-01-29T14:44:37","date_gmt":"2024-01-29T14:44:37","guid":{"rendered":"https:\/\/entrenotasyacordes.com\/?p=4808"},"modified":"2024-01-29T14:44:39","modified_gmt":"2024-01-29T14:44:39","slug":"el-negro-tecla-presenta-su-primer-remix-ahiahi-junto-a-pablo-lescano-l-gante-y-la-t-y-la-m-bajo-la-produccion-de-dj-tao","status":"publish","type":"post","link":"https:\/\/entrenotasyacordes.com\/?p=4808","title":{"rendered":"El Negro Tecla presenta su primer remix: \u00abAh\u00edAh\u00ed\u00bb junto a Pablo Lescano, L-Gante y La T y la M, bajo la producci\u00f3n de DJ Tao."},"content":{"rendered":"\n<!--more-->\n\n\n\n<figure class=\"wp-block-embed is-type-video is-provider-youtube wp-block-embed-youtube wp-embed-aspect-16-9 wp-has-aspect-ratio\"><div class=\"wp-block-embed__wrapper\">\n<div class=\"epyt-video-wrapper\"><iframe loading=\"lazy\"  id=\"_ytid_95306\"  width=\"640\" height=\"360\"  data-origwidth=\"640\" data-origheight=\"360\" src=\"https:\/\/www.youtube.com\/embed\/NKQ9R2N7WIU?enablejsapi=1&#038;autoplay=0&#038;cc_load_policy=0&#038;cc_lang_pref=&#038;iv_load_policy=1&#038;loop=0&#038;rel=1&#038;fs=1&#038;playsinline=0&#038;autohide=2&#038;theme=dark&#038;color=white&#038;controls=1&#038;\" class=\"__youtube_prefs__  epyt-is-override  no-lazyload\" data-vol=\"50\"  title=\"YouTube player\"  allow=\"fullscreen; accelerometer; autoplay; clipboard-write; encrypted-media; gyroscope; picture-in-picture; web-share\" referrerpolicy=\"strict-origin-when-cross-origin\" allowfullscreen data-no-lazy=\"1\" data-skipgform_ajax_framebjll=\"\"><\/iframe><\/div>\n<\/div><\/figure>\n\n\n\n<div style=\"height:26px\" aria-hidden=\"true\" class=\"wp-block-spacer\"><\/div>\n\n\n\n<p class=\"has-black-color has-text-color has-link-color wp-elements-7146b5aa8fc2f48f209a11bf2482c76f\">El Negro Tecla llega con el lanzamiento de su primer remix del hitazo del verano \u201cAhi Ahi\u201d junto a DJ Tao, Pablo Lescano de Demas Gratis, L-Gante y el duo La T y La M. <\/p>\n\n\n\n<div style=\"height:24px\" aria-hidden=\"true\" class=\"wp-block-spacer\"><\/div>\n\n\n\n<p class=\"has-black-color has-text-color has-link-color wp-elements-6f4f9396dfbe16834cf52f492c0034a6\">La nueva versi\u00f3n creada por DJ Tao, combina las voz del propio Tecla, con nuevas partes de L-Gante, Tob\u00edas de la T y la M, y Pablo Lescano quien adem\u00e1s suma su m\u00edtico teclado que se combina con el de Mat\u00edas de la T y la M en un verdadero cruce generacional. Para coronar este lanzamiento llega con videoclip incluido dirigido por William Arias donde se los ve a todos estos referentes de la cumbia juntos cantando la canci\u00f3n.<\/p>\n\n\n\n<div style=\"height:24px\" aria-hidden=\"true\" class=\"wp-block-spacer\"><\/div>\n\n\n\n<p class=\"has-black-color has-text-color has-link-color wp-elements-4562d229c50a2684e8fef22e96c68bab\">La versi\u00f3n original de \u00abAh\u00ed Ah\u00ed\u00bb naci\u00f3 peculiarmente hace tres a\u00f1os en 2021 y fue producida y compuesta por el propio artista en su habitaci\u00f3n, luego de abandonar su carrera futbol\u00edstica en Gimnasia y Esgrima de su Mendoza natal por culpa de una lesi\u00f3n. Hoy a los 22 a\u00f1os, el cantante oriundo de Las Heras cumple el sue\u00f1o de poder colaborar con los principales exponentes m\u00e1s j\u00f3venes de la cumbia y contar con el aval del l\u00edder de Damas Gratis.<\/p>\n\n\n\n<div style=\"height:24px\" aria-hidden=\"true\" class=\"wp-block-spacer\"><\/div>\n\n\n\n<p class=\"has-black-color has-text-color has-link-color wp-elements-f256250ab158f5b03f1540dfd8d55407\">&nbsp;Esta canci\u00f3n conocida por su frase \u201cS\u00e1bado, me voy para el baile..\u201d, se volvi\u00f3 paralelamente un hit logrando alcanzar el puesto n\u00famero 4 en Spotify Argentina durante diciembre de 2023 y chartear tambi\u00e9n en Paraguay y Uruguay as\u00ed como tambi\u00e9n en el Billboard Argentina Hot 100, hoy en la posici\u00f3n n\u00famero #30. Por otro lado, con tres distintas versiones suma 55 millones de reproducciones en YouTube sumando m\u00e1s de 100 millones de reproducciones entre todas las plataformas.<\/p>\n\n\n\n<div style=\"height:24px\" aria-hidden=\"true\" class=\"wp-block-spacer\"><\/div>\n\n\n\n<p class=\"has-black-color has-text-color has-link-color wp-elements-bec36b67d3a29e49bb3cd8a4bbff876f\">El Negro Tecla ha consolidado su presencia en la escena con un estilo \u00fanico y aut\u00e9ntico y es nombrado como la \u201cnueva cara de la cumbia\u201d. \u00abAh\u00ed Ah\u00ed Remix\u00bb es un testimonio de su crecimiento art\u00edstico y evoluci\u00f3n. Con una combinaci\u00f3n de letras que describen la cultura argentina y un color de voz inconfundible, la canci\u00f3n promete transformarse en un himno sin fecha de vencimiento<\/p>\n\n\n\n<div style=\"height:24px\" aria-hidden=\"true\" class=\"wp-block-spacer\"><\/div>\n\n\n\n<figure class=\"wp-block-image size-large\"><img loading=\"lazy\" decoding=\"async\" width=\"1024\" height=\"683\" src=\"https:\/\/entrenotasyacordes.com\/wp-content\/uploads\/2024\/01\/DSC0152-1024x683.jpg\" alt=\"\" class=\"wp-image-4810\" srcset=\"https:\/\/entrenotasyacordes.com\/wp-content\/uploads\/2024\/01\/DSC0152-1024x683.jpg 1024w, https:\/\/entrenotasyacordes.com\/wp-content\/uploads\/2024\/01\/DSC0152-300x200.jpg 300w, https:\/\/entrenotasyacordes.com\/wp-content\/uploads\/2024\/01\/DSC0152-768x512.jpg 768w, https:\/\/entrenotasyacordes.com\/wp-content\/uploads\/2024\/01\/DSC0152-1536x1024.jpg 1536w, https:\/\/entrenotasyacordes.com\/wp-content\/uploads\/2024\/01\/DSC0152-2048x1365.jpg 2048w\" sizes=\"auto, (max-width: 1024px) 100vw, 1024px\" \/><\/figure>\n","protected":false},"excerpt":{"rendered":"","protected":false},"author":5,"featured_media":4809,"comment_status":"open","ping_status":"open","sticky":false,"template":"","format":"standard","meta":{"om_disable_all_campaigns":false,"_uf_show_specific_survey":0,"_uf_disable_surveys":false,"footnotes":""},"categories":[4],"tags":[],"class_list":["post-4808","post","type-post","status-publish","format-standard","has-post-thumbnail","hentry","category-musica"],"_links":{"self":[{"href":"https:\/\/entrenotasyacordes.com\/index.php?rest_route=\/wp\/v2\/posts\/4808","targetHints":{"allow":["GET"]}}],"collection":[{"href":"https:\/\/entrenotasyacordes.com\/index.php?rest_route=\/wp\/v2\/posts"}],"about":[{"href":"https:\/\/entrenotasyacordes.com\/index.php?rest_route=\/wp\/v2\/types\/post"}],"author":[{"embeddable":true,"href":"https:\/\/entrenotasyacordes.com\/index.php?rest_route=\/wp\/v2\/users\/5"}],"replies":[{"embeddable":true,"href":"https:\/\/entrenotasyacordes.com\/index.php?rest_route=%2Fwp%2Fv2%2Fcomments&post=4808"}],"version-history":[{"count":2,"href":"https:\/\/entrenotasyacordes.com\/index.php?rest_route=\/wp\/v2\/posts\/4808\/revisions"}],"predecessor-version":[{"id":4812,"href":"https:\/\/entrenotasyacordes.com\/index.php?rest_route=\/wp\/v2\/posts\/4808\/revisions\/4812"}],"wp:featuredmedia":[{"embeddable":true,"href":"https:\/\/entrenotasyacordes.com\/index.php?rest_route=\/wp\/v2\/media\/4809"}],"wp:attachment":[{"href":"https:\/\/entrenotasyacordes.com\/index.php?rest_route=%2Fwp%2Fv2%2Fmedia&parent=4808"}],"wp:term":[{"taxonomy":"category","embeddable":true,"href":"https:\/\/entrenotasyacordes.com\/index.php?rest_route=%2Fwp%2Fv2%2Fcategories&post=4808"},{"taxonomy":"post_tag","embeddable":true,"href":"https:\/\/entrenotasyacordes.com\/index.php?rest_route=%2Fwp%2Fv2%2Ftags&post=4808"}],"curies":[{"name":"wp","href":"https:\/\/api.w.org\/{rel}","templated":true}]}}