{"id":4813,"date":"2024-01-29T15:02:12","date_gmt":"2024-01-29T15:02:12","guid":{"rendered":"https:\/\/entrenotasyacordes.com\/?p=4813"},"modified":"2024-01-29T15:02:13","modified_gmt":"2024-01-29T15:02:13","slug":"peipper-se-une-a-la-joaqui-para-su-nuevo-single-besinho","status":"publish","type":"post","link":"https:\/\/entrenotasyacordes.com\/?p=4813","title":{"rendered":"Peipper se une a La Joaqui para su nuevo single \u201cBesinho\u201d"},"content":{"rendered":"\n<!--more-->\n\n\n\n<figure class=\"wp-block-embed is-type-video is-provider-youtube wp-block-embed-youtube wp-embed-aspect-16-9 wp-has-aspect-ratio\"><div class=\"wp-block-embed__wrapper\">\n<div class=\"epyt-video-wrapper\"><iframe loading=\"lazy\"  id=\"_ytid_93277\"  width=\"640\" height=\"360\"  data-origwidth=\"640\" data-origheight=\"360\" src=\"https:\/\/www.youtube.com\/embed\/_jd8RzLMQLA?enablejsapi=1&#038;autoplay=0&#038;cc_load_policy=0&#038;cc_lang_pref=&#038;iv_load_policy=1&#038;loop=0&#038;rel=1&#038;fs=1&#038;playsinline=0&#038;autohide=2&#038;theme=dark&#038;color=white&#038;controls=1&#038;\" class=\"__youtube_prefs__  epyt-is-override  no-lazyload\" data-vol=\"50\"  title=\"YouTube player\"  allow=\"fullscreen; accelerometer; autoplay; clipboard-write; encrypted-media; gyroscope; picture-in-picture; web-share\" referrerpolicy=\"strict-origin-when-cross-origin\" allowfullscreen data-no-lazy=\"1\" data-skipgform_ajax_framebjll=\"\"><\/iframe><\/div>\n<\/div><\/figure>\n\n\n\n<div style=\"height:23px\" aria-hidden=\"true\" class=\"wp-block-spacer\"><\/div>\n\n\n\n<p class=\"has-black-color has-text-color has-link-color wp-elements-3eef2786d681ddf26f42bf8a28f28198\"><strong>Peipper <\/strong>presenta su nuevo sencillo <strong>\u201cBesinho\u201d <\/strong>junto a <strong>La Joaqui<\/strong>. Disponible en todas las plataformas a partir del <strong>jueves 25 de enero a las 21.00hs.<\/strong><\/p>\n\n\n\n<div style=\"height:23px\" aria-hidden=\"true\" class=\"wp-block-spacer\"><\/div>\n\n\n\n<p class=\"has-black-color has-text-color has-link-color wp-elements-50b15006bc97026a84e2da21a217ed4d\">Bajo la consigna de \u201c<em>Qu\u00e9 hombre<\/em>\u201d y \u201c<em>Qu\u00e9 mujer<\/em>\u201d, <strong>\u201cBesinho\u201d <\/strong>continua con una base tranquila que sigue una l\u00ednea parecida a su \u00faltimo lanzamiento <strong>\u201cYa Fue\u201d<\/strong>. Esta vez con un condimento especial que le otorga La Joaqui con su incre\u00edble capacidad de adaptarse a distintos ritmos.<\/p>\n\n\n\n<div style=\"height:23px\" aria-hidden=\"true\" class=\"wp-block-spacer\"><\/div>\n\n\n\n<p class=\"has-black-color has-text-color has-link-color wp-elements-a7e47579944120e0f78522b9e923490b\">El tema llega con videoclip incluido dirigido por <strong>Lucas Fossati<\/strong>. En el mismo se los ve a <strong>Peipper y La Joaqui<\/strong>, cantando en la vidriera de un local de ropa mientras lo van recorriendo internamente.<\/p>\n\n\n\n<div style=\"height:23px\" aria-hidden=\"true\" class=\"wp-block-spacer\"><\/div>\n\n\n\n<p class=\"has-black-color has-text-color has-link-color wp-elements-378592ee18a98c47c924349f263a873c\"><strong>Peipper <\/strong>arranc\u00f3 el 2024 con el lanzamiento de <strong>\u201cYa Fue\u201d <\/strong>el cu\u00e1l a dos semanas de su estreno ya acumula m\u00e1s de <strong>medio mill\u00f3n <\/strong>de reproducciones en Spotify y m\u00e1s de <strong>1.5 millones <\/strong>de visualizaciones en YouTube. Adem\u00e1s pas\u00f3 su verano con diferentes presentaciones en la costa argentina.<\/p>\n\n\n\n<div style=\"height:23px\" aria-hidden=\"true\" class=\"wp-block-spacer\"><\/div>\n","protected":false},"excerpt":{"rendered":"","protected":false},"author":5,"featured_media":4814,"comment_status":"open","ping_status":"open","sticky":false,"template":"","format":"standard","meta":{"om_disable_all_campaigns":false,"_uf_show_specific_survey":0,"_uf_disable_surveys":false,"footnotes":""},"categories":[4],"tags":[],"class_list":["post-4813","post","type-post","status-publish","format-standard","has-post-thumbnail","hentry","category-musica"],"_links":{"self":[{"href":"https:\/\/entrenotasyacordes.com\/index.php?rest_route=\/wp\/v2\/posts\/4813","targetHints":{"allow":["GET"]}}],"collection":[{"href":"https:\/\/entrenotasyacordes.com\/index.php?rest_route=\/wp\/v2\/posts"}],"about":[{"href":"https:\/\/entrenotasyacordes.com\/index.php?rest_route=\/wp\/v2\/types\/post"}],"author":[{"embeddable":true,"href":"https:\/\/entrenotasyacordes.com\/index.php?rest_route=\/wp\/v2\/users\/5"}],"replies":[{"embeddable":true,"href":"https:\/\/entrenotasyacordes.com\/index.php?rest_route=%2Fwp%2Fv2%2Fcomments&post=4813"}],"version-history":[{"count":1,"href":"https:\/\/entrenotasyacordes.com\/index.php?rest_route=\/wp\/v2\/posts\/4813\/revisions"}],"predecessor-version":[{"id":4815,"href":"https:\/\/entrenotasyacordes.com\/index.php?rest_route=\/wp\/v2\/posts\/4813\/revisions\/4815"}],"wp:featuredmedia":[{"embeddable":true,"href":"https:\/\/entrenotasyacordes.com\/index.php?rest_route=\/wp\/v2\/media\/4814"}],"wp:attachment":[{"href":"https:\/\/entrenotasyacordes.com\/index.php?rest_route=%2Fwp%2Fv2%2Fmedia&parent=4813"}],"wp:term":[{"taxonomy":"category","embeddable":true,"href":"https:\/\/entrenotasyacordes.com\/index.php?rest_route=%2Fwp%2Fv2%2Fcategories&post=4813"},{"taxonomy":"post_tag","embeddable":true,"href":"https:\/\/entrenotasyacordes.com\/index.php?rest_route=%2Fwp%2Fv2%2Ftags&post=4813"}],"curies":[{"name":"wp","href":"https:\/\/api.w.org\/{rel}","templated":true}]}}