{"id":4816,"date":"2024-01-29T15:08:32","date_gmt":"2024-01-29T15:08:32","guid":{"rendered":"https:\/\/entrenotasyacordes.com\/?p=4816"},"modified":"2024-01-29T15:08:34","modified_gmt":"2024-01-29T15:08:34","slug":"leo-rizzi-se-presenta-con-toda-su-banda-en-uruguay-argentina-y-mexico","status":"publish","type":"post","link":"https:\/\/entrenotasyacordes.com\/?p=4816","title":{"rendered":"LEO RIZZI SE PRESENTA CON TODA SU BANDA EN URUGUAY,\u00a0 ARGENTINA Y M\u00c9XICO"},"content":{"rendered":"\n<!--more-->\n\n\n\n<p class=\"has-black-color has-text-color has-link-color wp-elements-dae5f2e410ebb1094347cfd8d3c520f0\"><strong>Leo Rizzi<\/strong>, un creador que irrumpe en la industria musical nacional e internacional con su personalidad arrolladora y toda la magia de sus composiciones en el campo del crecimiento personal. En poco tiempo, Leo ha logrado posicionarse como referente del indie pop, con la combinaci\u00f3n perfecta entre m\u00fasica org\u00e1nica y electr\u00f3nica.<\/p>\n\n\n\n<div style=\"height:23px\" aria-hidden=\"true\" class=\"wp-block-spacer\"><\/div>\n\n\n\n<p class=\"has-black-color has-text-color has-link-color wp-elements-c10872c7832111cd516c333f8e1ec306\">Acaba de presentar su \u00faltimo single <strong><em>Malvas <\/em><\/strong>junto a la reconocida cantante y compositora mexicana Paty Cant\u00fa. La canci\u00f3n <em>Malvas <\/em>aborda la dolorosa tem\u00e1tica de la p\u00e9rdida de un ser querido y el impacto perdurable que deja en aquellos que le rodeaban. Leo Rizzi describe la canci\u00f3n como un homenaje, una canci\u00f3n muy especial donde poder descargar esa melancol\u00eda , una forma de inmortalizar a aquellos que ya no est\u00e1n f\u00edsicamente presentes. Paty Cant\u00fa reconoce que <em>Malvas <\/em>es una de las canciones que m\u00e1s emoci\u00f3n le ha producido sacar a lo largo de su carrera musical.<\/p>\n\n\n\n<div style=\"height:23px\" aria-hidden=\"true\" class=\"wp-block-spacer\"><\/div>\n\n\n\n<p class=\"has-black-color has-text-color has-link-color wp-elements-5fe7fff27372f05a3587faf2ec6511b5\"><strong><em>Malvas <\/em><\/strong>es el tercer adelanto de lo que ser\u00e1 el \u00e1lbum debut de Leo Rizzi que ver\u00e1 la luz muy pronto y del que conocemos ya \u00ab<a href=\"https:\/\/open.spotify.com\/intl-es\/album\/4qmFz9qSSzSMkqgmszlXBm?si=bfstBUTyQFmOZU_osZ0THg\"><u>Revoluci\u00f3n azu<\/u>l<\/a>\u00bb y \u00ab<a href=\"https:\/\/open.spotify.com\/intl-es\/album\/4sdH0YoWAHoozGAkVDqhpZ?si=QxVFXZXxTEacWa4y1fNAVg\"><u>Rompo esquemas<\/u><\/a>\u00bb junto a Danny Lux.<\/p>\n\n\n\n<div style=\"height:23px\" aria-hidden=\"true\" class=\"wp-block-spacer\"><\/div>\n\n\n\n<p class=\"has-black-color has-text-color has-link-color wp-elements-1dd252f7d4e21fd87ecf9547d05e3a4d\">El pr\u00f3ximo mes de febrero Leo Rizzi regresa a latinoamerica para presentarse con toda la banda (guitarras ac\u00fasticas, guitarras el\u00e9ctricas, teclados y bater\u00eda) en el famoso festival de Punta del Este, Festival Medio Medio. En Argentina estar\u00e1 en el <strong>Festival Cosqu\u00edn Rock de C\u00f3rdoba <\/strong>pero antes har\u00e1 dos shows propios, primero en <strong>Buenos Aires <\/strong>donde estuvo en mayo de 2023 pero en un formato ac\u00fastico, ahora regresa con toda su banda y por primera vez estar\u00e1 en <strong>Rosario<\/strong>, en el centro cultural G\u00ebmes. M\u00e9xico no pod\u00eda faltar y el 31 de marzo regresa a Monterrey al Festival Pal`Norte. En Espa\u00f1a tendr\u00e1 tres \u00fanicos conciertos, Madrid 3 de febrero, Barcelona 4 de abril y Valencia 12 de abril. Todas las fechas y entradas a la venta en leorizzi.com .<\/p>\n\n\n\n<div style=\"height:23px\" aria-hidden=\"true\" class=\"wp-block-spacer\"><\/div>\n\n\n\n<p class=\"has-text-align-center has-black-color has-text-color has-link-color wp-elements-f82e517787780fc321dd0e4fab0c318e\"><strong>8\/02 &#8211; Festival Medio Medio &#8211; <\/strong><\/p>\n\n\n\n<p class=\"has-text-align-center has-black-color has-text-color has-link-color wp-elements-dca868bb06441bd12115d7f74a81ecd8\"><strong>Punta del Este 9\/02 &#8211; Sala Camping &#8211; Buenos Aires<\/strong><\/p>\n\n\n\n<p class=\"has-text-align-center has-black-color has-text-color has-link-color wp-elements-4e76f08e25496c23cf61b3fc23a52929\"><strong>10\/02 &#8211; Centro Cultural G\u00fcemes &#8211; <\/strong><\/p>\n\n\n\n<p class=\"has-text-align-center has-black-color has-text-color has-link-color wp-elements-551e3e605fc2e57403004d335c826856\"><strong>Rosario 11\/02 &#8211; Festival Cosqu\u00edn Rock &#8211; <\/strong><\/p>\n\n\n\n<p class=\"has-text-align-center has-black-color has-text-color has-link-color wp-elements-076deba138667e6b03f06f5dc52c84d1\"><strong>C\u00f3rdoba 31\/03 &#8211; Festival Pal` Norte &#8211; Monterrey<\/strong><\/p>\n\n\n\n<div style=\"height:23px\" aria-hidden=\"true\" class=\"wp-block-spacer\"><\/div>\n\n\n\n<p class=\"has-text-align-center has-black-color has-text-color has-link-color wp-elements-269fd4386cd835e038dc59a86087f3f3\"><a href=\"https:\/\/leorizzi.com\/\"><strong><u>TICKETS A LA VENTA AQU\u00cd<\/u><\/strong><\/a><\/p>\n","protected":false},"excerpt":{"rendered":"","protected":false},"author":5,"featured_media":4818,"comment_status":"open","ping_status":"open","sticky":false,"template":"","format":"standard","meta":{"om_disable_all_campaigns":false,"_uf_show_specific_survey":0,"_uf_disable_surveys":false,"footnotes":""},"categories":[36],"tags":[],"class_list":["post-4816","post","type-post","status-publish","format-standard","has-post-thumbnail","hentry","category-conciertos"],"_links":{"self":[{"href":"https:\/\/entrenotasyacordes.com\/index.php?rest_route=\/wp\/v2\/posts\/4816","targetHints":{"allow":["GET"]}}],"collection":[{"href":"https:\/\/entrenotasyacordes.com\/index.php?rest_route=\/wp\/v2\/posts"}],"about":[{"href":"https:\/\/entrenotasyacordes.com\/index.php?rest_route=\/wp\/v2\/types\/post"}],"author":[{"embeddable":true,"href":"https:\/\/entrenotasyacordes.com\/index.php?rest_route=\/wp\/v2\/users\/5"}],"replies":[{"embeddable":true,"href":"https:\/\/entrenotasyacordes.com\/index.php?rest_route=%2Fwp%2Fv2%2Fcomments&post=4816"}],"version-history":[{"count":1,"href":"https:\/\/entrenotasyacordes.com\/index.php?rest_route=\/wp\/v2\/posts\/4816\/revisions"}],"predecessor-version":[{"id":4819,"href":"https:\/\/entrenotasyacordes.com\/index.php?rest_route=\/wp\/v2\/posts\/4816\/revisions\/4819"}],"wp:featuredmedia":[{"embeddable":true,"href":"https:\/\/entrenotasyacordes.com\/index.php?rest_route=\/wp\/v2\/media\/4818"}],"wp:attachment":[{"href":"https:\/\/entrenotasyacordes.com\/index.php?rest_route=%2Fwp%2Fv2%2Fmedia&parent=4816"}],"wp:term":[{"taxonomy":"category","embeddable":true,"href":"https:\/\/entrenotasyacordes.com\/index.php?rest_route=%2Fwp%2Fv2%2Fcategories&post=4816"},{"taxonomy":"post_tag","embeddable":true,"href":"https:\/\/entrenotasyacordes.com\/index.php?rest_route=%2Fwp%2Fv2%2Ftags&post=4816"}],"curies":[{"name":"wp","href":"https:\/\/api.w.org\/{rel}","templated":true}]}}