{"id":4821,"date":"2024-01-29T15:15:07","date_gmt":"2024-01-29T15:15:07","guid":{"rendered":"https:\/\/entrenotasyacordes.com\/?p=4821"},"modified":"2024-01-29T15:15:09","modified_gmt":"2024-01-29T15:15:09","slug":"blessd-lanza-su-tercer-album-si-sabe","status":"publish","type":"post","link":"https:\/\/entrenotasyacordes.com\/?p=4821","title":{"rendered":"BLESSD LANZA SU TERCER \u00c1LBUM \u201cSI SABE\u201d"},"content":{"rendered":"\n<!--more-->\n\n\n\n<p class=\"has-black-color has-text-color has-link-color wp-elements-413fbfa1afc0ad5e5fed867d7ff944b6\"><strong>EL PRIMER SENCILLO, \u201cSI SABE FERXXO\u201d, ES UNA COLABORACI\u00d3N CON FEID<\/strong><\/p>\n\n\n\n<div style=\"height:21px\" aria-hidden=\"true\" class=\"wp-block-spacer\"><\/div>\n\n\n\n<p class=\"has-black-color has-text-color has-link-color wp-elements-e6046ca30bc7ae1acf98f3236daba9f6\"><strong>BLESSD UNE FUERZAS CON RONALDINHO, LA GRAN ESTRELLA DEL F\u00daTBOL, CON \u201cSI SABE FEST\u201d, UN PARTIDO DE ESTRELLAS EN MIAMI<\/strong><\/p>\n\n\n\n<div style=\"height:21px\" aria-hidden=\"true\" class=\"wp-block-spacer\"><\/div>\n\n\n\n<figure class=\"wp-block-embed is-type-video is-provider-youtube wp-block-embed-youtube wp-embed-aspect-16-9 wp-has-aspect-ratio\"><div class=\"wp-block-embed__wrapper\">\n<div class=\"epyt-video-wrapper\"><iframe loading=\"lazy\"  id=\"_ytid_22562\"  width=\"640\" height=\"360\"  data-origwidth=\"640\" data-origheight=\"360\" src=\"https:\/\/www.youtube.com\/embed\/og9ewQAioUk?enablejsapi=1&#038;autoplay=0&#038;cc_load_policy=0&#038;cc_lang_pref=&#038;iv_load_policy=1&#038;loop=0&#038;rel=1&#038;fs=1&#038;playsinline=0&#038;autohide=2&#038;theme=dark&#038;color=white&#038;controls=1&#038;\" class=\"__youtube_prefs__  epyt-is-override  no-lazyload\" data-vol=\"50\"  title=\"YouTube player\"  allow=\"fullscreen; accelerometer; autoplay; clipboard-write; encrypted-media; gyroscope; picture-in-picture; web-share\" referrerpolicy=\"strict-origin-when-cross-origin\" allowfullscreen data-no-lazy=\"1\" data-skipgform_ajax_framebjll=\"\"><\/iframe><\/div>\n<\/div><\/figure>\n\n\n\n<div style=\"height:21px\" aria-hidden=\"true\" class=\"wp-block-spacer\"><\/div>\n\n\n\n<p class=\"has-black-color has-text-color has-link-color wp-elements-9856215fd92b796377156219d2566ca2\"><strong>Blessd <\/strong>se une a una de las leyendas m\u00e1s grandes del f\u00fatbol mundial <strong>Ronaldinho Gaucho <\/strong>para jugar un partido de f\u00fatbol que quedar\u00e1 para la historia hoy <strong>jueves 25 de enero <\/strong>en el evento <strong>\u201cSi Sabe Fest\u201d <\/strong>en la ciudad de Miami. El joven, estrella del g\u00e9nero urbano, se ha encargado de juntar la m\u00fasica y el f\u00fatbol para presentar su tercer \u00e1lbum titulado \u201c<strong>Si Sabe\u201d<\/strong>.<\/p>\n\n\n\n<div style=\"height:21px\" aria-hidden=\"true\" class=\"wp-block-spacer\"><\/div>\n\n\n\n<p class=\"has-black-color has-text-color has-link-color wp-elements-2723647a029408c77089c655dbb11d67\">El juego ser\u00e1 una exhibici\u00f3n en el que los dos exponentes, acompa\u00f1ados por reconocidas figuras como: <strong>La Brujita Ver\u00f3n <\/strong>de Argentina, <strong>V\u00edctor Hugo Aristiz\u00e1bal <\/strong>de Colombia y el legendario portero de la selecci\u00f3n Brasile\u00f1a <strong>Dida<\/strong>, se enfrentar\u00e1n con los capitanes de ambos equipos, <strong>Blessd <\/strong>y <strong>Ronaldinho <\/strong>se encargar\u00e1n de brindar el mejor espect\u00e1culo para todo el p\u00fablico.<\/p>\n\n\n\n<div style=\"height:21px\" aria-hidden=\"true\" class=\"wp-block-spacer\"><\/div>\n\n\n\n<p class=\"has-black-color has-text-color has-link-color wp-elements-717c00995c6531f9b7a2c5136e5644d6\">El partido ser\u00e1 transmitido por <a href=\"https:\/\/warnermusic.us5.list-manage.com\/track\/click?u=77c6e06c0dd6e2cb3dd36cfc8&amp;id=560426e116&amp;e=03b79ccb27\"><u>Westco<\/u>l<\/a>, unos de los streamers m\u00e1s importantes del mundo y el #1 de Colombia.<\/p>\n\n\n\n<div style=\"height:21px\" aria-hidden=\"true\" class=\"wp-block-spacer\"><\/div>\n\n\n\n<p class=\"has-black-color has-text-color has-link-color wp-elements-b73dcc47eb453b1055ade7e732daad08\">Con el nuevo \u00e1lbum de <strong>Blessd <em>SI SABE <\/em><\/strong>el artista colombiano nos presenta su visi\u00f3n vanguardista del sonido urbano global. <strong>Blessd <\/strong>se compromete en este disco a llevarnos por su propio universo musical demostrando su propuesta como artista y conocimiento sobre el g\u00e9nero. Dentro de este trabajo musical podremos descubrir la gran cantidad de influencias, sonidos y colaboraciones inmersas en lo que sin lugar a duda evidencian la evoluci\u00f3n de un artista dentro de la industria musical.<\/p>\n\n\n\n<div style=\"height:21px\" aria-hidden=\"true\" class=\"wp-block-spacer\"><\/div>\n\n\n\n<p class=\"has-black-color has-text-color has-link-color wp-elements-6fd4371780529bf0b104aec4883576bb\"><strong><em>SI SABE <\/em><\/strong>est\u00e1 compuesto de 14 canciones que expone la versatilidad de Blessd como artista junto algunos de los exponentes m\u00e1s importantes del g\u00e9nero como: <strong>Feid, Peso Pluma, Ryan Castro, Bryant Myers, Hades66, Jory Boy, YOVNGCHIMI, Neutro Shorty, NLE Choppa, Pirlo y Leka El Poeta. <\/strong>Dentro de este disco tambi\u00e9n se resalta la participaci\u00f3n de <strong>El Ferxxo <\/strong>con quien presenta <strong>\u201cSi Sabe Ferxxo\u201d<\/strong>, la esperada colaboraci\u00f3n entre dos artistas colombianos del g\u00e9nero urbano <strong>Blessd <\/strong>y <strong>Feid<\/strong>, y la cual se anticipa ser\u00e1 un nuevo himno mundial, por una dupla poderosa de artistas que est\u00e1n haciendo historia en la industria musical. Con este lanzamiento <strong>Blessd <\/strong>contin\u00faa en su proceso de seguir fortaleciendo la escena y su proyecto musical. El respeto dentro de esta industria es algo muy importante y la uni\u00f3n siempre har\u00e1 la fuerza.<\/p>\n\n\n\n<div style=\"height:21px\" aria-hidden=\"true\" class=\"wp-block-spacer\"><\/div>\n\n\n\n<p class=\"has-black-color has-text-color has-link-color wp-elements-7de366c53c2ac5b7410e21ac88440518\">El video para <strong>\u201cSI SABE FERXXO\u201d <\/strong>fue producido por DYPA Films y dirigido por su director Deivy Pati\u00f1o<\/p>\n\n\n\n<div style=\"height:21px\" aria-hidden=\"true\" class=\"wp-block-spacer\"><\/div>\n\n\n\n<p class=\"has-black-color has-text-color has-link-color wp-elements-74f50b175d7753d62a8a2372df742e75\">En este disco se destacan la gran cantidad de sonidos y variantes del g\u00e9nero urbano; una mezcla de sonidos que han marcado el proyecto del joven artista desde sus inicios hasta la actualidad ejecutadas con una gran calidad cuidando al detalle t\u00e9cnico y est\u00e9tico que convergen para presentar una colecci\u00f3n de canciones que representan el gran momento que vive <strong>Blessd<\/strong>, que no solamente deja en evidencia el gran nivel del artista sino tambi\u00e9n el respaldo con pesos pesados de la producci\u00f3n tales como: <strong>Sky Rompiendo, ICON, The Prodigiez, Foreign Teck, SOG, Mr. Naisgai, Subelo NEO y Kronix Magikal<\/strong>.<\/p>\n\n\n\n<div style=\"height:21px\" aria-hidden=\"true\" class=\"wp-block-spacer\"><\/div>\n\n\n\n<figure class=\"wp-block-embed is-type-rich is-provider-spotify wp-block-embed-spotify wp-embed-aspect-21-9 wp-has-aspect-ratio\"><div class=\"wp-block-embed__wrapper\">\n<iframe title=\"Spotify Embed: SI SABE\" style=\"border-radius: 12px\" width=\"100%\" height=\"352\" frameborder=\"0\" allowfullscreen allow=\"autoplay; clipboard-write; encrypted-media; fullscreen; picture-in-picture\" loading=\"lazy\" src=\"https:\/\/open.spotify.com\/embed\/album\/7ot6ebVthlYG3wXzLaZ5NF?go=1&#038;nd=1&#038;dlsi=7725574e7de84379&#038;utm_source=oembed\"><\/iframe>\n<\/div><\/figure>\n\n\n\n<div style=\"height:21px\" aria-hidden=\"true\" class=\"wp-block-spacer\"><\/div>\n","protected":false},"excerpt":{"rendered":"","protected":false},"author":5,"featured_media":4822,"comment_status":"open","ping_status":"open","sticky":false,"template":"","format":"standard","meta":{"om_disable_all_campaigns":false,"_uf_show_specific_survey":0,"_uf_disable_surveys":false,"footnotes":""},"categories":[4],"tags":[],"class_list":["post-4821","post","type-post","status-publish","format-standard","has-post-thumbnail","hentry","category-musica"],"_links":{"self":[{"href":"https:\/\/entrenotasyacordes.com\/index.php?rest_route=\/wp\/v2\/posts\/4821","targetHints":{"allow":["GET"]}}],"collection":[{"href":"https:\/\/entrenotasyacordes.com\/index.php?rest_route=\/wp\/v2\/posts"}],"about":[{"href":"https:\/\/entrenotasyacordes.com\/index.php?rest_route=\/wp\/v2\/types\/post"}],"author":[{"embeddable":true,"href":"https:\/\/entrenotasyacordes.com\/index.php?rest_route=\/wp\/v2\/users\/5"}],"replies":[{"embeddable":true,"href":"https:\/\/entrenotasyacordes.com\/index.php?rest_route=%2Fwp%2Fv2%2Fcomments&post=4821"}],"version-history":[{"count":1,"href":"https:\/\/entrenotasyacordes.com\/index.php?rest_route=\/wp\/v2\/posts\/4821\/revisions"}],"predecessor-version":[{"id":4823,"href":"https:\/\/entrenotasyacordes.com\/index.php?rest_route=\/wp\/v2\/posts\/4821\/revisions\/4823"}],"wp:featuredmedia":[{"embeddable":true,"href":"https:\/\/entrenotasyacordes.com\/index.php?rest_route=\/wp\/v2\/media\/4822"}],"wp:attachment":[{"href":"https:\/\/entrenotasyacordes.com\/index.php?rest_route=%2Fwp%2Fv2%2Fmedia&parent=4821"}],"wp:term":[{"taxonomy":"category","embeddable":true,"href":"https:\/\/entrenotasyacordes.com\/index.php?rest_route=%2Fwp%2Fv2%2Fcategories&post=4821"},{"taxonomy":"post_tag","embeddable":true,"href":"https:\/\/entrenotasyacordes.com\/index.php?rest_route=%2Fwp%2Fv2%2Ftags&post=4821"}],"curies":[{"name":"wp","href":"https:\/\/api.w.org\/{rel}","templated":true}]}}