{"id":4824,"date":"2024-01-29T15:21:31","date_gmt":"2024-01-29T15:21:31","guid":{"rendered":"https:\/\/entrenotasyacordes.com\/?p=4824"},"modified":"2024-01-29T15:21:33","modified_gmt":"2024-01-29T15:21:33","slug":"justin-quiles-lanza-nuevo-sencillo-faldas-y-gistros-con-anitta-y-lenny-tavarez","status":"publish","type":"post","link":"https:\/\/entrenotasyacordes.com\/?p=4824","title":{"rendered":"JUSTIN QUILES LANZA NUEVO SENCILLO \u00abFALDAS Y GISTROS\u00bb CON ANITTA Y LENNY TAVAREZ"},"content":{"rendered":"\n<!--more-->\n\n\n\n<figure class=\"wp-block-embed is-type-video is-provider-youtube wp-block-embed-youtube wp-embed-aspect-4-3 wp-has-aspect-ratio\"><div class=\"wp-block-embed__wrapper\">\n<div class=\"epyt-video-wrapper\"><iframe loading=\"lazy\"  id=\"_ytid_58250\"  width=\"640\" height=\"360\"  data-origwidth=\"640\" data-origheight=\"360\" src=\"https:\/\/www.youtube.com\/embed\/yCRSKBflLKc?enablejsapi=1&#038;autoplay=0&#038;cc_load_policy=0&#038;cc_lang_pref=&#038;iv_load_policy=1&#038;loop=0&#038;rel=1&#038;fs=1&#038;playsinline=0&#038;autohide=2&#038;theme=dark&#038;color=white&#038;controls=1&#038;\" class=\"__youtube_prefs__  epyt-is-override  no-lazyload\" data-vol=\"50\"  title=\"YouTube player\"  allow=\"fullscreen; accelerometer; autoplay; clipboard-write; encrypted-media; gyroscope; picture-in-picture; web-share\" referrerpolicy=\"strict-origin-when-cross-origin\" allowfullscreen data-no-lazy=\"1\" data-skipgform_ajax_framebjll=\"\"><\/iframe><\/div>\n<\/div><\/figure>\n\n\n\n<div style=\"height:25px\" aria-hidden=\"true\" class=\"wp-block-spacer\"><\/div>\n\n\n\n<p class=\"has-black-color has-text-color has-link-color wp-elements-ef0d1b89596ce6799cbe57d1c6c87f0e\"><strong>Justin Quiles <\/strong>anuncia hoy el lanzamiento de su nueva canci\u00f3n <strong>\u00abFaldas y Gistros\u00bb, <\/strong>en colaboraci\u00f3n con <strong>Anitta y Lenny Tavarez<\/strong>.<\/p>\n\n\n\n<div style=\"height:25px\" aria-hidden=\"true\" class=\"wp-block-spacer\"><\/div>\n\n\n\n<p class=\"has-black-color has-text-color has-link-color wp-elements-9fbdb7d5736d453ea74c83fd08aca6d3\">La canci\u00f3n es una explosi\u00f3n de \u00abperreo\u00bb con un ritmo contagioso, fresco y divertido. En esta, el productor multiplatino <strong>Dimelo Flow <\/strong>logra resaltar las destrezas de estas tres estrellas, fusionando con maestr\u00eda la sensualidad de Anitta con la f\u00f3rmula ganadora que <strong>Justin <\/strong>y <strong>Lenny <\/strong>han pulido a lo largo de los a\u00f1os. Los seguidores del d\u00fao se sentir\u00e1n como en casa, evocando \u00e9xitos pasados como \u00abLa Pared 360\u00bb y su colaboraci\u00f3n en el \u00e1lbum <strong>\u00abThe Academy\u00bb de Avengers <\/strong>lanzado en 2019. Asimismo, la conexi\u00f3n entre este tr\u00edo de artistas se refuerza, ya que previamente colaboraron en el exitoso tema de <strong>Anitta<\/strong>, <strong>\u00abEnvolver<\/strong>\u00ab, demostrando ser un tr\u00edo s\u00f3lido con una f\u00f3rmula perfecta; <strong>Justin Quiles <\/strong>particip\u00f3 en el remix, y <strong>Lenny Tavarez <\/strong>fue el compositor original.<\/p>\n\n\n\n<div style=\"height:25px\" aria-hidden=\"true\" class=\"wp-block-spacer\"><\/div>\n\n\n\n<p class=\"has-black-color has-text-color has-link-color wp-elements-3b3d445b78b4cbded70499aaa3e1b209\">El video musical, dirigido por <strong>Fernando Lugo <\/strong>y filmado en Miami, refleja la sinergia palpable entre estos grandes amigos.<\/p>\n\n\n\n<div style=\"height:25px\" aria-hidden=\"true\" class=\"wp-block-spacer\"><\/div>\n\n\n\n<p class=\"has-black-color has-text-color has-link-color wp-elements-08b1125e48c86186aa2a00e86a88af7d\">Pero eso no lo es todo. <strong>\u201cFaldas y Gistros\u201d <\/strong>trae una sorpresa encantadora. El compa\u00f1ero Avenger, <strong>Sech<\/strong>, hace una aparici\u00f3n especial prestando su voz a parte del coro. Es un gui\u00f1o que los devotos fan\u00e1ticos reconocer\u00e1n al instante, ofreciendo un tentador adelanto de lo que est\u00e1 por venir en el pr\u00f3ximo proyecto de <strong>Avengers<\/strong>.<\/p>\n\n\n\n<div style=\"height:25px\" aria-hidden=\"true\" class=\"wp-block-spacer\"><\/div>\n\n\n\n<p class=\"has-black-color has-text-color has-link-color wp-elements-bef818e6c6126ed562ad504a6e3a1763\">La combinaci\u00f3n de talento, amistad y experiencia asegura que <strong>\u00abFaldas y Gistros\u00bb <\/strong>se posicione como un hit entre los amantes de la m\u00fasica urbana. El tema ya est\u00e1 disponible en todas las plataformas digitales.<\/p>\n\n\n\n<div style=\"height:25px\" aria-hidden=\"true\" class=\"wp-block-spacer\"><\/div>\n\n\n\n<h5 class=\"wp-block-heading has-black-color has-text-color has-link-color wp-elements-b40422d1032836362e8d4fc58328cbba\">Sobre Justin Quiles:<\/h5>\n\n\n\n<div style=\"height:25px\" aria-hidden=\"true\" class=\"wp-block-spacer\"><\/div>\n\n\n\n<p class=\"has-black-color has-text-color has-link-color wp-elements-41d553280850dfe124fc891a67633a9a\">Justin Rafael Quiles Rivera, conocido como Justin Quiles, es un destacado m\u00fasico latino nacido en Bridgeport, Connecticut, y criado en Puerto Rico. Ha escrito \u00e9xitos para artistas como Karol G, Daddy Yankee, Maluma y J Balvin. Quiles ha sido nominado a m\u00faltiples premios Latin GRAMMY\u00ae y ha alcanzado hitos profesionales destacados. Este a\u00f1o, lanz\u00f3 sencillos como \u00abGucci Fendi\u00bb con Eladio Carrion, \u00abAEIOU\u00bb y \u201cLa Esquina del Mall\u201d con Carin Le\u00f3n. Con m\u00e1s de 8.500 millones de reproducciones combinadas, su tercer \u00e1lbum, &#8216;La \u00daltima Promesa&#8217;, alcanz\u00f3 el n\u00famero 1 en varias listas. Actualmente, est\u00e1 trabajando en su pr\u00f3ximo \u00e1lbum de estudio.<\/p>\n\n\n\n<div style=\"height:25px\" aria-hidden=\"true\" class=\"wp-block-spacer\"><\/div>\n","protected":false},"excerpt":{"rendered":"","protected":false},"author":5,"featured_media":4825,"comment_status":"open","ping_status":"open","sticky":false,"template":"","format":"standard","meta":{"om_disable_all_campaigns":false,"_uf_show_specific_survey":0,"_uf_disable_surveys":false,"footnotes":""},"categories":[4],"tags":[],"class_list":["post-4824","post","type-post","status-publish","format-standard","has-post-thumbnail","hentry","category-musica"],"_links":{"self":[{"href":"https:\/\/entrenotasyacordes.com\/index.php?rest_route=\/wp\/v2\/posts\/4824","targetHints":{"allow":["GET"]}}],"collection":[{"href":"https:\/\/entrenotasyacordes.com\/index.php?rest_route=\/wp\/v2\/posts"}],"about":[{"href":"https:\/\/entrenotasyacordes.com\/index.php?rest_route=\/wp\/v2\/types\/post"}],"author":[{"embeddable":true,"href":"https:\/\/entrenotasyacordes.com\/index.php?rest_route=\/wp\/v2\/users\/5"}],"replies":[{"embeddable":true,"href":"https:\/\/entrenotasyacordes.com\/index.php?rest_route=%2Fwp%2Fv2%2Fcomments&post=4824"}],"version-history":[{"count":1,"href":"https:\/\/entrenotasyacordes.com\/index.php?rest_route=\/wp\/v2\/posts\/4824\/revisions"}],"predecessor-version":[{"id":4826,"href":"https:\/\/entrenotasyacordes.com\/index.php?rest_route=\/wp\/v2\/posts\/4824\/revisions\/4826"}],"wp:featuredmedia":[{"embeddable":true,"href":"https:\/\/entrenotasyacordes.com\/index.php?rest_route=\/wp\/v2\/media\/4825"}],"wp:attachment":[{"href":"https:\/\/entrenotasyacordes.com\/index.php?rest_route=%2Fwp%2Fv2%2Fmedia&parent=4824"}],"wp:term":[{"taxonomy":"category","embeddable":true,"href":"https:\/\/entrenotasyacordes.com\/index.php?rest_route=%2Fwp%2Fv2%2Fcategories&post=4824"},{"taxonomy":"post_tag","embeddable":true,"href":"https:\/\/entrenotasyacordes.com\/index.php?rest_route=%2Fwp%2Fv2%2Ftags&post=4824"}],"curies":[{"name":"wp","href":"https:\/\/api.w.org\/{rel}","templated":true}]}}