{"id":4827,"date":"2024-01-29T15:24:47","date_gmt":"2024-01-29T15:24:47","guid":{"rendered":"https:\/\/entrenotasyacordes.com\/?p=4827"},"modified":"2024-01-29T15:24:49","modified_gmt":"2024-01-29T15:24:49","slug":"hola-el-tema-de-yng-lucas-standly-y-fmk-es-una-colaboracion-internacional-impulsada-por-la-creatividad-y-la-naturaleza","status":"publish","type":"post","link":"https:\/\/entrenotasyacordes.com\/?p=4827","title":{"rendered":"\u00abHola\u00bb el tema de YNG Lucas, Standly y FMK\u00a0 es una colaboraci\u00f3n Internacional impulsada por la creatividad y la naturaleza"},"content":{"rendered":"\n<div style=\"height:27px\" aria-hidden=\"true\" class=\"wp-block-spacer\"><\/div>\n\n\n\n<!--more-->\n\n\n\n<p><\/p>\n\n\n\n<figure class=\"wp-block-embed is-type-video is-provider-youtube wp-block-embed-youtube wp-embed-aspect-4-3 wp-has-aspect-ratio\"><div class=\"wp-block-embed__wrapper\">\n<div class=\"epyt-video-wrapper\"><iframe loading=\"lazy\"  id=\"_ytid_88225\"  width=\"640\" height=\"360\"  data-origwidth=\"640\" data-origheight=\"360\" src=\"https:\/\/www.youtube.com\/embed\/yczZR3wYu1c?enablejsapi=1&#038;autoplay=0&#038;cc_load_policy=0&#038;cc_lang_pref=&#038;iv_load_policy=1&#038;loop=0&#038;rel=1&#038;fs=1&#038;playsinline=0&#038;autohide=2&#038;theme=dark&#038;color=white&#038;controls=1&#038;\" class=\"__youtube_prefs__  epyt-is-override  no-lazyload\" data-vol=\"50\"  title=\"YouTube player\"  allow=\"fullscreen; accelerometer; autoplay; clipboard-write; encrypted-media; gyroscope; picture-in-picture; web-share\" referrerpolicy=\"strict-origin-when-cross-origin\" allowfullscreen data-no-lazy=\"1\" data-skipgform_ajax_framebjll=\"\"><\/iframe><\/div>\n<\/div><\/figure>\n\n\n\n<div style=\"height:23px\" aria-hidden=\"true\" class=\"wp-block-spacer\"><\/div>\n\n\n\n<p class=\"has-black-color has-text-color has-link-color wp-elements-a9ed26e1a9a28cdb2ce893389c2e7246\">El mundo es testigo del lanzamiento de \u2018Hola\u2019, una colaboraci\u00f3n musical \u00fanica que naci\u00f3 en el coraz\u00f3n de Chile.<\/p>\n\n\n\n<div style=\"height:23px\" aria-hidden=\"true\" class=\"wp-block-spacer\"><\/div>\n\n\n\n<p class=\"has-black-color has-text-color has-link-color wp-elements-84c92a6cf4ac9134534105d6b238222b\">En un d\u00eda de inspiraci\u00f3n en el estudio Red Finger, el productor y el talentoso artista Standly crearon la base de la canci\u00f3n, desde la cautivadora introducci\u00f3n hasta el pegajoso coro. El tema toma un camino nuevo cuando el productor ejecutivo Mike de Beats Per Minute, invita al cantante FMK de Argentina. La canci\u00f3n cobra vida con la participaci\u00f3n de FMK, enriqueciendo a\u00fan m\u00e1s su diversidad musical.El tercer miembro de esta canci\u00f3n es el cantante sensaci\u00f3n mexicano, Young Lucas, completando el elenco de colaboradores y asegurando un alcance global para la canci\u00f3n.<\/p>\n\n\n\n<div style=\"height:23px\" aria-hidden=\"true\" class=\"wp-block-spacer\"><\/div>\n\n\n\n<p class=\"has-black-color has-text-color has-link-color wp-elements-a014be65f8edbb6ba12e42029f11feb2\">La grabacion del video se realizo en la isla de la Rep\u00fablica Dominicana, a pesar de los desaf\u00edos inesperados causados por la tormenta Franklin durante la filmaci\u00f3n.<\/p>\n\n\n\n<div style=\"height:23px\" aria-hidden=\"true\" class=\"wp-block-spacer\"><\/div>\n\n\n\n<p class=\"has-black-color has-text-color has-link-color wp-elements-38875e3f73a8d857e94f80d17427d6c4\">\u00abEstamos emocionados y confiados en que &#8216;Hola&#8217; resonar\u00e1 a nivel mundial\u00bb, afirma el equipo de Beats per Minutes. La canci\u00f3n no solo representa una colaboraci\u00f3n musical excepcional, sino tambi\u00e9n la fuerza de la improvisaci\u00f3n y la creatividad frente a las fuerzas naturales.<\/p>\n\n\n\n<div style=\"height:23px\" aria-hidden=\"true\" class=\"wp-block-spacer\"><\/div>\n\n\n\n<p class=\"has-black-color has-text-color has-link-color wp-elements-a505e9f2d16f475ddcb4d390688f36c5\">Escuchen Hola  para experimentar la magia musical de tres talentos relevantes de la nueva generaci\u00f3n de la m\u00fasica urbana, una fusi\u00f3n \u00fanica de talento, conexiones internacionales y diversidad musical.<\/p>\n\n\n\n<div style=\"height:23px\" aria-hidden=\"true\" class=\"wp-block-spacer\"><\/div>\n","protected":false},"excerpt":{"rendered":"","protected":false},"author":5,"featured_media":4828,"comment_status":"open","ping_status":"open","sticky":false,"template":"","format":"standard","meta":{"om_disable_all_campaigns":false,"_uf_show_specific_survey":0,"_uf_disable_surveys":false,"footnotes":""},"categories":[4],"tags":[],"class_list":["post-4827","post","type-post","status-publish","format-standard","has-post-thumbnail","hentry","category-musica"],"_links":{"self":[{"href":"https:\/\/entrenotasyacordes.com\/index.php?rest_route=\/wp\/v2\/posts\/4827","targetHints":{"allow":["GET"]}}],"collection":[{"href":"https:\/\/entrenotasyacordes.com\/index.php?rest_route=\/wp\/v2\/posts"}],"about":[{"href":"https:\/\/entrenotasyacordes.com\/index.php?rest_route=\/wp\/v2\/types\/post"}],"author":[{"embeddable":true,"href":"https:\/\/entrenotasyacordes.com\/index.php?rest_route=\/wp\/v2\/users\/5"}],"replies":[{"embeddable":true,"href":"https:\/\/entrenotasyacordes.com\/index.php?rest_route=%2Fwp%2Fv2%2Fcomments&post=4827"}],"version-history":[{"count":1,"href":"https:\/\/entrenotasyacordes.com\/index.php?rest_route=\/wp\/v2\/posts\/4827\/revisions"}],"predecessor-version":[{"id":4829,"href":"https:\/\/entrenotasyacordes.com\/index.php?rest_route=\/wp\/v2\/posts\/4827\/revisions\/4829"}],"wp:featuredmedia":[{"embeddable":true,"href":"https:\/\/entrenotasyacordes.com\/index.php?rest_route=\/wp\/v2\/media\/4828"}],"wp:attachment":[{"href":"https:\/\/entrenotasyacordes.com\/index.php?rest_route=%2Fwp%2Fv2%2Fmedia&parent=4827"}],"wp:term":[{"taxonomy":"category","embeddable":true,"href":"https:\/\/entrenotasyacordes.com\/index.php?rest_route=%2Fwp%2Fv2%2Fcategories&post=4827"},{"taxonomy":"post_tag","embeddable":true,"href":"https:\/\/entrenotasyacordes.com\/index.php?rest_route=%2Fwp%2Fv2%2Ftags&post=4827"}],"curies":[{"name":"wp","href":"https:\/\/api.w.org\/{rel}","templated":true}]}}