{"id":4834,"date":"2024-01-29T15:42:21","date_gmt":"2024-01-29T15:42:21","guid":{"rendered":"https:\/\/entrenotasyacordes.com\/?p=4834"},"modified":"2024-01-29T15:42:23","modified_gmt":"2024-01-29T15:42:23","slug":"las-superestrellas-multi-platino-jason-derulo-y-michael-buble-suben-la-temperatura-con-su-nuevo-sencillo-spicy-margarita","status":"publish","type":"post","link":"https:\/\/entrenotasyacordes.com\/?p=4834","title":{"rendered":"LAS SUPERESTRELLAS MULTI-PLATINO JASON DERULO Y MICHAEL BUBL\u00c9 SUBEN LA TEMPERATURA CON SU NUEVO SENCILLO \u00abSPICY MARGARITA\u00bb"},"content":{"rendered":"\n<p class=\"has-black-color has-text-color has-link-color wp-elements-cd54ec5f0d300a15a4d55ea803719413\"><strong>PRIMERA COLABORACI\u00d3N ENTRE ESTOS ICONOS INTERNACIONALES DESPU\u00c9S DE LA RECIENTE APARICI\u00d3N DE BUBL\u00c9 EN EL EPISODIO DE ESTRENO DE LA NUEVA SERIE DE PODCAST DE DERULO<\/strong><a href=\"https:\/\/www.youtube.com\/watch?v=c1qb08e9wK4\"><strong><em><u>ON THE ROAD<\/u><\/em><\/strong><\/a><\/p>\n\n\n\n<!--more-->\n\n\n\n<figure class=\"wp-block-embed is-type-video is-provider-youtube wp-block-embed-youtube wp-embed-aspect-16-9 wp-has-aspect-ratio\"><div class=\"wp-block-embed__wrapper\">\n<div class=\"epyt-video-wrapper\"><iframe loading=\"lazy\"  id=\"_ytid_84244\"  width=\"640\" height=\"360\"  data-origwidth=\"640\" data-origheight=\"360\" src=\"https:\/\/www.youtube.com\/embed\/bWxdwXIPiiM?enablejsapi=1&#038;autoplay=0&#038;cc_load_policy=0&#038;cc_lang_pref=&#038;iv_load_policy=1&#038;loop=0&#038;rel=1&#038;fs=1&#038;playsinline=0&#038;autohide=2&#038;theme=dark&#038;color=white&#038;controls=1&#038;\" class=\"__youtube_prefs__  epyt-is-override  no-lazyload\" data-vol=\"50\"  title=\"YouTube player\"  allow=\"fullscreen; accelerometer; autoplay; clipboard-write; encrypted-media; gyroscope; picture-in-picture; web-share\" referrerpolicy=\"strict-origin-when-cross-origin\" allowfullscreen data-no-lazy=\"1\" data-skipgform_ajax_framebjll=\"\"><\/iframe><\/div>\n<\/div><\/figure>\n\n\n\n<div style=\"height:30px\" aria-hidden=\"true\" class=\"wp-block-spacer\"><\/div>\n\n\n\n<p class=\"has-black-color has-text-color has-link-color wp-elements-5bd7ab401bbcfb0b30dd0562f97f11ee\"><strong>EL ACLAMADO ARTISTA LANZAR\u00c1 SU PRIMER \u00c1LBUM DESDE 2015, NU KING, EL 15 DE FEBRERO<\/strong><\/p>\n\n\n\n<div style=\"height:24px\" aria-hidden=\"true\" class=\"wp-block-spacer\"><\/div>\n\n\n\n<figure class=\"wp-block-image size-large\"><img loading=\"lazy\" decoding=\"async\" width=\"1024\" height=\"1024\" src=\"https:\/\/entrenotasyacordes.com\/wp-content\/uploads\/2024\/01\/JasonDerulo_NuKing-1024x1024.jpeg\" alt=\"\" class=\"wp-image-4835\" srcset=\"https:\/\/entrenotasyacordes.com\/wp-content\/uploads\/2024\/01\/JasonDerulo_NuKing-1024x1024.jpeg 1024w, https:\/\/entrenotasyacordes.com\/wp-content\/uploads\/2024\/01\/JasonDerulo_NuKing-300x300.jpeg 300w, https:\/\/entrenotasyacordes.com\/wp-content\/uploads\/2024\/01\/JasonDerulo_NuKing-150x150.jpeg 150w, https:\/\/entrenotasyacordes.com\/wp-content\/uploads\/2024\/01\/JasonDerulo_NuKing-768x768.jpeg 768w, https:\/\/entrenotasyacordes.com\/wp-content\/uploads\/2024\/01\/JasonDerulo_NuKing-1536x1536.jpeg 1536w, https:\/\/entrenotasyacordes.com\/wp-content\/uploads\/2024\/01\/JasonDerulo_NuKing-2048x2048.jpeg 2048w, https:\/\/entrenotasyacordes.com\/wp-content\/uploads\/2024\/01\/JasonDerulo_NuKing-50x50.jpeg 50w\" sizes=\"auto, (max-width: 1024px) 100vw, 1024px\" \/><\/figure>\n\n\n\n<div style=\"height:21px\" aria-hidden=\"true\" class=\"wp-block-spacer\"><\/div>\n\n\n\n<p class=\"has-black-color has-text-color has-link-color wp-elements-78e571be2ec1a06e49ba98aff925e46b\"><strong>PREGUARDA <em>NU KING <\/em><\/strong><a href=\"https:\/\/jasonderulo.lnk.to\/nuking\"><strong><u>AQU\u00cd<\/u><\/strong><\/a><\/p>\n\n\n\n<div style=\"height:21px\" aria-hidden=\"true\" class=\"wp-block-spacer\"><\/div>\n\n\n\n<p class=\"has-black-color has-text-color has-link-color wp-elements-aa5dc53e560246e0c5a30360ddbe4640\">Las superestrellas globales multiplatino Jason Derulo y Michael Bubl\u00e9 suben la temperatura con su nuevo sencillo, \u00abSpicy Margarita\u00bb, ya disponible AQU\u00cd. El \u00e9xito toma un sampleo del ic\u00f3nico \u201cSway\u201d de Dean Martin, que Bubl\u00e9 interpret\u00f3 en su \u00e1lbum debut de estudio hace m\u00e1s de 20 a\u00f1os. La versi\u00f3n de Bubl\u00e9 de \u201cSway\u201d ha acumulado m\u00e1s de 415 millones de streams a nivel mundial hasta la fecha.<\/p>\n\n\n\n<div style=\"height:21px\" aria-hidden=\"true\" class=\"wp-block-spacer\"><\/div>\n\n\n\n<p class=\"has-black-color has-text-color has-link-color wp-elements-5845d8bc9475d18e6966218def1b54f8\">La primera colaboraci\u00f3n musical entre estos dos \u00edconos internacionales, \u00abSpicy Margarita\u00bb, sigue a la reciente aparici\u00f3n de Bubl\u00e9 en el episodio estreno de la nueva serie de podcasts de Derulo, On The Road, co-conducido por Sincere Show y disponible ya en todas las plataformas l\u00edderes de podcasts.<\/p>\n\n\n\n<div style=\"height:21px\" aria-hidden=\"true\" class=\"wp-block-spacer\"><\/div>\n\n\n\n<p class=\"has-black-color has-text-color has-link-color wp-elements-4c8d7ff9685e2d8bd5cef28be93634bc\"><em>\u201cLa m\u00fasica de Michael ha sido una parte importante de mi vida. Le hice escuchar &#8216;Spicy Margarita&#8217; y se sum\u00f3 de inmediato. Pregunt\u00f3, &#8216;\u00bfEst\u00e1 bien si yo y mi equipo a\u00f1adimos algo de orquestaci\u00f3n?&#8217; y yo dije, &#8216;\u00a1Claro que s\u00ed!&#8217;. Su versi\u00f3n fue incre\u00edble. Fue exactamente lo que imaginaba. Tiene un toque latino con un poco de funk brasile\u00f1o. Estoy realmente emocionado de que todos lo escuchen.\u201d<\/em> \u2013 Jason Derulo<\/p>\n\n\n\n<div style=\"height:21px\" aria-hidden=\"true\" class=\"wp-block-spacer\"><\/div>\n\n\n\n<p class=\"has-black-color has-text-color has-link-color wp-elements-a3187ba7740173dbc3f72ca3fee37441\"><em>\u201cLas ra\u00edces de lo que hago y lo que amo, los est\u00e1ndares, el Great American Songbook, encajan perfectamente con todo lo que Jason est\u00e1 creando musicalmente. Mezclar los est\u00e1ndares cl\u00e1sicos con un sonido pop m\u00e1s moderno era solo cuesti\u00f3n de tiempo, y sab\u00eda que, si alguien iba a entenderlo, esa persona ser\u00eda Jason. Desde el principio, estaba emocionado, y luego escuch\u00e9 el demo y qued\u00e9 asombrado. Estoy emocionado de que finalmente todos escuchen &#8216;Spicy Margarita&#8217; y espero que les encante tanto como a nosotros.\u201d<\/em> \u2013 Michael Bubl\u00e9<\/p>\n\n\n\n<div style=\"height:21px\" aria-hidden=\"true\" class=\"wp-block-spacer\"><\/div>\n\n\n\n<p class=\"has-black-color has-text-color has-link-color wp-elements-330336487832ad35059d2b8ae3d32e03\">\u201cSpicy Margarita\u201d marca el inicio de lo que parece ser otro a\u00f1o ocupado para el incansable Derulo. La estrella revelar\u00e1 su proyecto de 27 canciones llamado Nu King el 16 de febrero, disponible para preguardar AQU\u00cd. El proyecto incluir\u00e1 sus \u00e9xitos anteriores y nueva m\u00fasica.<\/p>\n\n\n\n<div style=\"height:21px\" aria-hidden=\"true\" class=\"wp-block-spacer\"><\/div>\n\n\n\n<p class=\"has-black-color has-text-color has-link-color wp-elements-fdf58d06e2ae00d4a78c2b1392ad1c92\">El a\u00f1o pasado fue testigo de una serie ininterrumpida de lanzamientos del incansable artista, incluyendo su colaboraci\u00f3n aclamada con la tambi\u00e9n superestrella global multiplatino y ganadora del Grammy\u00ae, Meghan Trainor, \u201cHands On Me (Feat. Meghan Trainor)\u201d, disponible AQU\u00cd. La canci\u00f3n, que fue adelantada en redes sociales por ambos artistas y presentada por Derulo con una espectacular actuaci\u00f3n en vivo en America\u2019s Got Talent, video AQU\u00cd \u2013 fue recibida con aplausos de la cr\u00edtica por parte de American Songwriter, que elogi\u00f3: \u201cDerulo ha hecho una carrera cambiando constantemente su direcci\u00f3n sonora. Ambos artistas parecen estar en su elemento en esta canci\u00f3n nost\u00e1lgica\u201d. El divertido video tambi\u00e9n cont\u00f3 con la presencia de la superestrella, socialit\u00e9 y empresaria, Paris Hilton, rindi\u00f3 homenaje y celebr\u00f3 el 20\u00ba aniversario del exitoso reality show The Simple Life, en el que Hilton co-protagoniz\u00f3 junto a su mejor amiga Nicole Richie. Mira el video AQU\u00cd.<\/p>\n\n\n\n<div style=\"height:21px\" aria-hidden=\"true\" class=\"wp-block-spacer\"><\/div>\n\n\n\n<p class=\"has-black-color has-text-color has-link-color wp-elements-cf387fce96f9d137dba5d961c3a7fab9\">Con su \u00e1lbum Nu King programado para lanzarse el 15 de febrero, Derulo se dispone a embarcarse en \u201cNu King World Tour\u201d, con fechas en Portugal, Kazajist\u00e1n, Suecia, Noruega, Dinamarca, Francia, Pa\u00edses Bajos, Luxemburgo, B\u00e9lgica, Reino Unido, Irlanda, Alemania, Austria, Rep\u00fablica Checa, Italia, Suiza y Espa\u00f1a programadas hasta junio de 2024. Para obtener detalles completos, visita www.jasonderulo.com\/tour.<\/p>\n\n\n\n<div style=\"height:21px\" aria-hidden=\"true\" class=\"wp-block-spacer\"><\/div>\n\n\n\n<p class=\"has-black-color has-text-color has-link-color wp-elements-735fe36abd2864a3cb4704556c8f267f\">Luego de su reci\u00e9n concluida primera temporada como juez en The Voice Australia, el siempre activo Derulo co-protagoniza junto con Alexandra Shipp (Barbie, X-Men: Apocalypse) Underwater, un neo-noir thriller rom\u00e1ntico presentado por Interval Presents, la red de podcasts interna de Warner Music Group. Una historia de amor llena de emociones contada en forma de \u00e1lbum narrativo, la serie incluye m\u00fasica nueva y original de Derulo entrelazada en la historia y la banda sonora, creando una experiencia auditiva innovadora e inmersiva, y convirti\u00e9ndose en un evento revolucionario en la vanguardia del entretenimiento auditivo. Underwater se estren\u00f3 el 31 de octubre en todas las principales plataformas de podcasts, con nuevos episodios lanzados semanalmente los martes AQU\u00cd. El podcast alcanz\u00f3 el primer lugar en los charts de Apple Podcasts.<\/p>\n\n\n\n<div style=\"height:21px\" aria-hidden=\"true\" class=\"wp-block-spacer\"><\/div>\n\n\n\n<figure class=\"wp-block-image size-large\"><img loading=\"lazy\" decoding=\"async\" width=\"1024\" height=\"796\" src=\"https:\/\/entrenotasyacordes.com\/wp-content\/uploads\/2024\/01\/JasonMichael_Comp-1-1024x796.jpg\" alt=\"\" class=\"wp-image-4837\" srcset=\"https:\/\/entrenotasyacordes.com\/wp-content\/uploads\/2024\/01\/JasonMichael_Comp-1-1024x796.jpg 1024w, https:\/\/entrenotasyacordes.com\/wp-content\/uploads\/2024\/01\/JasonMichael_Comp-1-300x233.jpg 300w, https:\/\/entrenotasyacordes.com\/wp-content\/uploads\/2024\/01\/JasonMichael_Comp-1-768x597.jpg 768w, https:\/\/entrenotasyacordes.com\/wp-content\/uploads\/2024\/01\/JasonMichael_Comp-1-1536x1194.jpg 1536w, https:\/\/entrenotasyacordes.com\/wp-content\/uploads\/2024\/01\/JasonMichael_Comp-1-2048x1592.jpg 2048w\" sizes=\"auto, (max-width: 1024px) 100vw, 1024px\" \/><\/figure>\n","protected":false},"excerpt":{"rendered":"<p>PRIMERA COLABORACI\u00d3N ENTRE ESTOS ICONOS INTERNACIONALES DESPU\u00c9S DE LA RECIENTE APARICI\u00d3N DE BUBL\u00c9 EN EL<\/p>\n","protected":false},"author":5,"featured_media":4838,"comment_status":"open","ping_status":"open","sticky":false,"template":"","format":"standard","meta":{"om_disable_all_campaigns":false,"_uf_show_specific_survey":0,"_uf_disable_surveys":false,"footnotes":""},"categories":[4],"tags":[],"class_list":["post-4834","post","type-post","status-publish","format-standard","has-post-thumbnail","hentry","category-musica"],"_links":{"self":[{"href":"https:\/\/entrenotasyacordes.com\/index.php?rest_route=\/wp\/v2\/posts\/4834","targetHints":{"allow":["GET"]}}],"collection":[{"href":"https:\/\/entrenotasyacordes.com\/index.php?rest_route=\/wp\/v2\/posts"}],"about":[{"href":"https:\/\/entrenotasyacordes.com\/index.php?rest_route=\/wp\/v2\/types\/post"}],"author":[{"embeddable":true,"href":"https:\/\/entrenotasyacordes.com\/index.php?rest_route=\/wp\/v2\/users\/5"}],"replies":[{"embeddable":true,"href":"https:\/\/entrenotasyacordes.com\/index.php?rest_route=%2Fwp%2Fv2%2Fcomments&post=4834"}],"version-history":[{"count":1,"href":"https:\/\/entrenotasyacordes.com\/index.php?rest_route=\/wp\/v2\/posts\/4834\/revisions"}],"predecessor-version":[{"id":4839,"href":"https:\/\/entrenotasyacordes.com\/index.php?rest_route=\/wp\/v2\/posts\/4834\/revisions\/4839"}],"wp:featuredmedia":[{"embeddable":true,"href":"https:\/\/entrenotasyacordes.com\/index.php?rest_route=\/wp\/v2\/media\/4838"}],"wp:attachment":[{"href":"https:\/\/entrenotasyacordes.com\/index.php?rest_route=%2Fwp%2Fv2%2Fmedia&parent=4834"}],"wp:term":[{"taxonomy":"category","embeddable":true,"href":"https:\/\/entrenotasyacordes.com\/index.php?rest_route=%2Fwp%2Fv2%2Fcategories&post=4834"},{"taxonomy":"post_tag","embeddable":true,"href":"https:\/\/entrenotasyacordes.com\/index.php?rest_route=%2Fwp%2Fv2%2Ftags&post=4834"}],"curies":[{"name":"wp","href":"https:\/\/api.w.org\/{rel}","templated":true}]}}