{"id":4845,"date":"2024-01-29T15:54:41","date_gmt":"2024-01-29T15:54:41","guid":{"rendered":"https:\/\/entrenotasyacordes.com\/?p=4845"},"modified":"2024-01-29T15:55:07","modified_gmt":"2024-01-29T15:55:07","slug":"ahyre-recibio-el-premio-consagracion-del-festival-de-folklore-cosquin-2024","status":"publish","type":"post","link":"https:\/\/entrenotasyacordes.com\/?p=4845","title":{"rendered":"AHYRE RECIBI\u00d3 EL PREMIO  \u201cCONSAGRACI\u00d3N\u201d \u00a0DEL FESTIVAL DE FOLKLORE\u00a0COSQU\u00cdN 2024"},"content":{"rendered":"\n<!--more-->\n\n\n\n<figure class=\"wp-block-image size-large\"><img loading=\"lazy\" decoding=\"async\" width=\"1024\" height=\"768\" src=\"https:\/\/entrenotasyacordes.com\/wp-content\/uploads\/2024\/01\/12-1024x768.jpg\" alt=\"\" class=\"wp-image-4846\" srcset=\"https:\/\/entrenotasyacordes.com\/wp-content\/uploads\/2024\/01\/12-1024x768.jpg 1024w, https:\/\/entrenotasyacordes.com\/wp-content\/uploads\/2024\/01\/12-300x225.jpg 300w, https:\/\/entrenotasyacordes.com\/wp-content\/uploads\/2024\/01\/12-768x576.jpg 768w, https:\/\/entrenotasyacordes.com\/wp-content\/uploads\/2024\/01\/12-1536x1152.jpg 1536w, https:\/\/entrenotasyacordes.com\/wp-content\/uploads\/2024\/01\/12-2048x1536.jpg 2048w\" sizes=\"auto, (max-width: 1024px) 100vw, 1024px\" \/><\/figure>\n\n\n\n<div style=\"height:22px\" aria-hidden=\"true\" class=\"wp-block-spacer\"><\/div>\n\n\n\n<p class=\"has-black-color has-text-color has-link-color wp-elements-937fceac23fb8851c1a5b673c2835f49\"><strong>La banda salte\u00f1a con ascendente trayectoria, recibi\u00f3 la consagraci\u00f3n COSQU\u00cdN 2024.<\/strong><\/p>\n\n\n\n<div style=\"height:22px\" aria-hidden=\"true\" class=\"wp-block-spacer\"><\/div>\n\n\n\n<p class=\"has-black-color has-text-color has-link-color wp-elements-26cecb62ab9a5287f75c0e99dac548ab\">AHYRE se present\u00f3 en el Festival de Cosqu\u00edn la noche del 24 de enero, cerrando la cuarta luna, con un show impactante que viaj\u00f3 por los&nbsp;<\/p>\n\n\n\n<div style=\"height:22px\" aria-hidden=\"true\" class=\"wp-block-spacer\"><\/div>\n\n\n\n<p class=\"has-black-color has-text-color has-link-color wp-elements-2cb79a21283eda23b2cdabe8403888cd\">&nbsp;sonidos latinoamericanos, mostrando su proyecci\u00f3n musical universal, creando momentos \u00fanicos.<br>Desde el inicio hasta el final el repertorio elegido para COSQU\u00cdN cont\u00f3 con sus mayores \u00e9xitos como \u201cPerdiste\u201d,&nbsp;<strong>\u201cLa noche sin ti\u201d, \u201cSi te vas\u201d, y canciones de su nuevo \u00e1lbum \u201cEco\u201d como \u201c\u00c1rbol\u201d, \u201cCusco\u201d, \u201cTan lejos\u201d, \u201cLas ideas\u201d, \u201cRio\u201d, entre otras.<\/strong>&nbsp;Culminando con el<strong>&nbsp;\u201cfog\u00f3n\u201d, un set ac\u00fastico que tuvo como invitado a Raly Barrionuevo en \u201cGolondrinas\u201d y \u201cBellasombra\u201d,&nbsp;<\/strong>haciendo de la m\u00fasica, una vez m\u00e1s, ese puente que nos conecta en canciones, en escenarios.<\/p>\n\n\n\n<div style=\"height:28px\" aria-hidden=\"true\" class=\"wp-block-spacer\"><\/div>\n\n\n\n<figure class=\"wp-block-image size-full\"><img loading=\"lazy\" decoding=\"async\" width=\"660\" height=\"454\" src=\"https:\/\/entrenotasyacordes.com\/wp-content\/uploads\/2024\/01\/dscn5470-6-1.jpg\" alt=\"\" class=\"wp-image-4847\" srcset=\"https:\/\/entrenotasyacordes.com\/wp-content\/uploads\/2024\/01\/dscn5470-6-1.jpg 660w, https:\/\/entrenotasyacordes.com\/wp-content\/uploads\/2024\/01\/dscn5470-6-1-300x206.jpg 300w\" sizes=\"auto, (max-width: 660px) 100vw, 660px\" \/><\/figure>\n\n\n\n<div style=\"height:28px\" aria-hidden=\"true\" class=\"wp-block-spacer\"><\/div>\n\n\n\n<p class=\"has-black-color has-text-color has-link-color wp-elements-31b2c6843cb9ab2360bf8923ce09c4b2\">Canciones que reflejan la importancia de la conciencia sobre el cuidado de la tierra, junto a los colores y texturas del sonido andino, crearon una est\u00e9tica musical precisa, desde los instrumentos percusivos, de viento, como los de cuerdas.<\/p>\n\n\n\n<div style=\"height:19px\" aria-hidden=\"true\" class=\"wp-block-spacer\"><\/div>\n\n\n\n<p class=\"has-black-color has-text-color has-link-color wp-elements-6efcaf3714bc41123ed5b296ea694ff2\">Un show inolvidable para AHYRE, que en los pr\u00f3ximos d\u00edas viajar\u00e1 al festival de\u00a0<strong>VI\u00d1A DEL MAR a representar a nuestro pa\u00eds con su canci\u00f3n \u201cLA LUNA\u201d.<\/strong><\/p>\n\n\n\n<div style=\"height:19px\" aria-hidden=\"true\" class=\"wp-block-spacer\"><\/div>\n\n\n\n<figure class=\"wp-block-embed is-type-video is-provider-youtube wp-block-embed-youtube wp-embed-aspect-16-9 wp-has-aspect-ratio\"><div class=\"wp-block-embed__wrapper\">\n<div class=\"epyt-video-wrapper\"><iframe loading=\"lazy\"  id=\"_ytid_24562\"  width=\"640\" height=\"360\"  data-origwidth=\"640\" data-origheight=\"360\" src=\"https:\/\/www.youtube.com\/embed\/cJP9MZs52kc?enablejsapi=1&#038;autoplay=0&#038;cc_load_policy=0&#038;cc_lang_pref=&#038;iv_load_policy=1&#038;loop=0&#038;rel=1&#038;fs=1&#038;playsinline=0&#038;autohide=2&#038;theme=dark&#038;color=white&#038;controls=1&#038;\" class=\"__youtube_prefs__  epyt-is-override  no-lazyload\" data-vol=\"50\"  title=\"YouTube player\"  allow=\"fullscreen; accelerometer; autoplay; clipboard-write; encrypted-media; gyroscope; picture-in-picture; web-share\" referrerpolicy=\"strict-origin-when-cross-origin\" allowfullscreen data-no-lazy=\"1\" data-skipgform_ajax_framebjll=\"\"><\/iframe><\/div>\n<\/div><\/figure>\n\n\n\n<div style=\"height:19px\" aria-hidden=\"true\" class=\"wp-block-spacer\"><\/div>\n\n\n\n<p class=\"has-black-color has-text-color has-link-color wp-elements-1f980ee8b5ab0742d9c4bca8c49dade0\"><strong>SOBRE AHYRE<\/strong><\/p>\n\n\n\n<div style=\"height:19px\" aria-hidden=\"true\" class=\"wp-block-spacer\"><\/div>\n\n\n\n<p class=\"has-black-color has-text-color has-link-color wp-elements-614e1f2c91f45aa956255f9ea4d23ac7\">La banda, compuesta por\u00a0<strong>Juan Jos\u00e9 Vasconcellos, Sebasti\u00e1n Gim\u00e9nez, Hernando M\u00f3nico y Federico Maldonado, cuenta con la colaboraci\u00f3n de Guido Bertini, en percusi\u00f3n y bater\u00eda.\u00a0<\/strong>Fueron Ganadores del premio\u00a0<strong>GARDEL 2020 a Mejor \u00e1lbum grupo de folklore, consagraci\u00f3n del Festival Nacional de Doma y Folklore Jes\u00fas Mar\u00eda (2020).<\/strong>\u00a0Recientemente, AHYRE sum\u00f3 tres nominaciones a\u00a0<\/p>\n\n\n\n<div style=\"height:19px\" aria-hidden=\"true\" class=\"wp-block-spacer\"><\/div>\n\n\n\n<p class=\"has-black-color has-text-color has-link-color wp-elements-a947f13424e6f516e4485a5319d49f01\">Los\u00a0<strong>Premios GARDEL 2021 en las ternas: \u00abMejor \u00c1lbum en vivo\u00bb, \u00abMejor Canci\u00f3n de folklore\u00bb y \u00abMejor videoclip Largo\u00bb.AHYRE\u00a0<\/strong>estren\u00f3 recientemente su nuevo \u00e1lbum\u00a0<strong>\u00abECO\u00bb,<\/strong>\u00a0material que contiene 12 canciones con colaboraciones como\u00a0<strong>Abel Pintos en \u00abC\u00f3mplices\u00bb, Soledad en \u00ab\u00c1rbol\u00bb y Nahuel Penissi en \u00abLos d\u00edas\u00bb. Adem\u00e1s de canciones como \u00abLas Ideas\u00bb, \u00abNuestras Flores\u00bb y \u00abCusco\u00bb,<\/strong>\u00a0que muestran la esencia de un material que suena a m\u00fasica del mundo, a m\u00fasica de Latinoam\u00e9rica.<\/p>\n\n\n\n<div style=\"height:19px\" aria-hidden=\"true\" class=\"wp-block-spacer\"><\/div>\n\n\n\n<figure class=\"wp-block-image size-large\"><img loading=\"lazy\" decoding=\"async\" width=\"1024\" height=\"683\" src=\"https:\/\/entrenotasyacordes.com\/wp-content\/uploads\/2024\/01\/Foto-oficial-aqui-cosquin-1-1024x683.jpg\" alt=\"\" class=\"wp-image-4848\" srcset=\"https:\/\/entrenotasyacordes.com\/wp-content\/uploads\/2024\/01\/Foto-oficial-aqui-cosquin-1-1024x683.jpg 1024w, https:\/\/entrenotasyacordes.com\/wp-content\/uploads\/2024\/01\/Foto-oficial-aqui-cosquin-1-300x200.jpg 300w, https:\/\/entrenotasyacordes.com\/wp-content\/uploads\/2024\/01\/Foto-oficial-aqui-cosquin-1-768x512.jpg 768w, https:\/\/entrenotasyacordes.com\/wp-content\/uploads\/2024\/01\/Foto-oficial-aqui-cosquin-1.jpg 1080w\" sizes=\"auto, (max-width: 1024px) 100vw, 1024px\" \/><\/figure>\n","protected":false},"excerpt":{"rendered":"","protected":false},"author":5,"featured_media":4849,"comment_status":"open","ping_status":"open","sticky":false,"template":"","format":"standard","meta":{"om_disable_all_campaigns":false,"_uf_show_specific_survey":0,"_uf_disable_surveys":false,"footnotes":""},"categories":[4],"tags":[],"class_list":["post-4845","post","type-post","status-publish","format-standard","has-post-thumbnail","hentry","category-musica"],"_links":{"self":[{"href":"https:\/\/entrenotasyacordes.com\/index.php?rest_route=\/wp\/v2\/posts\/4845","targetHints":{"allow":["GET"]}}],"collection":[{"href":"https:\/\/entrenotasyacordes.com\/index.php?rest_route=\/wp\/v2\/posts"}],"about":[{"href":"https:\/\/entrenotasyacordes.com\/index.php?rest_route=\/wp\/v2\/types\/post"}],"author":[{"embeddable":true,"href":"https:\/\/entrenotasyacordes.com\/index.php?rest_route=\/wp\/v2\/users\/5"}],"replies":[{"embeddable":true,"href":"https:\/\/entrenotasyacordes.com\/index.php?rest_route=%2Fwp%2Fv2%2Fcomments&post=4845"}],"version-history":[{"count":3,"href":"https:\/\/entrenotasyacordes.com\/index.php?rest_route=\/wp\/v2\/posts\/4845\/revisions"}],"predecessor-version":[{"id":4852,"href":"https:\/\/entrenotasyacordes.com\/index.php?rest_route=\/wp\/v2\/posts\/4845\/revisions\/4852"}],"wp:featuredmedia":[{"embeddable":true,"href":"https:\/\/entrenotasyacordes.com\/index.php?rest_route=\/wp\/v2\/media\/4849"}],"wp:attachment":[{"href":"https:\/\/entrenotasyacordes.com\/index.php?rest_route=%2Fwp%2Fv2%2Fmedia&parent=4845"}],"wp:term":[{"taxonomy":"category","embeddable":true,"href":"https:\/\/entrenotasyacordes.com\/index.php?rest_route=%2Fwp%2Fv2%2Fcategories&post=4845"},{"taxonomy":"post_tag","embeddable":true,"href":"https:\/\/entrenotasyacordes.com\/index.php?rest_route=%2Fwp%2Fv2%2Ftags&post=4845"}],"curies":[{"name":"wp","href":"https:\/\/api.w.org\/{rel}","templated":true}]}}