{"id":4884,"date":"2024-01-30T12:16:37","date_gmt":"2024-01-30T12:16:37","guid":{"rendered":"https:\/\/entrenotasyacordes.com\/?p=4884"},"modified":"2024-01-30T12:16:39","modified_gmt":"2024-01-30T12:16:39","slug":"el-teatro-opera-la-plata-devela-los-primeros-artistas-de-su-cartelera-2024","status":"publish","type":"post","link":"https:\/\/entrenotasyacordes.com\/?p=4884","title":{"rendered":"El Teatro \u00d3pera La Plata devela los primeros artistas de su cartelera 2024"},"content":{"rendered":"\n<!--more-->\n\n\n\n<p class=\"has-black-color has-text-color has-link-color wp-elements-7416db4a5173b68a40fd2d5df057b0ec\">El Teatro \u00d3pera, una de las instituciones culturales con m\u00e1s historia de la ciudad, contin\u00faa celebrando sus siete d\u00e9cadas y demostrando por qu\u00e9 es una sala de referencia dentro de la escena musical, con una cartelera de espect\u00e1culos contundente y variada. Este a\u00f1o comenzar\u00e1 sus actividades el viernes 1 de marzo, seg\u00fan informaron desde Gonna Go, la productora que desde 2018 gestiona el teatro.<\/p>\n\n\n\n<div style=\"height:16px\" aria-hidden=\"true\" class=\"wp-block-spacer\"><\/div>\n\n\n\n<p class=\"has-black-color has-text-color has-link-color wp-elements-8ca25f3f0ecdf058577c8a994a9cd9a7\">Si bien en sus inicios estaba m\u00e1s relacionado a la actividad teatral, coral y pol\u00edtica, el espacio fundado en 1952 por el Centro Literario Israelita y Biblioteca \u201cMax Nordau\u201d- fue reinvent\u00e1ndose a trav\u00e9s del tiempo: fue cine, iglesia evangelista y hoy, como en los sesenta y en los ochenta, una de las principales salas de recitales de la regi\u00f3n.<\/p>\n\n\n\n<div style=\"height:16px\" aria-hidden=\"true\" class=\"wp-block-spacer\"><\/div>\n\n\n\n<p class=\"has-black-color has-text-color has-link-color wp-elements-8603a7f57a2ea0bfef43fb078ec71b80\">En la actualidad, el \u00d3pera est\u00e1 presente en las agendas de la mayor\u00eda de las bandas y artistas solistas que emprenden sus giras nacionales, porque encuentran en sus instalaciones todo lo que necesitan para dar un show de calidad: buena ac\u00fastica, un escenario bien preparado, t\u00e9cnicos formados y los servicios personalizados de todo el personal a cargo. Tambi\u00e9n es elegido semana a semana por cientos de platenses y vecinos de la regi\u00f3n, que encuentran en la sala de calle 58 entre 10 y 11 un lugar donde escuchar a sus artistas favoritos, descubrir nuevos talentos y disfrutar de un entorno amigable y seguro. Entre ellos, un gran n\u00famero de estudiantes provenientes de distintos puntos de la provincia y del pa\u00eds, que habitan el teatro y lo cargan de sentido. Todos ellos se alegrar\u00e1n con el anuncio de la apertura de temporada 2024 del teatro, que se lanzar\u00e1 oficialmente el viernes 1 de marzo, con un show gratuito en el que participar\u00e1n varias bandas locales sorpresa y diversos colectivos culturales de la ciudad. El tercer mes del a\u00f1o continuar\u00e1 con Raly Barrionuevo (s\u00e1bado 2), Los Esp\u00edritus (s\u00e1bado 9), Massacre (viernes 22), La H No Muri\u00f3 (s\u00e1bado 23) y otras fechas que se ir\u00e1n anunciando a trav\u00e9s de las redes del teatro.<\/p>\n\n\n\n<div style=\"height:16px\" aria-hidden=\"true\" class=\"wp-block-spacer\"><\/div>\n\n\n\n<p class=\"has-black-color has-text-color has-link-color wp-elements-421707833bb82676b90e476cbcf2c16b\">Las entradas para estos shows ya est\u00e1n disponibles a trav\u00e9s de Livepass y en la boleter\u00eda del \u00d3pera. Los clientes de Banco Provincia cuentan con un beneficio exclusivo: 4 cuotas sin inter\u00e9s y 30% de ahorro, comprando hasta el 29 de febrero con tarjetas de cr\u00e9dito Visa y Mastercard, y con tope de reintegro de $3.000 por transacci\u00f3n..<\/p>\n\n\n\n<div style=\"height:16px\" aria-hidden=\"true\" class=\"wp-block-spacer\"><\/div>\n","protected":false},"excerpt":{"rendered":"","protected":false},"author":5,"featured_media":4885,"comment_status":"open","ping_status":"open","sticky":false,"template":"","format":"standard","meta":{"om_disable_all_campaigns":false,"_uf_show_specific_survey":0,"_uf_disable_surveys":false,"footnotes":""},"categories":[9],"tags":[],"class_list":["post-4884","post","type-post","status-publish","format-standard","has-post-thumbnail","hentry","category-cine-y-teatro"],"_links":{"self":[{"href":"https:\/\/entrenotasyacordes.com\/index.php?rest_route=\/wp\/v2\/posts\/4884","targetHints":{"allow":["GET"]}}],"collection":[{"href":"https:\/\/entrenotasyacordes.com\/index.php?rest_route=\/wp\/v2\/posts"}],"about":[{"href":"https:\/\/entrenotasyacordes.com\/index.php?rest_route=\/wp\/v2\/types\/post"}],"author":[{"embeddable":true,"href":"https:\/\/entrenotasyacordes.com\/index.php?rest_route=\/wp\/v2\/users\/5"}],"replies":[{"embeddable":true,"href":"https:\/\/entrenotasyacordes.com\/index.php?rest_route=%2Fwp%2Fv2%2Fcomments&post=4884"}],"version-history":[{"count":1,"href":"https:\/\/entrenotasyacordes.com\/index.php?rest_route=\/wp\/v2\/posts\/4884\/revisions"}],"predecessor-version":[{"id":4886,"href":"https:\/\/entrenotasyacordes.com\/index.php?rest_route=\/wp\/v2\/posts\/4884\/revisions\/4886"}],"wp:featuredmedia":[{"embeddable":true,"href":"https:\/\/entrenotasyacordes.com\/index.php?rest_route=\/wp\/v2\/media\/4885"}],"wp:attachment":[{"href":"https:\/\/entrenotasyacordes.com\/index.php?rest_route=%2Fwp%2Fv2%2Fmedia&parent=4884"}],"wp:term":[{"taxonomy":"category","embeddable":true,"href":"https:\/\/entrenotasyacordes.com\/index.php?rest_route=%2Fwp%2Fv2%2Fcategories&post=4884"},{"taxonomy":"post_tag","embeddable":true,"href":"https:\/\/entrenotasyacordes.com\/index.php?rest_route=%2Fwp%2Fv2%2Ftags&post=4884"}],"curies":[{"name":"wp","href":"https:\/\/api.w.org\/{rel}","templated":true}]}}