{"id":4887,"date":"2024-01-30T12:27:36","date_gmt":"2024-01-30T12:27:36","guid":{"rendered":"https:\/\/entrenotasyacordes.com\/?p=4887"},"modified":"2024-01-30T12:27:38","modified_gmt":"2024-01-30T12:27:38","slug":"grupo-trinidad-regresa-con-una-nueva-cancion-y-reafirma-su-lugar-como-uno-de-los-maximos-exponentes-de-la-cumbia-santafesina","status":"publish","type":"post","link":"https:\/\/entrenotasyacordes.com\/?p=4887","title":{"rendered":"GRUPO TRINIDAD REGRESA CON UNA NUEVA CANCI\u00d3N Y REAFIRMA SU LUGAR COMO\u00a0UNO DE LOS\u00a0M\u00c1XIMOS\u00a0EXPONENTES\u00a0DE LA CUMBIA\u00a0SANTAFESINA"},"content":{"rendered":"\n<div style=\"height:14px\" aria-hidden=\"true\" class=\"wp-block-spacer\"><\/div>\n\n\n\n<!--more-->\n\n\n\n<p class=\"has-black-color has-text-color has-link-color wp-elements-7a48cc323c95cb5c19afeb9581c16ce2\">\u201cNo Compartas la Cama\u201d el nuevo single de Grupo Trinidad que mantiene viva la llama de la cumbia rom\u00e1ntica, se estrena hoy viernes a las 19hs en todas las plataformas digitales.\u00a0<\/p>\n\n\n\n<div style=\"height:18px\" aria-hidden=\"true\" class=\"wp-block-spacer\"><\/div>\n\n\n\n<p class=\"has-black-color has-text-color has-link-color wp-elements-2f65ea5b5da8f2606198d03175616ef4\">Grupo Trinidad, la banda santafesina que conquist\u00f3 el coraz\u00f3n de los argentinos con su inigualable sensualidad, hoy estrena una nueva canci\u00f3n, como adelanto de su \u00faltimo trabajo. Esta nueva etapa los encuentra fusionando su distintiva cumbia sentimental, con un sonido actualizado pero que no abandona las ra\u00edces.&nbsp;<\/p>\n\n\n\n<div style=\"height:18px\" aria-hidden=\"true\" class=\"wp-block-spacer\"><\/div>\n\n\n\n<p class=\"has-black-color has-text-color has-link-color wp-elements-8200d8e71fa27056344a832f05346a9e\">El video de \u201cNo Compartas La Cama\u201d fue rodado en la entra\u00f1able provincia de Santa Fe, su hogar de origen, con el inconfundible puente colgante como escenograf\u00eda, y con todos sus integrantes como acostumbran a presentar en vivo.&nbsp;<\/p>\n\n\n\n<div style=\"height:18px\" aria-hidden=\"true\" class=\"wp-block-spacer\"><\/div>\n\n\n\n<figure class=\"wp-block-embed is-type-video is-provider-youtube wp-block-embed-youtube wp-embed-aspect-16-9 wp-has-aspect-ratio\"><div class=\"wp-block-embed__wrapper\">\n<div class=\"epyt-video-wrapper\"><iframe loading=\"lazy\"  id=\"_ytid_28266\"  width=\"640\" height=\"360\"  data-origwidth=\"640\" data-origheight=\"360\" src=\"https:\/\/www.youtube.com\/embed\/CuG6KrMdeYg?enablejsapi=1&#038;autoplay=0&#038;cc_load_policy=0&#038;cc_lang_pref=&#038;iv_load_policy=1&#038;loop=0&#038;rel=1&#038;fs=1&#038;playsinline=0&#038;autohide=2&#038;theme=dark&#038;color=white&#038;controls=1&#038;\" class=\"__youtube_prefs__  epyt-is-override  no-lazyload\" data-vol=\"50\"  title=\"YouTube player\"  allow=\"fullscreen; accelerometer; autoplay; clipboard-write; encrypted-media; gyroscope; picture-in-picture; web-share\" referrerpolicy=\"strict-origin-when-cross-origin\" allowfullscreen data-no-lazy=\"1\" data-skipgform_ajax_framebjll=\"\"><\/iframe><\/div>\n<\/div><\/figure>\n\n\n\n<div style=\"height:18px\" aria-hidden=\"true\" class=\"wp-block-spacer\"><\/div>\n\n\n\n<p class=\"has-black-color has-text-color has-link-color wp-elements-2b9f1d0dbe775dc31dc20fcd4e200d71\">Grupo Trinidad es sin\u00f3nimo de \u00e9xito y actualidad. Por su formaci\u00f3n pasaron int\u00e9rpretes ic\u00f3nicos, entra\u00f1ables que han quedado arraigados en el coraz\u00f3n de todos. Encabezados por el inigualable Leo Mattioli, Uriel Lozano, y \u201cEl Brujo\u201d Ezequiel son los cantantes que m\u00e1s destacaron y supieron elevar al grupo que hoy cumple m\u00e1s de 30 a\u00f1os de una inmensa trayectoria.<\/p>\n\n\n\n<div style=\"height:18px\" aria-hidden=\"true\" class=\"wp-block-spacer\"><\/div>\n\n\n\n<p class=\"has-black-color has-text-color has-link-color wp-elements-bd8fa095e27896ee1d3dfe7ed6715e1a\">Y, como si todo esto fuera poco, se suma al grupo un joven y talentoso y cantante \u201cEmanuel Armando\u201d. Tiene la llama en su garganta y sorprende por su impresionante voz que ya muestra su natural ensamble con el grupo. &nbsp;<\/p>\n\n\n\n<div style=\"height:18px\" aria-hidden=\"true\" class=\"wp-block-spacer\"><\/div>\n","protected":false},"excerpt":{"rendered":"","protected":false},"author":5,"featured_media":4888,"comment_status":"open","ping_status":"open","sticky":false,"template":"","format":"standard","meta":{"om_disable_all_campaigns":false,"_uf_show_specific_survey":0,"_uf_disable_surveys":false,"footnotes":""},"categories":[4],"tags":[],"class_list":["post-4887","post","type-post","status-publish","format-standard","has-post-thumbnail","hentry","category-musica"],"_links":{"self":[{"href":"https:\/\/entrenotasyacordes.com\/index.php?rest_route=\/wp\/v2\/posts\/4887","targetHints":{"allow":["GET"]}}],"collection":[{"href":"https:\/\/entrenotasyacordes.com\/index.php?rest_route=\/wp\/v2\/posts"}],"about":[{"href":"https:\/\/entrenotasyacordes.com\/index.php?rest_route=\/wp\/v2\/types\/post"}],"author":[{"embeddable":true,"href":"https:\/\/entrenotasyacordes.com\/index.php?rest_route=\/wp\/v2\/users\/5"}],"replies":[{"embeddable":true,"href":"https:\/\/entrenotasyacordes.com\/index.php?rest_route=%2Fwp%2Fv2%2Fcomments&post=4887"}],"version-history":[{"count":1,"href":"https:\/\/entrenotasyacordes.com\/index.php?rest_route=\/wp\/v2\/posts\/4887\/revisions"}],"predecessor-version":[{"id":4889,"href":"https:\/\/entrenotasyacordes.com\/index.php?rest_route=\/wp\/v2\/posts\/4887\/revisions\/4889"}],"wp:featuredmedia":[{"embeddable":true,"href":"https:\/\/entrenotasyacordes.com\/index.php?rest_route=\/wp\/v2\/media\/4888"}],"wp:attachment":[{"href":"https:\/\/entrenotasyacordes.com\/index.php?rest_route=%2Fwp%2Fv2%2Fmedia&parent=4887"}],"wp:term":[{"taxonomy":"category","embeddable":true,"href":"https:\/\/entrenotasyacordes.com\/index.php?rest_route=%2Fwp%2Fv2%2Fcategories&post=4887"},{"taxonomy":"post_tag","embeddable":true,"href":"https:\/\/entrenotasyacordes.com\/index.php?rest_route=%2Fwp%2Fv2%2Ftags&post=4887"}],"curies":[{"name":"wp","href":"https:\/\/api.w.org\/{rel}","templated":true}]}}