{"id":4890,"date":"2024-01-30T12:33:43","date_gmt":"2024-01-30T12:33:43","guid":{"rendered":"https:\/\/entrenotasyacordes.com\/?p=4890"},"modified":"2024-01-30T12:33:45","modified_gmt":"2024-01-30T12:33:45","slug":"bad-gyal-lanza-el-esperado-album-debut-la-joia","status":"publish","type":"post","link":"https:\/\/entrenotasyacordes.com\/?p=4890","title":{"rendered":"BAD GYAL LANZA EL ESPERADO \u00c1LBUM DEBUT\u00a0\u2018LA JOIA\u2019"},"content":{"rendered":"\n<!--more-->\n\n\n\n<p class=\"has-black-color has-text-color has-link-color wp-elements-ba9c012f34d1bc89c97058d4eac7498f\">COMPARTE VIDEO MUSICAL DE \u201cPERDI\u00d3 ESTE CULO\u201d<\/p>\n\n\n\n<p class=\"has-black-color has-text-color has-link-color wp-elements-8bbe59ce926471cf8582fcb3c3757658\">24 KARATS TOUR EMPIEZA EN FEBRERO<\/p>\n\n\n\n<div style=\"height:27px\" aria-hidden=\"true\" class=\"wp-block-spacer\"><\/div>\n\n\n\n<p class=\"has-black-color has-text-color has-link-color wp-elements-6ed0fd2c9c30305636d733f481203893\">Hoy,&nbsp;<strong>Bad Gyal&nbsp;<\/strong>lanza su esperado \u00e1lbum debut ,&nbsp;<strong>\u2018<em>La Joia\u2019<\/em>,&nbsp;<\/strong>un proyecto que personifica su esencia art\u00edstica y marca su esfuerzo m\u00e1s ambicioso hasta la fecha. Titulado \u00abLa Joya\u00bb en catal\u00e1n (su lengua materna), el \u00e1lbum lleva a los oyentes en un viaje inmersivo a un universo musical y art\u00edstico inspirado en las sensaciones evocadas por una joya, que simboliza la fuerza, la riqueza y la belleza. \u2018<em>La Joia\u2019<\/em>&nbsp;cuenta con producci\u00f3n de<strong>&nbsp;El Guincho<\/strong>,&nbsp;<strong>MAG<\/strong>,&nbsp;<strong>Merca Bae<\/strong>,&nbsp;<strong>Nely El Arma Secreta<\/strong>,&nbsp;<strong>Sky Rompiendo<\/strong>,&nbsp;<strong>Scott Storch<\/strong>&nbsp;y muchos m\u00e1s.<\/p>\n\n\n\n<div style=\"height:27px\" aria-hidden=\"true\" class=\"wp-block-spacer\"><\/div>\n\n\n\n<p class=\"has-black-color has-text-color has-link-color wp-elements-f7eb7b693ce2ea24755c6195ae799d08\">El lanzamiento llega junto con un nuevo video musical de&nbsp;<strong><em>\u201cPerdi\u00f3 Este Culo\u201d.&nbsp;<\/em><\/strong>Dirigido por&nbsp;<strong>F\u00e9lix Bolla\u00edn<\/strong>&nbsp;y producido por&nbsp;<strong>ROMA<\/strong>, Bad Gyal y&nbsp;<strong>Marti\u00f1o Rivas&nbsp;<\/strong>protagonizan el reencuentro de una pareja que acaba de separarse. Bad Gyal, m\u00e1s empoderada que nunca, decide ignorar a su ex y divertirse con sus amigas.<\/p>\n\n\n\n<div style=\"height:27px\" aria-hidden=\"true\" class=\"wp-block-spacer\"><\/div>\n\n\n\n<figure class=\"wp-block-embed is-type-video is-provider-youtube wp-block-embed-youtube wp-embed-aspect-4-3 wp-has-aspect-ratio\"><div class=\"wp-block-embed__wrapper\">\n<div class=\"epyt-video-wrapper\"><iframe loading=\"lazy\"  id=\"_ytid_33667\"  width=\"640\" height=\"360\"  data-origwidth=\"640\" data-origheight=\"360\" src=\"https:\/\/www.youtube.com\/embed\/FJDLUBHITiU?enablejsapi=1&#038;autoplay=0&#038;cc_load_policy=0&#038;cc_lang_pref=&#038;iv_load_policy=1&#038;loop=0&#038;rel=1&#038;fs=1&#038;playsinline=0&#038;autohide=2&#038;theme=dark&#038;color=white&#038;controls=1&#038;\" class=\"__youtube_prefs__  epyt-is-override  no-lazyload\" data-vol=\"50\"  title=\"YouTube player\"  allow=\"fullscreen; accelerometer; autoplay; clipboard-write; encrypted-media; gyroscope; picture-in-picture; web-share\" referrerpolicy=\"strict-origin-when-cross-origin\" allowfullscreen data-no-lazy=\"1\" data-skipgform_ajax_framebjll=\"\"><\/iframe><\/div>\n<\/div><\/figure>\n\n\n\n<div style=\"height:27px\" aria-hidden=\"true\" class=\"wp-block-spacer\"><\/div>\n\n\n\n<p class=\"has-black-color has-text-color has-link-color wp-elements-7981cabcd6a1400081d2d8ad0b9fee61\">\u2018La Joia\u2019 presenta colaboraciones con una amplia gama de artistas talentosos, incluidos Anitta, Myke Towers, \u00d1engo Flow, Quevedo y Morad, entre otros. El \u00e1lbum incluye su \u00e9xito de 2023, \u201cChulo Pt 2\u201d, con Tokischa y Young Miko, adem\u00e1s de ofrecer una rica experiencia musical, que abarca temas de reggaet\u00f3n y dancehall de polinizaci\u00f3n cruzada como \u201cMi Lova\u201d con Myke Towers y \u201cBad Boy\u201d con \u00d1engo Flow hasta cortes Dancehall m\u00e1s profundos como \u00abLa Que No Se Mueva\u00bb con Tommy Lee Sparta y \u00abPerdi\u00f3 Este Culo.\u00bb<\/p>\n\n\n\n<div style=\"height:27px\" aria-hidden=\"true\" class=\"wp-block-spacer\"><\/div>\n\n\n\n<p class=\"has-black-color has-text-color has-link-color wp-elements-210a34ff968598d9c808d876ab43d8d6\">En honor al lanzamiento de \u2018La Joia\u2019, Bad Gyal comenzar\u00e1 su 24 Karats Tour en febrero. La gira arrancar\u00e1 en Espa\u00f1a, con fechas agotadas en Madrid, Barcelona, Valencia y continuar\u00e1 con presentaciones en el Festival Est\u00e9reo Picnic en Colombia, el Festival Ceremonia en M\u00e9xico y el Reggaeton Beach Festival en Alemania antes de viajar a los Estados Unidos.<\/p>\n\n\n\n<div style=\"height:27px\" aria-hidden=\"true\" class=\"wp-block-spacer\"><\/div>\n\n\n\n<p class=\"has-black-color has-text-color has-link-color wp-elements-a4046715f474a41d71f49f5089403f41\">Habiendo irrumpido en escena en 2017, la nativa de Barcelona ha superado constantemente los l\u00edmites del sonido Dancehall al infundir varias influencias latinas y una est\u00e9tica y estilo de la d\u00e9cada de los 2000, convirti\u00e9ndola en una de las voces m\u00e1s din\u00e1micas y estimulantes de la m\u00fasica actual. Con \u2018La Joia\u2019, Bad Gyal no s\u00f3lo marca nuevas tendencias sino que tambi\u00e9n consolida su estatus como realeza urbana, cautivando al p\u00fablico con su enfoque innovador de la m\u00fasica.<\/p>\n\n\n\n<div style=\"height:27px\" aria-hidden=\"true\" class=\"wp-block-spacer\"><\/div>\n\n\n\n<p class=\"has-black-color has-text-color has-link-color wp-elements-0b1b7d7a8f799a0b869b0f2a127e7076\"><strong>PR\u00d3<\/strong><strong>XIMAS FECHAS DE GIRA<\/strong><\/p>\n\n\n\n<div style=\"height:27px\" aria-hidden=\"true\" class=\"wp-block-spacer\"><\/div>\n\n\n\n<p class=\"has-black-color has-text-color has-link-color wp-elements-409927a33fd7d34dbc30721a86866dd7\">2\/2 &#8211; Zaragoza, ES @ Pr\u00edncipe Felipe Pavillion<\/p>\n\n\n\n<p class=\"has-black-color has-text-color has-link-color wp-elements-2b5573fa2ee3feb6a4f64b85a2a5356b\">2\/9 &#8211; Barcelona, ES @ Palau Sant Jordi [ SOLD OUT ]<\/p>\n\n\n\n<p class=\"has-black-color has-text-color has-link-color wp-elements-2467f83dbc319859a86e2c1c7c3cb4da\">2\/17 &#8211; A Coru\u00f1a, ES @ Coliseum<\/p>\n\n\n\n<p class=\"has-black-color has-text-color has-link-color wp-elements-406d6c2a338739400c876cba13406445\">3\/16 &#8211; Bilbao, ES @ Bilbao Arena Miribilla<\/p>\n\n\n\n<p class=\"has-black-color has-text-color has-link-color wp-elements-cc86b0c6fbda0e154c61cca888084b7f\">3\/21 &#8211; Bogota, CO @ Estereo Picnic Festival<\/p>\n\n\n\n<p class=\"has-black-color has-text-color has-link-color wp-elements-268e92885d212012c8b5093f1109a3f6\">3\/24 &#8211; CDMX, MX @ Ceremonia Festival<\/p>\n\n\n\n<p class=\"has-black-color has-text-color has-link-color wp-elements-5570c1d05badef0f4e61f403856c2195\">4\/6 &#8211; Madrid, ES @ Wizink Center [ SOLD OUT ]<\/p>\n\n\n\n<p class=\"has-black-color has-text-color has-link-color wp-elements-62e5beeb97b2ba7d20f2a6dd4900366b\">4\/7 &#8211; Madrid, ES @ Wizink Center<\/p>\n\n\n\n<p class=\"has-black-color has-text-color has-link-color wp-elements-b8d7712285f77351b702acc9ba5e13a0\">4\/12 &#8211; Valencia, ES @ Plaza de Toros de Valencia [ SOLD OUT ]<\/p>\n\n\n\n<p class=\"has-black-color has-text-color has-link-color wp-elements-11022a398d4d12639a0405ed8575f467\">4\/13 &#8211; Granada, ES @ Plaza de Toros de Granada<\/p>\n\n\n\n<p class=\"has-black-color has-text-color has-link-color wp-elements-3cea8f1c1f5e275bbafdd2ee80a83097\">5\/18 &#8211; Cologne, AL @ Reggaeton Beach Festival<\/p>\n\n\n\n<p class=\"has-black-color has-text-color has-link-color wp-elements-f710a02ba91ac5354a72bb90bcc62f63\">5\/24 &#8211; New York, USA @ Avant Gardner<\/p>\n\n\n\n<p class=\"has-black-color has-text-color has-link-color wp-elements-62e37ddf17708057793a9a59d31bd127\">5\/26 &#8211; Chicago, USA @ Sue\u00f1os Music Festival<\/p>\n\n\n\n<p class=\"has-black-color has-text-color has-link-color wp-elements-dca320413ce14bb10df48eb706d333df\">5\/30 &#8211; San Francisco, USA @ The Midway<\/p>\n\n\n\n<p class=\"has-black-color has-text-color has-link-color wp-elements-f5ff556319c57c2f739ba4a9fe543fd4\">6\/1 &#8211; Los Angeles, USA @ The Novo<\/p>\n\n\n\n<div style=\"height:23px\" aria-hidden=\"true\" class=\"wp-block-spacer\"><\/div>\n","protected":false},"excerpt":{"rendered":"","protected":false},"author":5,"featured_media":4891,"comment_status":"open","ping_status":"open","sticky":false,"template":"","format":"standard","meta":{"om_disable_all_campaigns":false,"_uf_show_specific_survey":0,"_uf_disable_surveys":false,"footnotes":""},"categories":[4],"tags":[],"class_list":["post-4890","post","type-post","status-publish","format-standard","has-post-thumbnail","hentry","category-musica"],"_links":{"self":[{"href":"https:\/\/entrenotasyacordes.com\/index.php?rest_route=\/wp\/v2\/posts\/4890","targetHints":{"allow":["GET"]}}],"collection":[{"href":"https:\/\/entrenotasyacordes.com\/index.php?rest_route=\/wp\/v2\/posts"}],"about":[{"href":"https:\/\/entrenotasyacordes.com\/index.php?rest_route=\/wp\/v2\/types\/post"}],"author":[{"embeddable":true,"href":"https:\/\/entrenotasyacordes.com\/index.php?rest_route=\/wp\/v2\/users\/5"}],"replies":[{"embeddable":true,"href":"https:\/\/entrenotasyacordes.com\/index.php?rest_route=%2Fwp%2Fv2%2Fcomments&post=4890"}],"version-history":[{"count":1,"href":"https:\/\/entrenotasyacordes.com\/index.php?rest_route=\/wp\/v2\/posts\/4890\/revisions"}],"predecessor-version":[{"id":4892,"href":"https:\/\/entrenotasyacordes.com\/index.php?rest_route=\/wp\/v2\/posts\/4890\/revisions\/4892"}],"wp:featuredmedia":[{"embeddable":true,"href":"https:\/\/entrenotasyacordes.com\/index.php?rest_route=\/wp\/v2\/media\/4891"}],"wp:attachment":[{"href":"https:\/\/entrenotasyacordes.com\/index.php?rest_route=%2Fwp%2Fv2%2Fmedia&parent=4890"}],"wp:term":[{"taxonomy":"category","embeddable":true,"href":"https:\/\/entrenotasyacordes.com\/index.php?rest_route=%2Fwp%2Fv2%2Fcategories&post=4890"},{"taxonomy":"post_tag","embeddable":true,"href":"https:\/\/entrenotasyacordes.com\/index.php?rest_route=%2Fwp%2Fv2%2Ftags&post=4890"}],"curies":[{"name":"wp","href":"https:\/\/api.w.org\/{rel}","templated":true}]}}