{"id":4897,"date":"2024-01-30T12:46:46","date_gmt":"2024-01-30T12:46:46","guid":{"rendered":"https:\/\/entrenotasyacordes.com\/?p=4897"},"modified":"2024-01-30T12:46:47","modified_gmt":"2024-01-30T12:46:47","slug":"furor-por-rombai-en-la-costa","status":"publish","type":"post","link":"https:\/\/entrenotasyacordes.com\/?p=4897","title":{"rendered":"FUROR POR ROMBAI EN LA COSTA"},"content":{"rendered":"\n<!--more-->\n\n\n\n<p class=\"has-black-color has-text-color has-link-color wp-elements-96ad235e080d34fd8c0c743ce369063f\">En un recorrido por la playa argentina, Fer V\u00e1zquez particip\u00f3 del show de R\u00e1faga en Mar del Plata y del cierre de temporada de \u201cNadie Dice Nada\u201d en Pinamar. Dos shows explosivos que pusieron a bailar a miles de personas<\/p>\n\n\n\n<div style=\"height:22px\" aria-hidden=\"true\" class=\"wp-block-spacer\"><\/div>\n\n\n\n<figure class=\"wp-block-image size-large\"><img loading=\"lazy\" decoding=\"async\" width=\"742\" height=\"1024\" src=\"https:\/\/entrenotasyacordes.com\/wp-content\/uploads\/2024\/01\/Imagen-de-WhatsApp-2024-01-26-a-las-18.17.06_26e455bf-742x1024.jpg\" alt=\"\" class=\"wp-image-4898\" srcset=\"https:\/\/entrenotasyacordes.com\/wp-content\/uploads\/2024\/01\/Imagen-de-WhatsApp-2024-01-26-a-las-18.17.06_26e455bf-742x1024.jpg 742w, https:\/\/entrenotasyacordes.com\/wp-content\/uploads\/2024\/01\/Imagen-de-WhatsApp-2024-01-26-a-las-18.17.06_26e455bf-217x300.jpg 217w, https:\/\/entrenotasyacordes.com\/wp-content\/uploads\/2024\/01\/Imagen-de-WhatsApp-2024-01-26-a-las-18.17.06_26e455bf-768x1060.jpg 768w, https:\/\/entrenotasyacordes.com\/wp-content\/uploads\/2024\/01\/Imagen-de-WhatsApp-2024-01-26-a-las-18.17.06_26e455bf.jpg 927w\" sizes=\"auto, (max-width: 742px) 100vw, 742px\" \/><\/figure>\n\n\n\n<div style=\"height:22px\" aria-hidden=\"true\" class=\"wp-block-spacer\"><\/div>\n\n\n\n<p class=\"has-black-color has-text-color has-link-color wp-elements-2d5476c3b109d2530311d5d5d24a787a\"><strong><em>En el marco de #Estaci\u00f3nTMH, el ciclo de shows en vivo de Tu M\u00fasica Hoy, el creador de la cumbia pop se uni\u00f3 a los l\u00edderes de la cumbia argentina para cantar el hit \u201cLa Cerveza\u201d y el cl\u00e1sico del verano \u201cNoche Loca\u201d. Un crossover ideal para el verano con la picard\u00eda y frescura justas para moverse al ritmo del g\u00e9nero m\u00e1s popular<\/em><\/strong><\/p>\n\n\n\n<div style=\"height:22px\" aria-hidden=\"true\" class=\"wp-block-spacer\"><\/div>\n\n\n\n<p class=\"has-black-color has-text-color has-link-color wp-elements-ab39abdffcec137fd68e7b6d36032671\"><strong><em>Fer tambi\u00e9n particip\u00f3 del cierre de temporada de Nadie Dice Nada, el programa de Nico Occhiato en Luzu TV, con un show multitudinario que hizo vibrar Pinamar y que fue seguido por casi 100 mil personas en vivo por streaming<\/em><\/strong><\/p>\n\n\n\n<div style=\"height:22px\" aria-hidden=\"true\" class=\"wp-block-spacer\"><\/div>\n\n\n\n<p class=\"has-black-color has-text-color has-link-color wp-elements-b011b2c8161faba4bd2d383bd6979f99\"><strong>Rombai&nbsp;<\/strong>sigue demostrando que es el artista de este verano con cada paso que da. Luego de la explosi\u00f3n de \u201c<strong>Sin Querer<\/strong>\u201d y \u201c<strong>Hasta el Amanecer<\/strong>\u201d, el pionero de la cumbia pop visit\u00f3 la costa argentina, donde fue un suceso absoluto con dos shows colmados a orillas del mar.<\/p>\n\n\n\n<div style=\"height:22px\" aria-hidden=\"true\" class=\"wp-block-spacer\"><\/div>\n\n\n\n<figure class=\"wp-block-image size-large\"><img loading=\"lazy\" decoding=\"async\" width=\"683\" height=\"1024\" src=\"https:\/\/entrenotasyacordes.com\/wp-content\/uploads\/2024\/01\/Imagen-de-WhatsApp-2024-01-26-a-las-18.02.51_45b3c850-683x1024.jpg\" alt=\"\" class=\"wp-image-4899\" srcset=\"https:\/\/entrenotasyacordes.com\/wp-content\/uploads\/2024\/01\/Imagen-de-WhatsApp-2024-01-26-a-las-18.02.51_45b3c850-683x1024.jpg 683w, https:\/\/entrenotasyacordes.com\/wp-content\/uploads\/2024\/01\/Imagen-de-WhatsApp-2024-01-26-a-las-18.02.51_45b3c850-200x300.jpg 200w, https:\/\/entrenotasyacordes.com\/wp-content\/uploads\/2024\/01\/Imagen-de-WhatsApp-2024-01-26-a-las-18.02.51_45b3c850-768x1152.jpg 768w, https:\/\/entrenotasyacordes.com\/wp-content\/uploads\/2024\/01\/Imagen-de-WhatsApp-2024-01-26-a-las-18.02.51_45b3c850-1024x1536.jpg 1024w, https:\/\/entrenotasyacordes.com\/wp-content\/uploads\/2024\/01\/Imagen-de-WhatsApp-2024-01-26-a-las-18.02.51_45b3c850.jpg 1067w\" sizes=\"auto, (max-width: 683px) 100vw, 683px\" \/><\/figure>\n\n\n\n<div style=\"height:22px\" aria-hidden=\"true\" class=\"wp-block-spacer\"><\/div>\n\n\n\n<p class=\"has-black-color has-text-color has-link-color wp-elements-d48c86ff5f482f264444357ef0a11dee\">La primera gran sorpresa fue ayer, cuando dos potencias se encontraron en la rambla de los Lobos Marinos en Mar del Plata.&nbsp;<strong>Fer V\u00e1zquez<\/strong>&nbsp;se subi\u00f3 al escenario para compartir con&nbsp;<strong>R\u00e1faga<\/strong>&nbsp;un momento \u00fanico y cantar dos \u00e9xitos indiscutibles.<\/p>\n\n\n\n<div style=\"height:22px\" aria-hidden=\"true\" class=\"wp-block-spacer\"><\/div>\n\n\n\n<p class=\"has-black-color has-text-color has-link-color wp-elements-64d7a47ad24d7dc84d5d6a1f75d16582\">&nbsp;La complicidad se hizo sentir de manera instant\u00e1nea cuando comenz\u00f3 a sonar \u201c<strong>La Cerveza<\/strong>\u201d, en una interpretaci\u00f3n arrolladora que hizo estallar a la gente que cop\u00f3 el m\u00edtico lugar de La Feliz. Ya en el baile, los referentes del g\u00e9nero redoblaron la apuesta con \u201c<strong>Noche Loca<\/strong>\u201d, dejando en claro el renovado furor por la cumbia este verano.<\/p>\n\n\n\n<div style=\"height:22px\" aria-hidden=\"true\" class=\"wp-block-spacer\"><\/div>\n\n\n\n<p class=\"has-black-color has-text-color has-link-color wp-elements-645e296eab5b78591732580fa04fa1bf\">Pero, como si fuera poco, luego\u00a0<strong>Fer<\/strong>\u00a0viaj\u00f3 a Pinamar para cerrar la temporada de \u201c<strong>Nadie Dice Nada<\/strong>\u201d, el programa de streaming l\u00edder de la Argentina que sale por\u00a0<strong>Luzu TV<\/strong>\u00a0con la conducci\u00f3n de Nicol\u00e1s Occhiato, Flor Jazm\u00edn Pe\u00f1a, Nacho Elizalde, Momi Giardina y Santi Talledo.\u00a0<\/p>\n\n\n\n<div style=\"height:22px\" aria-hidden=\"true\" class=\"wp-block-spacer\"><\/div>\n\n\n\n<figure class=\"wp-block-image size-large\"><img loading=\"lazy\" decoding=\"async\" width=\"683\" height=\"1024\" src=\"https:\/\/entrenotasyacordes.com\/wp-content\/uploads\/2024\/01\/Imagen-de-WhatsApp-2024-01-26-a-las-18.02.50_d16690a7-683x1024.jpg\" alt=\"\" class=\"wp-image-4900\" srcset=\"https:\/\/entrenotasyacordes.com\/wp-content\/uploads\/2024\/01\/Imagen-de-WhatsApp-2024-01-26-a-las-18.02.50_d16690a7-683x1024.jpg 683w, https:\/\/entrenotasyacordes.com\/wp-content\/uploads\/2024\/01\/Imagen-de-WhatsApp-2024-01-26-a-las-18.02.50_d16690a7-200x300.jpg 200w, https:\/\/entrenotasyacordes.com\/wp-content\/uploads\/2024\/01\/Imagen-de-WhatsApp-2024-01-26-a-las-18.02.50_d16690a7-768x1152.jpg 768w, https:\/\/entrenotasyacordes.com\/wp-content\/uploads\/2024\/01\/Imagen-de-WhatsApp-2024-01-26-a-las-18.02.50_d16690a7-1024x1536.jpg 1024w, https:\/\/entrenotasyacordes.com\/wp-content\/uploads\/2024\/01\/Imagen-de-WhatsApp-2024-01-26-a-las-18.02.50_d16690a7.jpg 1067w\" sizes=\"auto, (max-width: 683px) 100vw, 683px\" \/><\/figure>\n\n\n\n<div style=\"height:22px\" aria-hidden=\"true\" class=\"wp-block-spacer\"><\/div>\n\n\n\n<p class=\"has-black-color has-text-color has-link-color wp-elements-a9675c677a6536e12344643e6ac9ebcf\">Con un show de primer nivel ante un parador explotado de gente,\u00a0<strong>Rombai<\/strong>\u00a0despleg\u00f3 un repertorio de esos \u00e9xitos que bailan todos para ponerle broche de oro al programa que siguieron casi 100 mil espectadores en vivo por Youtube. Un show de alto impacto que ratifica el gran nivel del artista en un verano de s\u00faper-acci\u00f3n.<\/p>\n\n\n\n<div style=\"height:22px\" aria-hidden=\"true\" class=\"wp-block-spacer\"><\/div>\n","protected":false},"excerpt":{"rendered":"","protected":false},"author":5,"featured_media":4901,"comment_status":"open","ping_status":"open","sticky":false,"template":"","format":"standard","meta":{"om_disable_all_campaigns":false,"_uf_show_specific_survey":0,"_uf_disable_surveys":false,"footnotes":""},"categories":[36],"tags":[],"class_list":["post-4897","post","type-post","status-publish","format-standard","has-post-thumbnail","hentry","category-conciertos"],"_links":{"self":[{"href":"https:\/\/entrenotasyacordes.com\/index.php?rest_route=\/wp\/v2\/posts\/4897","targetHints":{"allow":["GET"]}}],"collection":[{"href":"https:\/\/entrenotasyacordes.com\/index.php?rest_route=\/wp\/v2\/posts"}],"about":[{"href":"https:\/\/entrenotasyacordes.com\/index.php?rest_route=\/wp\/v2\/types\/post"}],"author":[{"embeddable":true,"href":"https:\/\/entrenotasyacordes.com\/index.php?rest_route=\/wp\/v2\/users\/5"}],"replies":[{"embeddable":true,"href":"https:\/\/entrenotasyacordes.com\/index.php?rest_route=%2Fwp%2Fv2%2Fcomments&post=4897"}],"version-history":[{"count":2,"href":"https:\/\/entrenotasyacordes.com\/index.php?rest_route=\/wp\/v2\/posts\/4897\/revisions"}],"predecessor-version":[{"id":4903,"href":"https:\/\/entrenotasyacordes.com\/index.php?rest_route=\/wp\/v2\/posts\/4897\/revisions\/4903"}],"wp:featuredmedia":[{"embeddable":true,"href":"https:\/\/entrenotasyacordes.com\/index.php?rest_route=\/wp\/v2\/media\/4901"}],"wp:attachment":[{"href":"https:\/\/entrenotasyacordes.com\/index.php?rest_route=%2Fwp%2Fv2%2Fmedia&parent=4897"}],"wp:term":[{"taxonomy":"category","embeddable":true,"href":"https:\/\/entrenotasyacordes.com\/index.php?rest_route=%2Fwp%2Fv2%2Fcategories&post=4897"},{"taxonomy":"post_tag","embeddable":true,"href":"https:\/\/entrenotasyacordes.com\/index.php?rest_route=%2Fwp%2Fv2%2Ftags&post=4897"}],"curies":[{"name":"wp","href":"https:\/\/api.w.org\/{rel}","templated":true}]}}