{"id":4904,"date":"2024-01-30T12:53:01","date_gmt":"2024-01-30T12:53:01","guid":{"rendered":"https:\/\/entrenotasyacordes.com\/?p=4904"},"modified":"2024-01-30T12:53:03","modified_gmt":"2024-01-30T12:53:03","slug":"marcianeke","status":"publish","type":"post","link":"https:\/\/entrenotasyacordes.com\/?p=4904","title":{"rendered":"MARCIANEKE\u00a0"},"content":{"rendered":"\n<h2 class=\"wp-block-heading has-black-color has-text-color has-link-color wp-elements-054e8613352c7a3ef21fe32d0b71f4f0\"><strong>Cruza la cordillera con Wirinikini, el hit del verano!<\/strong><\/h2>\n\n\n\n<!--more-->\n\n\n\n<figure class=\"wp-block-embed is-type-video is-provider-youtube wp-block-embed-youtube wp-embed-aspect-16-9 wp-has-aspect-ratio\"><div class=\"wp-block-embed__wrapper\">\n<div class=\"epyt-video-wrapper\"><iframe loading=\"lazy\"  id=\"_ytid_37715\"  width=\"640\" height=\"360\"  data-origwidth=\"640\" data-origheight=\"360\" src=\"https:\/\/www.youtube.com\/embed\/3x5eohxyEBU?enablejsapi=1&#038;autoplay=0&#038;cc_load_policy=0&#038;cc_lang_pref=&#038;iv_load_policy=1&#038;loop=0&#038;rel=1&#038;fs=1&#038;playsinline=0&#038;autohide=2&#038;theme=dark&#038;color=white&#038;controls=1&#038;\" class=\"__youtube_prefs__  epyt-is-override  no-lazyload\" data-vol=\"50\"  title=\"YouTube player\"  allow=\"fullscreen; accelerometer; autoplay; clipboard-write; encrypted-media; gyroscope; picture-in-picture; web-share\" referrerpolicy=\"strict-origin-when-cross-origin\" allowfullscreen data-no-lazy=\"1\" data-skipgform_ajax_framebjll=\"\"><\/iframe><\/div>\n<\/div><\/figure>\n\n\n\n<div style=\"height:20px\" aria-hidden=\"true\" class=\"wp-block-spacer\"><\/div>\n\n\n\n<p class=\"has-black-color has-text-color has-link-color wp-elements-51c982fe80fb235a3400cd64fc0d63e3\">Marcianeke, el artista m\u00e1s popular de reggaet\u00f3n en Chile, cruza la cordillera con \u201cWirinikini\u201d, su \u00faltimo single con el que apuesta a convertir en la canci\u00f3n del verano m\u00e1s all\u00e1 de las fronteras.<\/p>\n\n\n\n<div style=\"height:20px\" aria-hidden=\"true\" class=\"wp-block-spacer\"><\/div>\n\n\n\n<p class=\"has-black-color has-text-color has-link-color wp-elements-87537df4b57ef27e553fc3c9ef65d176\">La canci\u00f3n es la piedra angular para el primer disco del artista, el cual se estar\u00e1 lanzando durante el verano de 2024. El single es una mezcla de mambo y salsa, con un ritmo bailable y pegajoso, en colaboraci\u00f3n con El Bai, uno de los artistas chilenos que ha estado en ascenso durante el 2023. En tanto, la producci\u00f3n estuvo a cargo de Vic Law y Toma Ritmo. Cabe mencionar que, tanto en el videoclip como en la producci\u00f3n del single, se destacan la presencia de varios instrumentos musicales como trompeta, guitarras y percusi\u00f3n.<\/p>\n\n\n\n<div style=\"height:20px\" aria-hidden=\"true\" class=\"wp-block-spacer\"><\/div>\n\n\n\n<p class=\"has-black-color has-text-color has-link-color wp-elements-4d3ccc387f506e66dcd0dcd03e95606c\">Antes de su estreno, el coro de la canci\u00f3n se ha viralizado en redes sociales como Tik Tok, plataforma en la que ha sido replicado cientos de veces.<\/p>\n\n\n\n<div style=\"height:20px\" aria-hidden=\"true\" class=\"wp-block-spacer\"><\/div>\n\n\n\n<p class=\"has-black-color has-text-color has-link-color wp-elements-c5ceae6765ce127afb39df647144aef5\">\u201cRefi\u00e9rase a un elemento que genera placer\u201d. As\u00ed definen desde la oficina de Marcianeke en Santiago Centro, El Valle de Los Reyes, al concepto de \u201cWirinikini\u201d, palabra que le da nombre a la nueva canci\u00f3n del reggaetonero chileno.<\/p>\n\n\n\n<div style=\"height:20px\" aria-hidden=\"true\" class=\"wp-block-spacer\"><\/div>\n\n\n\n<p class=\"has-black-color has-text-color has-link-color wp-elements-630ba411cdf6ba870c8805a8cda4fbc1\">El video presenta a un guardia de seguridad en un campo de golf, que es irrumpido por la llegada de Marcianeke y El Bai, junto a un mont\u00f3n de amigas y amigos dispuestos a armar una fiesta. Lo que comienza con un hombre que aparentemente arruinar\u00e1 la misma, inspeccionando a los cantantes y husmeando la situaci\u00f3n, termina con \u00e9l como protagonista, rob\u00e1ndose la pel\u00edcula con su entusiasmo y motivaci\u00f3n.<\/p>\n\n\n\n<div style=\"height:20px\" aria-hidden=\"true\" class=\"wp-block-spacer\"><\/div>\n\n\n\n<figure class=\"wp-block-embed is-type-rich is-provider-spotify wp-block-embed-spotify wp-embed-aspect-21-9 wp-has-aspect-ratio\"><div class=\"wp-block-embed__wrapper\">\n<iframe title=\"Spotify Embed: Wirinikini\" style=\"border-radius: 12px\" width=\"100%\" height=\"152\" frameborder=\"0\" allowfullscreen allow=\"autoplay; clipboard-write; encrypted-media; fullscreen; picture-in-picture\" loading=\"lazy\" src=\"https:\/\/open.spotify.com\/embed\/track\/32sbBPysflH2Os6I0DnLIY?si=6745cb11e7674646&#038;nd=1&#038;dlsi=28d392917818470d&#038;utm_source=oembed\"><\/iframe>\n<\/div><\/figure>\n\n\n\n<div style=\"height:20px\" aria-hidden=\"true\" class=\"wp-block-spacer\"><\/div>\n\n\n\n<p class=\"has-black-color has-text-color has-link-color wp-elements-9c54de126cce7981091c35cb9558a719\"><strong>ALGUNOS LANZAMIENTOS ANTERIORES RELEVANTES<\/strong><\/p>\n\n\n\n<div style=\"height:20px\" aria-hidden=\"true\" class=\"wp-block-spacer\"><\/div>\n\n\n\n<p class=\"has-black-color has-text-color has-link-color wp-elements-0164e11a969a39f0230028136e33abcf\"><strong>Mu\u00f1eca ft Jere Klein (Enero de 2023)<\/strong><\/p>\n\n\n\n<div style=\"height:20px\" aria-hidden=\"true\" class=\"wp-block-spacer\"><\/div>\n\n\n\n<p class=\"has-black-color has-text-color has-link-color wp-elements-4b2bdb062a1cb2ea01b3e4d06d5ebde3\">Mu\u00f1eca es un single de reggaet\u00f3n entre Marcianeke y el joven promesa de 17 a\u00f1os, Jere Klein, lanzada a inicios del 2023. Su \u00e9xito fue tal que se posicion\u00f3 como una de las canciones m\u00e1s escuchadas del a\u00f1o en Chile seg\u00fan Spotify, que ya lleva m\u00e1s de 49 millones de reproducciones, y tan solo en Youtube acumula 44 millones de visitas.<\/p>\n\n\n\n<div style=\"height:20px\" aria-hidden=\"true\" class=\"wp-block-spacer\"><\/div>\n\n\n\n<p class=\"has-black-color has-text-color has-link-color wp-elements-d5a0b81425f491830f1ec52ec05ca305\">La producci\u00f3n estuvo a cargo de Donner, productor de Mat\u00edas, en tanto el videoclip estuvo a cargo de la productora Fiel al Plan.<\/p>\n\n\n\n<div style=\"height:20px\" aria-hidden=\"true\" class=\"wp-block-spacer\"><\/div>\n\n\n\n<p class=\"has-black-color has-text-color has-link-color wp-elements-9f0f656fa94e3fb7622b854089814dbe\"><strong>Toma ft L-GANTE (Abril de 2022)<\/strong><\/p>\n\n\n\n<div style=\"height:20px\" aria-hidden=\"true\" class=\"wp-block-spacer\"><\/div>\n\n\n\n<p class=\"has-black-color has-text-color has-link-color wp-elements-17043ff352f11d3d203e2c0fee0b6244\">Marcianeke y L-Gante se lucen en su primera colaboraci\u00f3n \u00abToma\u00bb. La canci\u00f3n ya cuenta con casi 6 millones de reproducciones en Spotify y 5.6 millones de plays en Youtube.<\/p>\n\n\n\n<div style=\"height:20px\" aria-hidden=\"true\" class=\"wp-block-spacer\"><\/div>\n\n\n\n<p class=\"has-black-color has-text-color has-link-color wp-elements-de282c8c76390e45b8e7f0cd81e42e98\">El tema corresponde a una mezcla de \u00abcumbia 420\u00bb, adem\u00e1s del caracter\u00edstico sonido \u00abold school\u00bb del artista urbano chileno. Hay que mencionar que este es el primer trabajo musical que realizan los cantantes juntos.<\/p>\n\n\n\n<div style=\"height:20px\" aria-hidden=\"true\" class=\"wp-block-spacer\"><\/div>\n\n\n\n<p class=\"has-black-color has-text-color has-link-color wp-elements-1f4ea3d29d3269fcc5e4feb33bd9ba7e\">La colaboraci\u00f3n entre Marcianeke y L-Gante posee un ritmo bailabale y pegajoso, con una letra m\u00e1s que directa en temas amorosos. Esos v\u00ednculos que se dan en el barrio, y que por la intensidad de los mismos terminan siendo inolvidables.<\/p>\n\n\n\n<div style=\"height:20px\" aria-hidden=\"true\" class=\"wp-block-spacer\"><\/div>\n\n\n\n<figure class=\"wp-block-embed is-type-video is-provider-youtube wp-block-embed-youtube wp-embed-aspect-16-9 wp-has-aspect-ratio\"><div class=\"wp-block-embed__wrapper\">\n<div class=\"epyt-video-wrapper\"><iframe loading=\"lazy\"  id=\"_ytid_24740\"  width=\"640\" height=\"360\"  data-origwidth=\"640\" data-origheight=\"360\" src=\"https:\/\/www.youtube.com\/embed\/n62asI-NdvE?enablejsapi=1&#038;autoplay=0&#038;cc_load_policy=0&#038;cc_lang_pref=&#038;iv_load_policy=1&#038;loop=0&#038;rel=1&#038;fs=1&#038;playsinline=0&#038;autohide=2&#038;theme=dark&#038;color=white&#038;controls=1&#038;\" class=\"__youtube_prefs__  epyt-is-override  no-lazyload\" data-vol=\"50\"  title=\"YouTube player\"  allow=\"fullscreen; accelerometer; autoplay; clipboard-write; encrypted-media; gyroscope; picture-in-picture; web-share\" referrerpolicy=\"strict-origin-when-cross-origin\" allowfullscreen data-no-lazy=\"1\" data-skipgform_ajax_framebjll=\"\"><\/iframe><\/div>\n<\/div><\/figure>\n","protected":false},"excerpt":{"rendered":"<p>Cruza la cordillera con Wirinikini, el hit del verano!<\/p>\n","protected":false},"author":5,"featured_media":4905,"comment_status":"open","ping_status":"open","sticky":false,"template":"","format":"standard","meta":{"om_disable_all_campaigns":false,"_uf_show_specific_survey":0,"_uf_disable_surveys":false,"footnotes":""},"categories":[4],"tags":[],"class_list":["post-4904","post","type-post","status-publish","format-standard","has-post-thumbnail","hentry","category-musica"],"_links":{"self":[{"href":"https:\/\/entrenotasyacordes.com\/index.php?rest_route=\/wp\/v2\/posts\/4904","targetHints":{"allow":["GET"]}}],"collection":[{"href":"https:\/\/entrenotasyacordes.com\/index.php?rest_route=\/wp\/v2\/posts"}],"about":[{"href":"https:\/\/entrenotasyacordes.com\/index.php?rest_route=\/wp\/v2\/types\/post"}],"author":[{"embeddable":true,"href":"https:\/\/entrenotasyacordes.com\/index.php?rest_route=\/wp\/v2\/users\/5"}],"replies":[{"embeddable":true,"href":"https:\/\/entrenotasyacordes.com\/index.php?rest_route=%2Fwp%2Fv2%2Fcomments&post=4904"}],"version-history":[{"count":2,"href":"https:\/\/entrenotasyacordes.com\/index.php?rest_route=\/wp\/v2\/posts\/4904\/revisions"}],"predecessor-version":[{"id":4907,"href":"https:\/\/entrenotasyacordes.com\/index.php?rest_route=\/wp\/v2\/posts\/4904\/revisions\/4907"}],"wp:featuredmedia":[{"embeddable":true,"href":"https:\/\/entrenotasyacordes.com\/index.php?rest_route=\/wp\/v2\/media\/4905"}],"wp:attachment":[{"href":"https:\/\/entrenotasyacordes.com\/index.php?rest_route=%2Fwp%2Fv2%2Fmedia&parent=4904"}],"wp:term":[{"taxonomy":"category","embeddable":true,"href":"https:\/\/entrenotasyacordes.com\/index.php?rest_route=%2Fwp%2Fv2%2Fcategories&post=4904"},{"taxonomy":"post_tag","embeddable":true,"href":"https:\/\/entrenotasyacordes.com\/index.php?rest_route=%2Fwp%2Fv2%2Ftags&post=4904"}],"curies":[{"name":"wp","href":"https:\/\/api.w.org\/{rel}","templated":true}]}}