{"id":4908,"date":"2024-01-30T13:01:05","date_gmt":"2024-01-30T13:01:05","guid":{"rendered":"https:\/\/entrenotasyacordes.com\/?p=4908"},"modified":"2024-01-30T13:01:07","modified_gmt":"2024-01-30T13:01:07","slug":"mon-laferte-en-argentina-2","status":"publish","type":"post","link":"https:\/\/entrenotasyacordes.com\/?p=4908","title":{"rendered":"MON LAFERTE\u00a0 EN ARGENTINA"},"content":{"rendered":"\n<div style=\"height:17px\" aria-hidden=\"true\" class=\"wp-block-spacer\"><\/div>\n\n\n\n<!--more-->\n\n\n\n<p class=\"has-black-color has-text-color has-link-color wp-elements-acf5a2f9885fa8badc4a401cc8f33b49\"><strong>JUEVES 4 DE ABRIL \u2013 MOVISTAR ARENA<\/strong><\/p>\n\n\n\n<p class=\"has-black-color has-text-color has-link-color wp-elements-9276ce17b2ebceec21bb55952537d063\"><strong>PRESENTA AUTOPOI\u00c9TICA TOUR<\/strong><\/p>\n\n\n\n<div style=\"height:21px\" aria-hidden=\"true\" class=\"wp-block-spacer\"><\/div>\n\n\n\n<p class=\"has-black-color has-text-color has-link-color wp-elements-390f5d204d730af03d65bbae63f28509\"><strong>YA EST\u00c1N LAS ENTRADAS A LA VENTA<\/strong><\/p>\n\n\n\n<p class=\"has-black-color has-text-color has-link-color wp-elements-92907f1e8b9fbb99b8242d5f04314aa5\"><strong>en\u00a0<a href=\"https:\/\/app.titan.email\/mail\/movistararena.com.ar\">movistararena.com.ar<\/a>\u00a0<\/strong><\/p>\n\n\n\n<div style=\"height:21px\" aria-hidden=\"true\" class=\"wp-block-spacer\"><\/div>\n\n\n\n<p class=\"has-black-color has-text-color has-link-color wp-elements-75b714ebdfb94567489a47ad05fb85ec\"><strong>Mon Laferte, una de las cantautoras m\u00e1s importantes de Latinoam\u00e9rica, llega al pa\u00eds en el marco de la gira internacional<\/strong><strong>&nbsp;<\/strong><strong>\u201cAUTOPOI\u00c9TICA\u201d<\/strong><strong>. Luego de su \u00faltimo concierto sold out en Argentina, regresa para presentar su octavo disco que da nombre al tour.&nbsp;<\/strong><\/p>\n\n\n\n<div style=\"height:21px\" aria-hidden=\"true\" class=\"wp-block-spacer\"><\/div>\n\n\n\n<p class=\"has-black-color has-text-color has-link-color wp-elements-5e81f04407baee1e6ddaf6f11f82575b\"><strong><em>\u00a0<\/em><\/strong>Con\u00a0<strong>\u201cAutopoi\u00e9tica\u201d<\/strong>\u00a0bajo el brazo, la compositora, productora y artista visual Mon Laferte, prepara una gira para los inicios de 2024 con la que recorrer\u00e1 Latinoam\u00e9rica y Estados Unidos.<\/p>\n\n\n\n<div style=\"height:21px\" aria-hidden=\"true\" class=\"wp-block-spacer\"><\/div>\n\n\n\n<p class=\"has-black-color has-text-color has-link-color wp-elements-ea516955fa0f5ee2d47e5497f1cafd63\">\u201cAutopoi\u00e9tica\u201d sacudi\u00f3 todos los rincones del mundo y Mon Laferte se apresta a comenzar una gira que llevar\u00e1 a los escenarios estas canciones nacidas bajo las premisas de la reinvenci\u00f3n y la libertad creativa.<\/p>\n\n\n\n<div style=\"height:21px\" aria-hidden=\"true\" class=\"wp-block-spacer\"><\/div>\n\n\n\n<p class=\"has-black-color has-text-color has-link-color wp-elements-7e0de3acbd941c8e180e9fdc9c47f71c\">La gira comenzar\u00e1 el 29 de febrero de 2024 en Puebla y continuar\u00e1 durante marzo por Toluca, Quer\u00e9taro, Monterrey, Tijuana, M\u00e9rida, Guadalajara y Ciudad de M\u00e9xico.&nbsp;<strong>En abril, la artista har\u00e1 el camino de sur a norte del continente americano, con shows en Uruguay, Argentina, Chile, Per\u00fa, Ecuador, Colombia, Costa Rica, Honduras y Guatemala; mientras que, durante mayo y junio, ser\u00e1 el turno de visitar diferentes ciudades de Estados Unidos.<\/strong><\/p>\n\n\n\n<div style=\"height:21px\" aria-hidden=\"true\" class=\"wp-block-spacer\"><\/div>\n\n\n\n<p class=\"has-black-color has-text-color has-link-color wp-elements-498893e77b68d722f250fe1b68813246\">Sobre esta nueva gira, Mon adelanta que tendr\u00e1 una estructura diferente a sus giras anteriores, pero que, de todas formas,<strong>&nbsp;incluir\u00e1 un repaso por ocho discos y adem\u00e1s, asegura que esta vez se tratar\u00e1 de un show mucho m\u00e1s teatral.<\/strong><\/p>\n\n\n\n<div style=\"height:21px\" aria-hidden=\"true\" class=\"wp-block-spacer\"><\/div>\n\n\n\n<p class=\"has-black-color has-text-color has-link-color wp-elements-ca2a3899b3257f88f84185c7cafd0eb0\">Sin duda ser\u00e1n meses inolvidables y una gira llena de sorpresas, porque estamos frente a una artista que construye su arte como si fuesen mundos: la composici\u00f3n, videoclips, la producci\u00f3n musical de sus canciones y los elementos que desplegar\u00e1 sobre el escenario est\u00e1n siempre unidos. Todo junto es lo que conforma su universo. Y el de \u201cAutopoi\u00e9tica\u201d ser\u00e1 quiz\u00e1s uno de los m\u00e1s audaces que ha cimentado.&nbsp;<strong><em>\u201cSiento que estoy en un momento de mayor seguridad en m\u00ed y en mi m\u00fasica. Tengo una claridad que quiz\u00e1s antes no ten\u00eda. Tambi\u00e9n estoy cada vez teniendo menos prejuicios. M\u00e1s sabe el diablo por viejo que por diablo, dicen, supongo que algo de eso hay\u201d<\/em><\/strong><em>,&nbsp;<\/em>dice Mon.<\/p>\n\n\n\n<div style=\"height:21px\" aria-hidden=\"true\" class=\"wp-block-spacer\"><\/div>\n\n\n\n<p class=\"has-black-color has-text-color has-link-color wp-elements-eb081cf75653ff2e834daa22f4f6fd57\">Mon se presentar\u00e1 el 4 de abril en el Movistar Arena y el show estar\u00e1 a cargo de PopArt Music.<\/p>\n\n\n\n<div style=\"height:21px\" aria-hidden=\"true\" class=\"wp-block-spacer\"><\/div>\n\n\n\n<figure class=\"wp-block-image size-large\"><img loading=\"lazy\" decoding=\"async\" width=\"683\" height=\"1024\" src=\"https:\/\/entrenotasyacordes.com\/wp-content\/uploads\/2024\/01\/octubre6-1-683x1024.jpg\" alt=\"\" class=\"wp-image-4909\" srcset=\"https:\/\/entrenotasyacordes.com\/wp-content\/uploads\/2024\/01\/octubre6-1-683x1024.jpg 683w, https:\/\/entrenotasyacordes.com\/wp-content\/uploads\/2024\/01\/octubre6-1-200x300.jpg 200w, https:\/\/entrenotasyacordes.com\/wp-content\/uploads\/2024\/01\/octubre6-1-768x1152.jpg 768w, https:\/\/entrenotasyacordes.com\/wp-content\/uploads\/2024\/01\/octubre6-1-1024x1536.jpg 1024w, https:\/\/entrenotasyacordes.com\/wp-content\/uploads\/2024\/01\/octubre6-1-1366x2048.jpg 1366w, https:\/\/entrenotasyacordes.com\/wp-content\/uploads\/2024\/01\/octubre6-1-scaled.jpg 1707w\" sizes=\"auto, (max-width: 683px) 100vw, 683px\" \/><\/figure>\n\n\n\n<div style=\"height:21px\" aria-hidden=\"true\" class=\"wp-block-spacer\"><\/div>\n\n\n\n<p class=\"has-black-color has-text-color has-link-color wp-elements-ecf484de373a9c5a1b7e6bf828751546\"><strong><u>M\u00e1s sobre Mon Laferte:<\/u><\/strong><strong>&nbsp;<\/strong><\/p>\n\n\n\n<div style=\"height:21px\" aria-hidden=\"true\" class=\"wp-block-spacer\"><\/div>\n\n\n\n<p class=\"has-black-color has-text-color has-link-color wp-elements-cf8111722b921213ddc00e4569b17372\">Dentro de Norma Monserrat Bustamante Laferte vive tambi\u00e9n la cantautora y artista visual Latinoamericana Mon Laferte. Una creadora que, en su m\u00fasica, se mueve con naturalidad en una amplia variedad de g\u00e9neros. Desde influencias musicales que cultiv\u00f3 desde que era una adolescente en su natal Vi\u00f1a del Mar, hasta lo que le ha ense\u00f1ado M\u00e9xico, su segundo hogar desde el a\u00f1o 2007, el cual la cobij\u00f3 para publicar sus primeros discos de manera independiente.<\/p>\n\n\n\n<div style=\"height:21px\" aria-hidden=\"true\" class=\"wp-block-spacer\"><\/div>\n\n\n\n<p class=\"has-black-color has-text-color has-link-color wp-elements-40f55efe262af0e12611d86ea2de62cf\">\u201cLa cantautora chilena Mon Laferte dispone de una voz para cada pasi\u00f3n. Es capaz de abordar lo personal y lo pol\u00edtico, arrullar una balada rom\u00e1ntica o encabezar un ataque de rock duro\u201d. As\u00ed la defini\u00f3 el reconocido cr\u00edtico musical Jon Pareles en The New York Times.&nbsp;<\/p>\n\n\n\n<div style=\"height:21px\" aria-hidden=\"true\" class=\"wp-block-spacer\"><\/div>\n\n\n\n<p class=\"has-black-color has-text-color has-link-color wp-elements-5f3d8a41ea7fdd0cdeb1d8229573c1b1\">Suyos son ocho discos hasta la fecha: Desechable (2011), Tornasol (2013), Mon Laferte Vol. 1 (2015), La Trenza (2017), Norma (2018), Seis (2021), 1940 Carmen (2021) y Autopoi\u00e9tica (2023), trabajos que han sido el resultado de la experimentaci\u00f3n y el vencer el miedo al ensayo y al error. Con ellos ha podido presentarse en grandes escenarios como Coachella, Vive Latino, Vi\u00f1a del Mar, Walt Disney Concert Hall, Hollywood Bowl, Lincoln Center, Movistar Arena Chile, Movistar Arena Argentina, el Auditorio Nacional de Ciudad de M\u00e9xico, entre otros. Ha obtenido cuatro Latin GRAMMYs y dos nominaciones a los GRAMMY. Vendiendo millones de \u00e1lbumes en el mundo, Mon Laferte ya se ha establecido como una de las cantautoras m\u00e1s importantes.<strong><u>&nbsp;<\/u><\/strong><\/p>\n\n\n\n<div style=\"height:21px\" aria-hidden=\"true\" class=\"wp-block-spacer\"><\/div>\n","protected":false},"excerpt":{"rendered":"","protected":false},"author":5,"featured_media":4910,"comment_status":"open","ping_status":"open","sticky":false,"template":"","format":"standard","meta":{"om_disable_all_campaigns":false,"_uf_show_specific_survey":0,"_uf_disable_surveys":false,"footnotes":""},"categories":[36],"tags":[],"class_list":["post-4908","post","type-post","status-publish","format-standard","has-post-thumbnail","hentry","category-conciertos"],"_links":{"self":[{"href":"https:\/\/entrenotasyacordes.com\/index.php?rest_route=\/wp\/v2\/posts\/4908","targetHints":{"allow":["GET"]}}],"collection":[{"href":"https:\/\/entrenotasyacordes.com\/index.php?rest_route=\/wp\/v2\/posts"}],"about":[{"href":"https:\/\/entrenotasyacordes.com\/index.php?rest_route=\/wp\/v2\/types\/post"}],"author":[{"embeddable":true,"href":"https:\/\/entrenotasyacordes.com\/index.php?rest_route=\/wp\/v2\/users\/5"}],"replies":[{"embeddable":true,"href":"https:\/\/entrenotasyacordes.com\/index.php?rest_route=%2Fwp%2Fv2%2Fcomments&post=4908"}],"version-history":[{"count":2,"href":"https:\/\/entrenotasyacordes.com\/index.php?rest_route=\/wp\/v2\/posts\/4908\/revisions"}],"predecessor-version":[{"id":4912,"href":"https:\/\/entrenotasyacordes.com\/index.php?rest_route=\/wp\/v2\/posts\/4908\/revisions\/4912"}],"wp:featuredmedia":[{"embeddable":true,"href":"https:\/\/entrenotasyacordes.com\/index.php?rest_route=\/wp\/v2\/media\/4910"}],"wp:attachment":[{"href":"https:\/\/entrenotasyacordes.com\/index.php?rest_route=%2Fwp%2Fv2%2Fmedia&parent=4908"}],"wp:term":[{"taxonomy":"category","embeddable":true,"href":"https:\/\/entrenotasyacordes.com\/index.php?rest_route=%2Fwp%2Fv2%2Fcategories&post=4908"},{"taxonomy":"post_tag","embeddable":true,"href":"https:\/\/entrenotasyacordes.com\/index.php?rest_route=%2Fwp%2Fv2%2Ftags&post=4908"}],"curies":[{"name":"wp","href":"https:\/\/api.w.org\/{rel}","templated":true}]}}