{"id":4913,"date":"2024-01-30T13:36:55","date_gmt":"2024-01-30T13:36:55","guid":{"rendered":"https:\/\/entrenotasyacordes.com\/?p=4913"},"modified":"2024-01-30T13:36:57","modified_gmt":"2024-01-30T13:36:57","slug":"cristian-ibarra-lanzo-perfecta-combinacion-su-nuevo-videoclip","status":"publish","type":"post","link":"https:\/\/entrenotasyacordes.com\/?p=4913","title":{"rendered":"CRISTIAN IBARRA lanz\u00f3 \u00abPerfecta combinaci\u00f3n\u00bb su nuevo videoclip"},"content":{"rendered":"\n<!--more-->\n\n\n\n<figure class=\"wp-block-embed is-type-video is-provider-youtube wp-block-embed-youtube wp-embed-aspect-16-9 wp-has-aspect-ratio\"><div class=\"wp-block-embed__wrapper\">\n<div class=\"epyt-video-wrapper\"><iframe loading=\"lazy\"  id=\"_ytid_22599\"  width=\"640\" height=\"360\"  data-origwidth=\"640\" data-origheight=\"360\" src=\"https:\/\/www.youtube.com\/embed\/FYLfP2E_A2A?enablejsapi=1&#038;autoplay=0&#038;cc_load_policy=0&#038;cc_lang_pref=&#038;iv_load_policy=1&#038;loop=0&#038;rel=1&#038;fs=1&#038;playsinline=0&#038;autohide=2&#038;theme=dark&#038;color=white&#038;controls=1&#038;\" class=\"__youtube_prefs__  epyt-is-override  no-lazyload\" data-vol=\"50\"  title=\"YouTube player\"  allow=\"fullscreen; accelerometer; autoplay; clipboard-write; encrypted-media; gyroscope; picture-in-picture; web-share\" referrerpolicy=\"strict-origin-when-cross-origin\" allowfullscreen data-no-lazy=\"1\" data-skipgform_ajax_framebjll=\"\"><\/iframe><\/div>\n<\/div><\/figure>\n\n\n\n<div style=\"height:21px\" aria-hidden=\"true\" class=\"wp-block-spacer\"><\/div>\n\n\n\n<p class=\"has-black-color has-text-color has-link-color wp-elements-6e27a010d94dea3fb088a6079816c45e\">Este nuevo single del m\u00fasico pertenece al adelanto del 2do disco en solitario de Cristian Ibarra, que se llama \u00abAlea iacta Est\u00bb. La canci\u00f3n cuenta con un sonido punk pop mel\u00f3dico, alternando letras s\u00f3lidas y vividas de amor y de desamor, situaciones cotidianas con las que, en ellas, te sentir\u00e1s protagonista de la letra.<\/p>\n\n\n\n<div style=\"height:21px\" aria-hidden=\"true\" class=\"wp-block-spacer\"><\/div>\n\n\n\n<p class=\"has-black-color has-text-color has-link-color wp-elements-1db099aa7a66ff45680b4bd63dee932a\">Melod\u00edas pegadizas y atrapantes en cada una de sus canciones, el g\u00e9nero que Cristian Ibarra sobresale y resalta por la singularidad de unir la buena m\u00fasica, una letra que llega y lo m\u00e1s importante: situaciones de la vida que a cualquiera de nosotros le podr\u00eda suceder. \u00abEl disco lo ir\u00e9 sacando tema por tema, y con el lanzamiento de la \u00faltima canci\u00f3n, saldr\u00e1 tanto de forma digital como f\u00edsico el disco entero\u00bb relata entusiasmado Cristian.&nbsp;<\/p>\n\n\n\n<div style=\"height:21px\" aria-hidden=\"true\" class=\"wp-block-spacer\"><\/div>\n\n\n\n<p class=\"has-black-color has-text-color has-link-color wp-elements-9d205816785b5c11a6c22043b7d27c99\">Sin darte cuenta, por s\u00ed s\u00f3lo terminar\u00e1s cantando o tarareando sus canciones.<\/p>\n\n\n\n<div style=\"height:21px\" aria-hidden=\"true\" class=\"wp-block-spacer\"><\/div>\n\n\n\n<figure class=\"wp-block-image size-full\"><img loading=\"lazy\" decoding=\"async\" width=\"762\" height=\"421\" src=\"https:\/\/entrenotasyacordes.com\/wp-content\/uploads\/2024\/01\/3758685463209930969886063775180152663197852n.jpg\" alt=\"\" class=\"wp-image-4914\" srcset=\"https:\/\/entrenotasyacordes.com\/wp-content\/uploads\/2024\/01\/3758685463209930969886063775180152663197852n.jpg 762w, https:\/\/entrenotasyacordes.com\/wp-content\/uploads\/2024\/01\/3758685463209930969886063775180152663197852n-300x166.jpg 300w\" sizes=\"auto, (max-width: 762px) 100vw, 762px\" \/><\/figure>\n\n\n\n<div style=\"height:21px\" aria-hidden=\"true\" class=\"wp-block-spacer\"><\/div>\n\n\n\n<div style=\"height:21px\" aria-hidden=\"true\" class=\"wp-block-spacer\"><\/div>\n\n\n\n<p class=\"has-black-color has-text-color has-link-color wp-elements-21a8d9e423538cd7e8cb5f038ab1cd2c\"><strong>CRISTIAN IBARRA &#8211; Un poco de historia<\/strong><\/p>\n\n\n\n<div style=\"height:21px\" aria-hidden=\"true\" class=\"wp-block-spacer\"><\/div>\n\n\n\n<p class=\"has-black-color has-text-color has-link-color wp-elements-d3f0fb09f14599040a4919aa39b1366c\">Es un artista que destaca que sus canciones, puedan interpretarse en un escenario tanto en formato ac\u00fastico como el\u00e9ctrico, que escribe sus canciones antes que la m\u00fasica, porque seg\u00fan \u00e9l \u00absi la letra no es coherente, la m\u00fasica no transmite, y si la m\u00fasica no transmite a la par de la letra, es caminar con las zapatillas al rev\u00e9s\u00bb.<\/p>\n\n\n\n<div style=\"height:21px\" aria-hidden=\"true\" class=\"wp-block-spacer\"><\/div>\n\n\n\n<p class=\"has-black-color has-text-color has-link-color wp-elements-19d87781d006fc659b1a62dccbc7aa39\">Cristian Ibarra es un artista que inici\u00f3 su carrera del 2002 hasta el 2009, como guitarra l\u00edder en Ciegos Kamikazes, una banda under de punk rock nacional, oriunda de la ciudad de Neuqu\u00e9n.<\/p>\n\n\n\n<div style=\"height:21px\" aria-hidden=\"true\" class=\"wp-block-spacer\"><\/div>\n\n\n\n<p class=\"has-black-color has-text-color has-link-color wp-elements-b2cf180e70eb8cc9a0ea4dd012518330\">A partir del a\u00f1o 2010, Cristian comenz\u00f3 su carrera como solista, donde realiz\u00f3 una gran cantidad de actuaciones en formato ac\u00fastico tras el lanzamiento de su primer \u00e1lbum, \u00abLas palabras justas\u00bb en el a\u00f1o 2013, como as\u00ed tambi\u00e9n en formato el\u00e9ctrico&nbsp; bajo el nombre art\u00edstico, \u00abCristian Ibarra y Los Terapeutas\u00bb.<\/p>\n\n\n\n<div style=\"height:21px\" aria-hidden=\"true\" class=\"wp-block-spacer\"><\/div>\n\n\n\n<figure class=\"wp-block-image size-full\"><img loading=\"lazy\" decoding=\"async\" width=\"660\" height=\"334\" src=\"https:\/\/entrenotasyacordes.com\/wp-content\/uploads\/2024\/01\/2ddda118688323-1.jpg\" alt=\"\" class=\"wp-image-4915\" srcset=\"https:\/\/entrenotasyacordes.com\/wp-content\/uploads\/2024\/01\/2ddda118688323-1.jpg 660w, https:\/\/entrenotasyacordes.com\/wp-content\/uploads\/2024\/01\/2ddda118688323-1-300x152.jpg 300w\" sizes=\"auto, (max-width: 660px) 100vw, 660px\" \/><\/figure>\n","protected":false},"excerpt":{"rendered":"","protected":false},"author":5,"featured_media":4916,"comment_status":"open","ping_status":"open","sticky":false,"template":"","format":"standard","meta":{"om_disable_all_campaigns":false,"_uf_show_specific_survey":0,"_uf_disable_surveys":false,"footnotes":""},"categories":[4],"tags":[],"class_list":["post-4913","post","type-post","status-publish","format-standard","has-post-thumbnail","hentry","category-musica"],"_links":{"self":[{"href":"https:\/\/entrenotasyacordes.com\/index.php?rest_route=\/wp\/v2\/posts\/4913","targetHints":{"allow":["GET"]}}],"collection":[{"href":"https:\/\/entrenotasyacordes.com\/index.php?rest_route=\/wp\/v2\/posts"}],"about":[{"href":"https:\/\/entrenotasyacordes.com\/index.php?rest_route=\/wp\/v2\/types\/post"}],"author":[{"embeddable":true,"href":"https:\/\/entrenotasyacordes.com\/index.php?rest_route=\/wp\/v2\/users\/5"}],"replies":[{"embeddable":true,"href":"https:\/\/entrenotasyacordes.com\/index.php?rest_route=%2Fwp%2Fv2%2Fcomments&post=4913"}],"version-history":[{"count":1,"href":"https:\/\/entrenotasyacordes.com\/index.php?rest_route=\/wp\/v2\/posts\/4913\/revisions"}],"predecessor-version":[{"id":4917,"href":"https:\/\/entrenotasyacordes.com\/index.php?rest_route=\/wp\/v2\/posts\/4913\/revisions\/4917"}],"wp:featuredmedia":[{"embeddable":true,"href":"https:\/\/entrenotasyacordes.com\/index.php?rest_route=\/wp\/v2\/media\/4916"}],"wp:attachment":[{"href":"https:\/\/entrenotasyacordes.com\/index.php?rest_route=%2Fwp%2Fv2%2Fmedia&parent=4913"}],"wp:term":[{"taxonomy":"category","embeddable":true,"href":"https:\/\/entrenotasyacordes.com\/index.php?rest_route=%2Fwp%2Fv2%2Fcategories&post=4913"},{"taxonomy":"post_tag","embeddable":true,"href":"https:\/\/entrenotasyacordes.com\/index.php?rest_route=%2Fwp%2Fv2%2Ftags&post=4913"}],"curies":[{"name":"wp","href":"https:\/\/api.w.org\/{rel}","templated":true}]}}