{"id":4923,"date":"2024-01-31T17:52:41","date_gmt":"2024-01-31T17:52:41","guid":{"rendered":"https:\/\/entrenotasyacordes.com\/?p=4923"},"modified":"2024-01-31T17:52:43","modified_gmt":"2024-01-31T17:52:43","slug":"nicki-nicole-2","status":"publish","type":"post","link":"https:\/\/entrenotasyacordes.com\/?p=4923","title":{"rendered":"NICKI\u00a0NICOLE"},"content":{"rendered":"\n<p class=\"has-black-color has-text-color has-link-color wp-elements-b269b35e6b44ded83c1fd84103fd0e4a\"><strong>\u00a1TRAS COMENZAR SU GIRA INTERNACIONAL 2024 EN ESTADOS UNIDOS Y ANTES DE SUS SHOWS EN ESPA\u00d1A, SORPRENDI\u00d3 A SU P\u00daBLICO DE ARGENTINA!<\/strong><\/p>\n\n\n\n<!--more-->\n\n\n\n<p class=\"has-black-color has-text-color has-link-color wp-elements-b34734b64391c163aea0c720cc241087\"><strong>Siempre conectando de manera \u00fanica con sus millones de seguidores, la artista no pierde la calidez, sello de su grandeza como persona y artista.<\/strong><\/p>\n\n\n\n<div style=\"height:23px\" aria-hidden=\"true\" class=\"wp-block-spacer\"><\/div>\n\n\n\n<p><br><strong><a href=\"https:\/\/click.emails.sonymusicfans.com\/?qs=c648a2a37900c6e2906251811f99acad5c90a3192df69525b52f9ac29ed69ae0caa650bc53c4e87ec81891629a96294b895a4c4176413130\">Mir\u00e1 la reacci\u00f3n de los fans al recibir la llamada de Nicki Nicole<\/a><\/strong><\/p>\n\n\n\n<div style=\"height:21px\" aria-hidden=\"true\" class=\"wp-block-spacer\"><\/div>\n\n\n\n<figure class=\"wp-block-image size-full\"><img loading=\"lazy\" decoding=\"async\" width=\"578\" height=\"434\" src=\"https:\/\/entrenotasyacordes.com\/wp-content\/uploads\/2024\/01\/1f72776c-9344-4255-8b86-79ff346b6624.jpeg\" alt=\"\" class=\"wp-image-4924\" srcset=\"https:\/\/entrenotasyacordes.com\/wp-content\/uploads\/2024\/01\/1f72776c-9344-4255-8b86-79ff346b6624.jpeg 578w, https:\/\/entrenotasyacordes.com\/wp-content\/uploads\/2024\/01\/1f72776c-9344-4255-8b86-79ff346b6624-300x225.jpeg 300w\" sizes=\"auto, (max-width: 578px) 100vw, 578px\" \/><\/figure>\n\n\n\n<div style=\"height:21px\" aria-hidden=\"true\" class=\"wp-block-spacer\"><\/div>\n\n\n\n<p class=\"has-black-color has-text-color has-link-color wp-elements-e4eea45f260f749ed6d906c15b55eb58\"><strong>26, 27 DE AGOSTO, 7, 8 DE SEPTIEMBRE, 19, 20 DE OCTUBRE, 13 DE DICIEMBRE Y 9 DE MARZO\u00a0&#8211; FUNCIONES AGOTADAS<\/strong><\/p>\n\n\n\n<div style=\"height:19px\" aria-hidden=\"true\" class=\"wp-block-spacer\"><\/div>\n\n\n\n<p class=\"has-black-color has-text-color has-link-color wp-elements-8ac8591dfaa3223518905b4a4fc704ad\"><strong>\u00a110 DE MARZO\u00a0NUEVA\u00a0FECHA!<\/strong><br><br><strong>M\u00c1S DE 90 MIL ALMAS\u00a0CONECTADAS<\/strong><br><br><br><strong><em>ENTRADAS YA A LA VENTA EN<\/em><\/strong><br><a href=\"https:\/\/click.emails.sonymusicfans.com\/?qs=c648a2a37900c6e25ca425ac131108679588c92810f0862082b642e7fa3656dfba628e3d762605342bbdae3d0ed769db728d64ba25d3699a\"><strong><em>www.movistararena.com.ar<\/em><\/strong><\/a><\/p>\n\n\n\n<div style=\"height:19px\" aria-hidden=\"true\" class=\"wp-block-spacer\"><\/div>\n\n\n\n<div style=\"height:19px\" aria-hidden=\"true\" class=\"wp-block-spacer\"><\/div>\n\n\n\n<p class=\"has-black-color has-text-color has-link-color wp-elements-8770d44fe387b46ef3122edce13c07f9\">Eligiendo a los 9 fans que m\u00e1s shows han vivido junto a ella, y en representaci\u00f3n de todos los millones que se apropiaron de su \u00e1lbum \u201cALMA\u201d, les anunci\u00f3 su noveno Movistar Arena de una manera muy especial.<\/p>\n\n\n\n<div style=\"height:19px\" aria-hidden=\"true\" class=\"wp-block-spacer\"><\/div>\n\n\n\n<p class=\"has-black-color has-text-color has-link-color wp-elements-17e5e53ef63a222b0b12178730ef2f92\">Invitados como Bizarrap, Duki, Milo J, Emilia, Wos, ya se hicieron presente en noches cargadas de emoci\u00f3n. Nicki tatu\u00e1ndose en vivo para recordar todo eternamente y disfrutando bien cerca de sus fans, conectando, cumpliendo sue\u00f1os y compartiendo entre l\u00e1grimas de felicidad. As\u00ed es como se est\u00e1n viviendo la serie de shows en Buenos Aires.<\/p>\n\n\n\n<div style=\"height:19px\" aria-hidden=\"true\" class=\"wp-block-spacer\"><\/div>\n\n\n\n<p class=\"has-black-color has-text-color has-link-color wp-elements-7f81c54c829f4d692dae53f87e0f59fc\">La fortaleza de Nicki trasciende en su diversidad musical que la lleva a dominar el trap, el hip hop, una balada y hasta una cumbia mexicana con la misma pasi\u00f3n y curiosidad innata que la acompa\u00f1a desde el primer d\u00eda. Su talento interpretativo y compositivo la lleva a ser una de las artistas con mayor proyecci\u00f3n actual, y con un camino sonoro inmenso por recorrer.<\/p>\n\n\n\n<div style=\"height:19px\" aria-hidden=\"true\" class=\"wp-block-spacer\"><\/div>\n\n\n\n<p>Eligiendo a los 9 fans que m\u00e1s shows han vivido junto a ella, y en representaci\u00f3n de todos los millones que se apropiaron de su \u00e1lbum \u201cALMA\u201d, les anunci\u00f3 su noveno Movistar Arena de una manera muy especial.<\/p>\n\n\n\n<div style=\"height:19px\" aria-hidden=\"true\" class=\"wp-block-spacer\"><\/div>\n\n\n\n<p>Invitados como Bizarrap, Duki, Milo J, Emilia, Wos, ya se hicieron presente en noches cargadas de emoci\u00f3n. Nicki tatu\u00e1ndose en vivo para recordar todo eternamente y disfrutando bien cerca de sus fans, conectando, cumpliendo sue\u00f1os y compartiendo entre l\u00e1grimas de felicidad. As\u00ed es como se est\u00e1n viviendo la serie de shows en Buenos Aires.<\/p>\n\n\n\n<div style=\"height:19px\" aria-hidden=\"true\" class=\"wp-block-spacer\"><\/div>\n\n\n\n<p class=\"has-black-color has-text-color has-link-color wp-elements-131b1872aed905da45c4fa9ba6372e22\">NICKI NICOLE cerr\u00f3 un 2023 memorable, en medio de un \u00e9xito global que se plasm\u00f3 en galardones y reconocimientos de la cr\u00edtica y el p\u00fablico, participaci\u00f3n en los festivales m\u00e1s importantes, presentaciones en recintos sold outs llevando \u201cAlma\u201d, el \u00fanico \u00e1lbum argentino entre los 100 mejores por Rolling Stone y una bisagra que revolucion\u00f3 la escena musical y su carrera.<\/p>\n\n\n\n<div style=\"height:19px\" aria-hidden=\"true\" class=\"wp-block-spacer\"><\/div>\n\n\n\n<p class=\"has-black-color has-text-color has-link-color wp-elements-5b989a6b24eddd5c6db68233f428c3a8\">Adem\u00e1s de su nominaci\u00f3n a \u201cMejor Artista Sur\u201d en los Premios MTV, NICKI NICOLE fue nominada a los Premios Latin Grammys a Mejor \u00c1lbum de M\u00fasica Urbana por \u201cAlma\u201d y Mejor canci\u00f3n Hip Hop por \u201cDispara\u201d, a su vez acaba de ser nominada como Artista Femenina Del A\u00f1o \u2013 Urbano en la edici\u00f3n 36 de Premio Lo Nuestro.<\/p>\n\n\n\n<div style=\"height:19px\" aria-hidden=\"true\" class=\"wp-block-spacer\"><\/div>\n\n\n\n<p class=\"has-black-color has-text-color has-link-color wp-elements-88adc68d43d334ec003a47b7b60f5240\">Recientemente comenz\u00f3 su gira internacional en Los \u00c1ngeles en el Festival Calibash 2024 y se presentar\u00e1 por primera vez el 21 de marzo en el Wizink Center de Madrid y el 22 de marzo en el Sant Jordi Club de Barcelona.<\/p>\n\n\n\n<div style=\"height:19px\" aria-hidden=\"true\" class=\"wp-block-spacer\"><\/div>\n\n\n\n<p class=\"has-black-color has-text-color has-link-color wp-elements-1077e03ffeca6245d65def2974d629c6\">Nicki no para de proyectar y trabajar, con la misma entrega y calidad musical que siempre fue su sello y hoy la lleva a ser una de las artistas internacionales m\u00e1s ovacionadas.<\/p>\n\n\n\n<div style=\"height:19px\" aria-hidden=\"true\" class=\"wp-block-spacer\"><\/div>\n\n\n\n<p class=\"has-black-color has-text-color has-link-color wp-elements-fdf8fcbb5476823a59e4ac572e8eba7c\">La rosarina brind\u00f3 siete shows con entradas agotadas en el Movistar Arena, convocando a m\u00e1s de 90 mil personas llegadas de diferentes puntos del pa\u00eds para sumarse a esa conexi\u00f3n \u00fanica e indescriptible que Nicki logra con su voz, su m\u00fasica y su presencia sobre el escenario. As\u00ed, comenzando el 2024 a pleno anuncia el sold out de su octava fecha y suma un noveno show en el Movistar Arena de Buenos Aires.<\/p>\n\n\n\n<div style=\"height:19px\" aria-hidden=\"true\" class=\"wp-block-spacer\"><\/div>\n\n\n\n<p class=\"has-black-color has-text-color has-link-color wp-elements-31a4efa25a94271a0ff69e4fc7509a70\">Nicki ya se present\u00f3 los d\u00edas 26 y 27 de agosto, 7, y 8 de septiembre, 19 y 20 de octubre y 13 de diciembre ante miles de fans en el Movistar Arena. Sus pr\u00f3ximos shows ser\u00e1n el 9 de marzo con tickets agotados y suma una novena fecha el 10 de marzo. Las entradas ya se pueden adquirir a trav\u00e9s de<\/p>\n\n\n\n<div style=\"height:19px\" aria-hidden=\"true\" class=\"wp-block-spacer\"><\/div>\n\n\n\n<p class=\"has-black-color has-text-color has-link-color wp-elements-3537d6cf86b76400a212a0cb50a25b8c\">www.movistararena.com.ar<\/p>\n\n\n\n<div style=\"height:19px\" aria-hidden=\"true\" class=\"wp-block-spacer\"><\/div>\n\n\n\n<p>En una presentaci\u00f3n enmarcada por los tres elementos del \u00e1lbum, Nicki recorre&nbsp;<strong>m\u00e1s de 30 canciones&nbsp;<\/strong>y una historia de sue\u00f1os, desaf\u00edos y una personalidad tan \u00fanica como ejemplar dentro del movimiento que estamos disfrutando.<\/p>\n\n\n\n<div style=\"height:19px\" aria-hidden=\"true\" class=\"wp-block-spacer\"><\/div>\n\n\n\n<p class=\"has-text-align-center has-black-color has-text-color has-link-color wp-elements-446a7f3bde3a88c6876dbf5f2290d8f6\"><strong>12.01 &#8211;<\/strong><strong>LOS \u00c1NGELES&nbsp;\/ CALIBASH&nbsp;2024<\/strong><strong>14.01 &#8211;&nbsp;GUANAJUATO&nbsp;\/ FERIA LE\u00d3N&nbsp;2024<\/strong><br><strong>27.01&nbsp;SAN BERNARDINO&nbsp;\/ FESTIVAL&nbsp;VELVET<\/strong><br><strong>10.02&nbsp;SAN JOS\u00c9&nbsp;\/ FESTIVAL&nbsp;PICNIC<\/strong><\/p>\n\n\n\n<div style=\"height:19px\" aria-hidden=\"true\" class=\"wp-block-spacer\"><\/div>\n\n\n\n<p class=\"has-text-align-center has-black-color has-text-color has-link-color wp-elements-6763e65e08ed90d1c05a77b4465553ff\"><strong>12.02 &#8211;&nbsp;<\/strong><strong>SANTA CRUZ DE LA SIERRA&nbsp;\/&nbsp;CARNAVALAND<\/strong><strong>16.02&nbsp;GUATEMALA&nbsp;\/ FORUM&nbsp;MAJADAS<\/strong><br><strong>18.02&nbsp;MIAMI \/ FESTIVAL VIBRA&nbsp;URBANA<\/strong><br><strong>09.03&nbsp;BUENOS AIRES&nbsp;\/ MOVISTAR ARENA&nbsp;AGOTADO<\/strong><br><strong>10.03&nbsp;BUENOS AIRES&nbsp;\/ MOVISTAR ARENA&nbsp;NUEVA&nbsp;FECHA<\/strong><br><strong>21.03&nbsp;MADRID&nbsp;\/ WIZINK CENTER&nbsp;\u00daLTIMAS&nbsp;ENTRADAS<\/strong><br><strong>22.03&nbsp;BARCELONA&nbsp;\/ SAINT JORDI CLUB&nbsp;\u00daLTIMAS&nbsp;ENTRADAS<\/strong><br><strong>24.03&nbsp;BOGOT\u00c1&nbsp;\/ FESTIVAL ESTEREO&nbsp;PICNIC<\/strong><\/p>\n\n\n\n<div style=\"height:19px\" aria-hidden=\"true\" class=\"wp-block-spacer\"><\/div>\n\n\n\n<p class=\"has-black-color has-text-color has-link-color wp-elements-badc9a8d87aae783c08d26ae45a07f57\">El a\u00f1o pasado realiz\u00f3 un gira sin precedentes en Europa al presentarse en el\u00a0<strong>Lollapalooza Par\u00eds, La Velada del A\u00f1o de Ibai\u00a0<\/strong>y una contundente actuaci\u00f3n en el\u00a0<strong>Torneo Kings League\u00a0<\/strong>en el Estadio Metropolitano de Madrid este a\u00f1o ante\u00a0<strong>m\u00e1s de 500.000 personas.<\/strong><\/p>\n\n\n\n<div style=\"height:15px\" aria-hidden=\"true\" class=\"wp-block-spacer\"><\/div>\n\n\n\n<p class=\"has-black-color has-text-color has-link-color wp-elements-70c6684a173b13d7bd5a94da2a53afb8\">Adem\u00e1s de los shows en\u00a0<strong>Rosario\u00a0<\/strong>y\u00a0<strong>Buenos Aires<\/strong>, Nicki visit\u00f3\u00a0<strong>Montevideo\u00a0<\/strong>y en el mes de noviembre gener\u00f3 una locura en\u00a0<strong>Ciudad de M\u00e9xico y Monterrey,\u00a0<\/strong>reuniendo as\u00ed cerca de\u00a0<strong>90 mil personas\u00a0<\/strong>manteniendo su liderazgo en la escena urbana y cautivando con un talento esc\u00e9nico y compositivo que demostr\u00f3 no tener techo.<\/p>\n\n\n\n<div style=\"height:19px\" aria-hidden=\"true\" class=\"wp-block-spacer\"><\/div>\n\n\n\n<p class=\"has-black-color has-text-color has-link-color wp-elements-23ae47a3d49dc2d464bb1b1834fa6b3b\">La merecida consagraci\u00f3n de\u00a0<strong>NICKI\u00a0<\/strong>ya es un hecho, y su impacto en la escena musical no s\u00f3lo se traduce en reconocimiento y respeto de sus pares, el p\u00fablico y la cr\u00edtica, sino que es faro para nuevas generaciones de artistas, abriendo caminos y acompa\u00f1ando.<\/p>\n\n\n\n<div style=\"height:19px\" aria-hidden=\"true\" class=\"wp-block-spacer\"><\/div>\n\n\n\n<p>Hace poco sorprendi\u00f3 al mundo en la entrega de los\u00a0<strong>Premios Billboard de la M\u00fasica Latina\u00a0<\/strong>llevando al escenario dos colaboraciones de primer nivel: interpretando su remix de\u00a0<a href=\"https:\/\/click.emails.sonymusicfans.com\/?qs=c648a2a37900c6e25366b69d7ff748b47f1c54c8ca5e5f672a5c6e478c5e918bbc29ee803604664e199f802378eff80ad2c42bc71ea09ff7\"><strong>\u00abPor Las Noches\u00bb con Peso Pluma<\/strong><\/a><strong>\u00a0y uni\u00e9ndose a\u00a0<\/strong><a href=\"https:\/\/click.emails.sonymusicfans.com\/?qs=c648a2a37900c6e27778b69d0f6691319098823f9a763fd891c9549702c9a8f6758413ae523091ffc3ceb2f354d5d38cb7f054beed44d6a7\"><strong>Los \u00c1ngeles Azules en \u00abOtra\u00a0Noche\u00bb<\/strong><\/a><\/p>\n\n\n\n<div style=\"height:19px\" aria-hidden=\"true\" class=\"wp-block-spacer\"><\/div>\n\n\n\n<p>La talentosa artista se hizo presente tambi\u00e9n en\u00a0<strong>Billboard Latin Music Week\u00a0<\/strong>como panelista destacada en<a href=\"https:\/\/click.emails.sonymusicfans.com\/?qs=c648a2a37900c6e299ccad5b8f681dbca4006537e9348769aeb6ac2d2ef405d7d3e61d09a6cb49740d8deb873fa44947c2d9f5c1276e24f6\">\u00a0<strong>\u00abBoys Club No More!\u00bb<\/strong><\/a>junto a sus compa\u00f1eros GALE, Kany Garc\u00eda, Maria Becerra, Nathy Peluso, y Young Miko.<\/p>\n\n\n\n<div style=\"height:19px\" aria-hidden=\"true\" class=\"wp-block-spacer\"><\/div>\n\n\n\n<p><\/p>\n","protected":false},"excerpt":{"rendered":"<p>\u00a1TRAS COMENZAR SU GIRA INTERNACIONAL 2024 EN ESTADOS UNIDOS Y ANTES DE SUS SHOWS EN<\/p>\n","protected":false},"author":5,"featured_media":4925,"comment_status":"open","ping_status":"open","sticky":false,"template":"","format":"standard","meta":{"om_disable_all_campaigns":false,"_uf_show_specific_survey":0,"_uf_disable_surveys":false,"footnotes":""},"categories":[4],"tags":[],"class_list":["post-4923","post","type-post","status-publish","format-standard","has-post-thumbnail","hentry","category-musica"],"_links":{"self":[{"href":"https:\/\/entrenotasyacordes.com\/index.php?rest_route=\/wp\/v2\/posts\/4923","targetHints":{"allow":["GET"]}}],"collection":[{"href":"https:\/\/entrenotasyacordes.com\/index.php?rest_route=\/wp\/v2\/posts"}],"about":[{"href":"https:\/\/entrenotasyacordes.com\/index.php?rest_route=\/wp\/v2\/types\/post"}],"author":[{"embeddable":true,"href":"https:\/\/entrenotasyacordes.com\/index.php?rest_route=\/wp\/v2\/users\/5"}],"replies":[{"embeddable":true,"href":"https:\/\/entrenotasyacordes.com\/index.php?rest_route=%2Fwp%2Fv2%2Fcomments&post=4923"}],"version-history":[{"count":2,"href":"https:\/\/entrenotasyacordes.com\/index.php?rest_route=\/wp\/v2\/posts\/4923\/revisions"}],"predecessor-version":[{"id":4927,"href":"https:\/\/entrenotasyacordes.com\/index.php?rest_route=\/wp\/v2\/posts\/4923\/revisions\/4927"}],"wp:featuredmedia":[{"embeddable":true,"href":"https:\/\/entrenotasyacordes.com\/index.php?rest_route=\/wp\/v2\/media\/4925"}],"wp:attachment":[{"href":"https:\/\/entrenotasyacordes.com\/index.php?rest_route=%2Fwp%2Fv2%2Fmedia&parent=4923"}],"wp:term":[{"taxonomy":"category","embeddable":true,"href":"https:\/\/entrenotasyacordes.com\/index.php?rest_route=%2Fwp%2Fv2%2Fcategories&post=4923"},{"taxonomy":"post_tag","embeddable":true,"href":"https:\/\/entrenotasyacordes.com\/index.php?rest_route=%2Fwp%2Fv2%2Ftags&post=4923"}],"curies":[{"name":"wp","href":"https:\/\/api.w.org\/{rel}","templated":true}]}}