{"id":4936,"date":"2024-02-05T16:01:06","date_gmt":"2024-02-05T16:01:06","guid":{"rendered":"https:\/\/entrenotasyacordes.com\/?p=4936"},"modified":"2024-02-05T16:01:07","modified_gmt":"2024-02-05T16:01:07","slug":"enjoy-the-silence-es-el-vigesimo-cuarto-sencillo-del-grupo-ingles-de-musica-electronica-depeche-mode","status":"publish","type":"post","link":"https:\/\/entrenotasyacordes.com\/?p=4936","title":{"rendered":"\u00abEnjoy the Silence\u00bb es el vig\u00e9simo cuarto sencillo del grupo ingl\u00e9s de m\u00fasica electr\u00f3nica Depeche Mode"},"content":{"rendered":"\n<p class=\"has-black-color has-text-color has-link-color wp-elements-a98f7cb8b603010e6487ad734a873e7d\">El segundo desprendido de su \u00e1lbum Violator, publicado el 5 de febrero de 1990.<\/p>\n\n\n\n<div style=\"height:24px\" aria-hidden=\"true\" class=\"wp-block-spacer\"><\/div>\n\n\n\n<!--more-->\n\n\n\n<p class=\"has-black-color has-text-color has-link-color wp-elements-98f04d5f0ec6bf9a246bdbc0214c5927\">Compuesto, grabado y cantado por Martin Gore de manera ac\u00fastica, sin embargo Alan Wilder encontr\u00f3 potencial en ella, por lo cual realiz\u00f3 una musicalizaci\u00f3n de base electr\u00f3nica r\u00edtmica m\u00e1s sofisticada. Los otros miembros del grupo estuvieron satisfechos con el resultado; Gore agreg\u00f3 partes de guitarra y por \u00faltimo cedi\u00f3 las vocales a David Gahan, acompa\u00f1\u00e1ndolo solo en los coros. Enjoy the Silence se convirti\u00f3, despu\u00e9s del tratamiento de Wilder, en uno de los m\u00e1s emblem\u00e1ticos temas de Depeche Mode hasta la fecha.<\/p>\n\n\n\n<div style=\"height:24px\" aria-hidden=\"true\" class=\"wp-block-spacer\"><\/div>\n\n\n\n<p class=\"has-black-color has-text-color has-link-color wp-elements-6c69a79fdab3cb5aa25547e94f42937a\">La versi\u00f3n original de Enjoy the Silence aparece en la edici\u00f3n limitada en 12 pulgadas del sencillo, as\u00ed como en su reedici\u00f3n de 2004, interpretada por Martin Gore solo con armonio, subtitulada justamente Harmonium.<\/p>\n\n\n\n<div style=\"height:24px\" aria-hidden=\"true\" class=\"wp-block-spacer\"><\/div>\n\n\n\n<p class=\"has-black-color has-text-color has-link-color wp-elements-a08d763fd6152a782f27f2ae6d5c4c48\">Este es el tema m\u00e1s representativo de Despeche mode, quiz\u00e1s a\u00fan m\u00e1s que Personal Jesus.<\/p>\n\n\n\n<div style=\"height:24px\" aria-hidden=\"true\" class=\"wp-block-spacer\"><\/div>\n\n\n\n<figure class=\"wp-block-embed is-type-video is-provider-youtube wp-block-embed-youtube wp-embed-aspect-4-3 wp-has-aspect-ratio\"><div class=\"wp-block-embed__wrapper\">\n<div class=\"epyt-video-wrapper\"><iframe loading=\"lazy\"  id=\"_ytid_91514\"  width=\"640\" height=\"360\"  data-origwidth=\"640\" data-origheight=\"360\" src=\"https:\/\/www.youtube.com\/embed\/aGSKrC7dGcY?enablejsapi=1&#038;autoplay=0&#038;cc_load_policy=0&#038;cc_lang_pref=&#038;iv_load_policy=1&#038;loop=0&#038;rel=1&#038;fs=1&#038;playsinline=0&#038;autohide=2&#038;theme=dark&#038;color=white&#038;controls=1&#038;\" class=\"__youtube_prefs__  epyt-is-override  no-lazyload\" data-vol=\"50\"  title=\"YouTube player\"  allow=\"fullscreen; accelerometer; autoplay; clipboard-write; encrypted-media; gyroscope; picture-in-picture; web-share\" referrerpolicy=\"strict-origin-when-cross-origin\" allowfullscreen data-no-lazy=\"1\" data-skipgform_ajax_framebjll=\"\"><\/iframe><\/div>\n<\/div><\/figure>\n\n\n\n<div style=\"height:24px\" aria-hidden=\"true\" class=\"wp-block-spacer\"><\/div>\n","protected":false},"excerpt":{"rendered":"<p>El segundo desprendido de su \u00e1lbum Violator, publicado el 5 de febrero de 1990.<\/p>\n","protected":false},"author":5,"featured_media":4937,"comment_status":"open","ping_status":"open","sticky":false,"template":"","format":"standard","meta":{"om_disable_all_campaigns":false,"_uf_show_specific_survey":0,"_uf_disable_surveys":false,"footnotes":""},"categories":[10],"tags":[],"class_list":["post-4936","post","type-post","status-publish","format-standard","has-post-thumbnail","hentry","category-videos"],"_links":{"self":[{"href":"https:\/\/entrenotasyacordes.com\/index.php?rest_route=\/wp\/v2\/posts\/4936","targetHints":{"allow":["GET"]}}],"collection":[{"href":"https:\/\/entrenotasyacordes.com\/index.php?rest_route=\/wp\/v2\/posts"}],"about":[{"href":"https:\/\/entrenotasyacordes.com\/index.php?rest_route=\/wp\/v2\/types\/post"}],"author":[{"embeddable":true,"href":"https:\/\/entrenotasyacordes.com\/index.php?rest_route=\/wp\/v2\/users\/5"}],"replies":[{"embeddable":true,"href":"https:\/\/entrenotasyacordes.com\/index.php?rest_route=%2Fwp%2Fv2%2Fcomments&post=4936"}],"version-history":[{"count":2,"href":"https:\/\/entrenotasyacordes.com\/index.php?rest_route=\/wp\/v2\/posts\/4936\/revisions"}],"predecessor-version":[{"id":4939,"href":"https:\/\/entrenotasyacordes.com\/index.php?rest_route=\/wp\/v2\/posts\/4936\/revisions\/4939"}],"wp:featuredmedia":[{"embeddable":true,"href":"https:\/\/entrenotasyacordes.com\/index.php?rest_route=\/wp\/v2\/media\/4937"}],"wp:attachment":[{"href":"https:\/\/entrenotasyacordes.com\/index.php?rest_route=%2Fwp%2Fv2%2Fmedia&parent=4936"}],"wp:term":[{"taxonomy":"category","embeddable":true,"href":"https:\/\/entrenotasyacordes.com\/index.php?rest_route=%2Fwp%2Fv2%2Fcategories&post=4936"},{"taxonomy":"post_tag","embeddable":true,"href":"https:\/\/entrenotasyacordes.com\/index.php?rest_route=%2Fwp%2Fv2%2Ftags&post=4936"}],"curies":[{"name":"wp","href":"https:\/\/api.w.org\/{rel}","templated":true}]}}