{"id":4940,"date":"2024-02-05T16:06:38","date_gmt":"2024-02-05T16:06:38","guid":{"rendered":"https:\/\/entrenotasyacordes.com\/?p=4940"},"modified":"2024-02-05T16:06:39","modified_gmt":"2024-02-05T16:06:39","slug":"el-kuelgue-desembarca-en-el-estadio-atenas-en-mayo","status":"publish","type":"post","link":"https:\/\/entrenotasyacordes.com\/?p=4940","title":{"rendered":"EL KUELGUE DESEMBARCA EN EL ESTADIO ATENAS EN MAYO"},"content":{"rendered":"\n<p class=\"has-black-color has-text-color has-link-color wp-elements-4ded3476f991e0ecb2c53a19232fc308\">Despu\u00e9s de un exitoso 2023 en donde lanzaron su nuevo \u00e1lbum \u00a8Hola Precioso\u00a8 y lo presentaron por primera vez en su carrera en el Estadio Luna Park con entradas agotadas, el\u00a0<strong>Kuelgue<\/strong>\u00a0regresa al<strong>\u00a0Estadio Atenas<\/strong>\u00a0de la ciudad de La Plata el\u00a0<strong>s\u00e1bado 18 de mayo.<\/strong><\/p>\n\n\n\n<!--more-->\n\n\n\n<p class=\"has-black-color has-text-color has-link-color wp-elements-8cca13a4bcfeef14302356d02f8300e7\"><strong>Entradas a la venta por sistema<\/strong><a href=\"https:\/\/livepass.com.ar\/events\/el-kuelgue-en-estadio-atenas\" target=\"_blank\" rel=\"noreferrer noopener\">Livepass<\/a><\/p>\n\n\n\n<div style=\"height:17px\" aria-hidden=\"true\" class=\"wp-block-spacer\"><\/div>\n\n\n\n<p class=\"has-black-color has-text-color has-link-color wp-elements-fc67c769b3f2b3815d8a749391077062\">CON&nbsp;<strong>&nbsp;BANCO&nbsp;PROVINCIA<\/strong>&nbsp;&nbsp;TENES<strong>&nbsp;4 CUOTAS SIN INTER\u00c9S<\/strong><br><strong>&nbsp;Y 30% DE AHORRO<\/strong><br>(*) Con tope de reintegro de $3.000 por transacci\u00f3n<br>Con tarjetas Visa y Mastercard<\/p>\n\n\n\n<div style=\"height:17px\" aria-hidden=\"true\" class=\"wp-block-spacer\"><\/div>\n\n\n\n<figure class=\"wp-block-image size-large\"><img loading=\"lazy\" decoding=\"async\" width=\"1024\" height=\"683\" src=\"https:\/\/entrenotasyacordes.com\/wp-content\/uploads\/2024\/02\/d7684bec-af39-0140-67cd-d5296f4663d8-1024x683.jpg\" alt=\"\" class=\"wp-image-4941\" srcset=\"https:\/\/entrenotasyacordes.com\/wp-content\/uploads\/2024\/02\/d7684bec-af39-0140-67cd-d5296f4663d8-1024x683.jpg 1024w, https:\/\/entrenotasyacordes.com\/wp-content\/uploads\/2024\/02\/d7684bec-af39-0140-67cd-d5296f4663d8-300x200.jpg 300w, https:\/\/entrenotasyacordes.com\/wp-content\/uploads\/2024\/02\/d7684bec-af39-0140-67cd-d5296f4663d8-768x512.jpg 768w, https:\/\/entrenotasyacordes.com\/wp-content\/uploads\/2024\/02\/d7684bec-af39-0140-67cd-d5296f4663d8-1536x1024.jpg 1536w, https:\/\/entrenotasyacordes.com\/wp-content\/uploads\/2024\/02\/d7684bec-af39-0140-67cd-d5296f4663d8.jpg 1920w\" sizes=\"auto, (max-width: 1024px) 100vw, 1024px\" \/><\/figure>\n\n\n\n<div style=\"height:17px\" aria-hidden=\"true\" class=\"wp-block-spacer\"><\/div>\n\n\n\n<p class=\"has-black-color has-text-color has-link-color wp-elements-079660b549a0ec3c8bbce25538a0755e\">Su nueva canci\u00f3n \u201cCarta Para No Llorar\u201d feat. Zoe Gotusso, \u201cSinoca\u201d y los ya cl\u00e1sicos que los consagraron durante su carrera seguir\u00e1n siendo la excusa perfecta para esta nueva convocatoria tan solicitada por los fans.<\/p>\n\n\n\n<div style=\"height:17px\" aria-hidden=\"true\" class=\"wp-block-spacer\"><\/div>\n\n\n\n<p class=\"has-black-color has-text-color has-link-color wp-elements-d6455b4b4c9ee6e78076421916ba08d7\">\u201cHola Precioso\u201d le da la bienvenida a una nueva etapa en la vida del Kuelgue.<\/p>\n\n\n\n<div style=\"height:17px\" aria-hidden=\"true\" class=\"wp-block-spacer\"><\/div>\n\n\n\n<p class=\"has-black-color has-text-color has-link-color wp-elements-a25f58c238fc7818bd9d8d4880f5c09f\">Su primer adelanto \u201cSinoca\u201d estuvo por varias semanas primero en escuchas en radios y plataformas digitales, al igual que su video clip.<\/p>\n\n\n\n<div style=\"height:17px\" aria-hidden=\"true\" class=\"wp-block-spacer\"><\/div>\n\n\n\n<p class=\"has-black-color has-text-color has-link-color wp-elements-7a82eb1fc9093d4ca798c353c0774e47\">Cl\u00e1sico pero modernista, el nuevo disco de El Kuelgue no abandona el absurdo habitual y acompa\u00f1a con minimalismo canciones profundas d\u00e1ndole una nueva est\u00e9tica a sus sonidos.<\/p>\n\n\n\n<div style=\"height:17px\" aria-hidden=\"true\" class=\"wp-block-spacer\"><\/div>\n\n\n\n<p class=\"has-black-color has-text-color has-link-color wp-elements-c83011cfdd6ce884ce83a81804079796\">Producido y grabado por Mariano Otero entre los festejos del f\u00fatbol de diciembre de 2022 y la nostalgia del oto\u00f1o de Buenos Aires de 2023, el quinto disco de la banda se imprime como una foto en 3D de olor precioso.<\/p>\n\n\n\n<div style=\"height:17px\" aria-hidden=\"true\" class=\"wp-block-spacer\"><\/div>\n\n\n\n<p class=\"has-black-color has-text-color has-link-color wp-elements-732dc2ed7737ba6df2e23615d0ef2f08\"><strong>NO TE LO POD\u00c9S PERDER!!!<\/strong><\/p>\n\n\n\n<div style=\"height:17px\" aria-hidden=\"true\" class=\"wp-block-spacer\"><\/div>\n\n\n\n<figure class=\"wp-block-image size-large\"><img loading=\"lazy\" decoding=\"async\" width=\"683\" height=\"1024\" src=\"https:\/\/entrenotasyacordes.com\/wp-content\/uploads\/2024\/02\/af8ccddf-c9d1-0706-8cb9-d5bbc89dd260-683x1024.jpg\" alt=\"\" class=\"wp-image-4942\" srcset=\"https:\/\/entrenotasyacordes.com\/wp-content\/uploads\/2024\/02\/af8ccddf-c9d1-0706-8cb9-d5bbc89dd260-683x1024.jpg 683w, https:\/\/entrenotasyacordes.com\/wp-content\/uploads\/2024\/02\/af8ccddf-c9d1-0706-8cb9-d5bbc89dd260-200x300.jpg 200w, https:\/\/entrenotasyacordes.com\/wp-content\/uploads\/2024\/02\/af8ccddf-c9d1-0706-8cb9-d5bbc89dd260-768x1152.jpg 768w, https:\/\/entrenotasyacordes.com\/wp-content\/uploads\/2024\/02\/af8ccddf-c9d1-0706-8cb9-d5bbc89dd260-1024x1536.jpg 1024w, https:\/\/entrenotasyacordes.com\/wp-content\/uploads\/2024\/02\/af8ccddf-c9d1-0706-8cb9-d5bbc89dd260.jpg 1280w\" sizes=\"auto, (max-width: 683px) 100vw, 683px\" \/><\/figure>\n\n\n\n<div style=\"height:17px\" aria-hidden=\"true\" class=\"wp-block-spacer\"><\/div>\n\n\n\n<p class=\"has-black-color has-text-color has-link-color wp-elements-1b80cfcdca95dede6fe7f604388ef952\"><strong>ACERCA DE EL KUELGUE<\/strong><\/p>\n\n\n\n<div style=\"height:17px\" aria-hidden=\"true\" class=\"wp-block-spacer\"><\/div>\n\n\n\n<p class=\"has-black-color has-text-color has-link-color wp-elements-3856d9816030e1bc52ebc806b04e2247\">El Kuelgue se form\u00f3 en Buenos Aires, en el coraz\u00f3n del barrio de Villa Crespo durante el a\u00f1o 2004. Sus particulares conciertos en vivo, en donde despliegan su impronta ligada al absurdo y la improvisaci\u00f3n, y sus originales puestas en escena, son el sello de este grupo liderado por el multifac\u00e9tico Juli\u00e1n Kartun. Esta suma de factores estableci\u00f3 a El Kuelgue como una propuesta distinta dentro de la escena de la m\u00fasica argentina y latinoamericana. La versatilidad musical y la combinaci\u00f3n que la banda hace de m\u00faltiples estilos captur\u00f3 a una generaci\u00f3n que ya no elige m\u00e1s a la m\u00fasica por su g\u00e9nero.<\/p>\n\n\n\n<div style=\"height:17px\" aria-hidden=\"true\" class=\"wp-block-spacer\"><\/div>\n\n\n\n<p class=\"has-black-color has-text-color has-link-color wp-elements-3ce4d5b1b5332a7e5f7feaa72b302387\">Desde hace casi 20 a\u00f1os la banda realiza sus conciertos en las salas y festivales m\u00e1s importantes de Argentina, Am\u00e9rica Latina y Europa. En el 2016 la banda fue elegida para abrir los dos shows de Paul McCartney en el Estadio \u00danico de la Plata, y realiz\u00f3 colaboraciones con artistas como Julieta Venegas y Adr\u00edan D\u00e1rgelos de Babas\u00f3nicos, entre otros.<\/p>\n\n\n\n<div style=\"height:17px\" aria-hidden=\"true\" class=\"wp-block-spacer\"><\/div>\n\n\n\n<p><\/p>\n","protected":false},"excerpt":{"rendered":"<p>Despu\u00e9s de un exitoso 2023 en donde lanzaron su nuevo \u00e1lbum \u00a8Hola Precioso\u00a8 y lo<\/p>\n","protected":false},"author":5,"featured_media":4943,"comment_status":"open","ping_status":"open","sticky":false,"template":"","format":"standard","meta":{"om_disable_all_campaigns":false,"_uf_show_specific_survey":0,"_uf_disable_surveys":false,"footnotes":""},"categories":[36],"tags":[],"class_list":["post-4940","post","type-post","status-publish","format-standard","has-post-thumbnail","hentry","category-conciertos"],"_links":{"self":[{"href":"https:\/\/entrenotasyacordes.com\/index.php?rest_route=\/wp\/v2\/posts\/4940","targetHints":{"allow":["GET"]}}],"collection":[{"href":"https:\/\/entrenotasyacordes.com\/index.php?rest_route=\/wp\/v2\/posts"}],"about":[{"href":"https:\/\/entrenotasyacordes.com\/index.php?rest_route=\/wp\/v2\/types\/post"}],"author":[{"embeddable":true,"href":"https:\/\/entrenotasyacordes.com\/index.php?rest_route=\/wp\/v2\/users\/5"}],"replies":[{"embeddable":true,"href":"https:\/\/entrenotasyacordes.com\/index.php?rest_route=%2Fwp%2Fv2%2Fcomments&post=4940"}],"version-history":[{"count":2,"href":"https:\/\/entrenotasyacordes.com\/index.php?rest_route=\/wp\/v2\/posts\/4940\/revisions"}],"predecessor-version":[{"id":4945,"href":"https:\/\/entrenotasyacordes.com\/index.php?rest_route=\/wp\/v2\/posts\/4940\/revisions\/4945"}],"wp:featuredmedia":[{"embeddable":true,"href":"https:\/\/entrenotasyacordes.com\/index.php?rest_route=\/wp\/v2\/media\/4943"}],"wp:attachment":[{"href":"https:\/\/entrenotasyacordes.com\/index.php?rest_route=%2Fwp%2Fv2%2Fmedia&parent=4940"}],"wp:term":[{"taxonomy":"category","embeddable":true,"href":"https:\/\/entrenotasyacordes.com\/index.php?rest_route=%2Fwp%2Fv2%2Fcategories&post=4940"},{"taxonomy":"post_tag","embeddable":true,"href":"https:\/\/entrenotasyacordes.com\/index.php?rest_route=%2Fwp%2Fv2%2Ftags&post=4940"}],"curies":[{"name":"wp","href":"https:\/\/api.w.org\/{rel}","templated":true}]}}