{"id":4946,"date":"2024-02-05T16:21:36","date_gmt":"2024-02-05T16:21:36","guid":{"rendered":"https:\/\/entrenotasyacordes.com\/?p=4946"},"modified":"2024-02-05T16:21:38","modified_gmt":"2024-02-05T16:21:38","slug":"justin-quiles-regresa-a-la-argentina","status":"publish","type":"post","link":"https:\/\/entrenotasyacordes.com\/?p=4946","title":{"rendered":"JUSTIN QUILES REGRESA A LA ARGENTINA"},"content":{"rendered":"\n<p class=\"has-black-color has-text-color has-link-color wp-elements-fb69212b41ab312e59fd526e75d89e83\"><strong>MI\u00c9RCOLES 22 DE MAYO<\/strong> <strong>MOVISTAR ARENA<\/strong><\/p>\n\n\n\n<!--more-->\n\n\n\n<p><\/p>\n\n\n\n<p class=\"has-black-color has-text-color has-link-color wp-elements-90d0a2a6a192349de070f2e85aa31251\">El exitoso vocalista e \u00edcono de la m\u00fasica urbana, Justin Quiles, luego de estrenar su m\u00e1s reciente sencillo \u00a8Faldas y Gistros\u00a8\u00a0\u00a0 junto a Anitta y Lenny Tavares anuncia su regreso a Buenos Aires el 22 de mayo en Movistar Arena.<\/p>\n\n\n\n<div style=\"height:20px\" aria-hidden=\"true\" class=\"wp-block-spacer\"><\/div>\n\n\n\n<p class=\"has-text-align-center has-black-color has-text-color has-link-color wp-elements-fc7d0ab265bf98c38a04d8af75716df2\"><br>PREVENTA EXCLUSIVA PARA CLIENTES BBVA DESDE EL MARTES 6 DE FEBRERO A LAS 13.00 HS.<\/p>\n\n\n\n<div style=\"height:20px\" aria-hidden=\"true\" class=\"wp-block-spacer\"><\/div>\n\n\n\n<p class=\"has-text-align-center has-black-color has-text-color has-link-color wp-elements-b296715b383fa6dc1b8bfcf714a4a68b\">VENTA GENERAL DESDE EL JUEVES 8 DE FEBRERO DESDE LAS 13.00 HS.<\/p>\n\n\n\n<div style=\"height:20px\" aria-hidden=\"true\" class=\"wp-block-spacer\"><\/div>\n\n\n\n<p class=\"has-text-align-center has-black-color has-text-color has-link-color wp-elements-3c43f1e693ea738fa4e0354ed9c65890\">3 CUOTAS SIN INTER\u00c9S PARA CLIENTES BBVA.<\/p>\n\n\n\n<div style=\"height:20px\" aria-hidden=\"true\" class=\"wp-block-spacer\"><\/div>\n\n\n\n<p class=\"has-text-align-center has-black-color has-text-color has-link-color wp-elements-c907a5cac70f89f18375e5e9630a28f9\">ENTRADAS DISPONIBLES \u00daNICAMENTE A TRAV\u00c9S DE<\/p>\n\n\n\n<div style=\"height:20px\" aria-hidden=\"true\" class=\"wp-block-spacer\"><\/div>\n\n\n\n<p class=\"has-text-align-center has-black-color has-text-color has-link-color wp-elements-ebdaaf233527761725508e0b8bd4682b\">WWW.MOVISTAR ARENA.COM.AR<\/p>\n\n\n\n<div style=\"height:20px\" aria-hidden=\"true\" class=\"wp-block-spacer\"><\/div>\n\n\n\n<figure class=\"wp-block-image size-large\"><img loading=\"lazy\" decoding=\"async\" width=\"683\" height=\"1024\" src=\"https:\/\/entrenotasyacordes.com\/wp-content\/uploads\/2024\/02\/1706797742126-JUSTIN-QUILES-FOTO-1-1-1-683x1024.jpeg\" alt=\"\" class=\"wp-image-4948\" srcset=\"https:\/\/entrenotasyacordes.com\/wp-content\/uploads\/2024\/02\/1706797742126-JUSTIN-QUILES-FOTO-1-1-1-683x1024.jpeg 683w, https:\/\/entrenotasyacordes.com\/wp-content\/uploads\/2024\/02\/1706797742126-JUSTIN-QUILES-FOTO-1-1-1-200x300.jpeg 200w, https:\/\/entrenotasyacordes.com\/wp-content\/uploads\/2024\/02\/1706797742126-JUSTIN-QUILES-FOTO-1-1-1-768x1152.jpeg 768w, https:\/\/entrenotasyacordes.com\/wp-content\/uploads\/2024\/02\/1706797742126-JUSTIN-QUILES-FOTO-1-1-1-1024x1536.jpeg 1024w, https:\/\/entrenotasyacordes.com\/wp-content\/uploads\/2024\/02\/1706797742126-JUSTIN-QUILES-FOTO-1-1-1-1365x2048.jpeg 1365w, https:\/\/entrenotasyacordes.com\/wp-content\/uploads\/2024\/02\/1706797742126-JUSTIN-QUILES-FOTO-1-1-1-scaled.jpeg 1707w\" sizes=\"auto, (max-width: 683px) 100vw, 683px\" \/><\/figure>\n\n\n\n<div style=\"height:20px\" aria-hidden=\"true\" class=\"wp-block-spacer\"><\/div>\n\n\n\n<p><strong>Acerca de Justin Quiles<\/strong><\/p>\n\n\n\n<div style=\"height:20px\" aria-hidden=\"true\" class=\"wp-block-spacer\"><\/div>\n\n\n\n<p class=\"has-black-color has-text-color has-link-color wp-elements-cba50059e18f05e17d90e2662741a9b1\">Justin Rafael Quiles, mejor conocido como Justin Quiles tuvo un 2022&nbsp; lleno de acontecimientos incre\u00edbles. Comenzando a mediados de enero, lanz\u00f3 su aclamado \u00e9xito social viral, \u201cWhiskey Y Coco\u201d junto a Myke Towers.<\/p>\n\n\n\n<div style=\"height:20px\" aria-hidden=\"true\" class=\"wp-block-spacer\"><\/div>\n\n\n\n<p class=\"has-black-color has-text-color has-link-color wp-elements-bb830848c245d30255931bdede81bc66\">El reconocido artista tambi\u00e9n se llev\u00f3 a casa su primer Grammy como compositor por el \u00e1lbum \u201cMotomami\u201d de Rosal\u00eda con su sencillo \u201cSAOKO\u201d, que tambi\u00e9n recibi\u00f3 algunas nominaciones y premios esa noche.<\/p>\n\n\n\n<div style=\"height:20px\" aria-hidden=\"true\" class=\"wp-block-spacer\"><\/div>\n\n\n\n<p class=\"has-black-color has-text-color has-link-color wp-elements-fbdac2752332fef6251fab0a8f231b33\">Poco despu\u00e9s siguieron una multitud de colaboraciones con algunas de las mejores voces de la M\u00fasica Urbana, como el legendario Daddy Yankee, Natti Natasha, Ozuna, El Alfa y m\u00e1s. Justin tambi\u00e9n debut\u00f3 su primera colaboraci\u00f3n con Karol G en su \u00e1lbum \u201cMa\u00f1ana Ser\u00e1 Bonito\u201d con su exitoso sencillo \u201cOJOS FERRARI\u201d, que tambi\u00e9n cont\u00f3 con la participaci\u00f3n del artista dominicano dembow en ascenso, Angel Dior.<\/p>\n\n\n\n<div style=\"height:20px\" aria-hidden=\"true\" class=\"wp-block-spacer\"><\/div>\n\n\n\n<p class=\"has-black-color has-text-color has-link-color wp-elements-8bdb0bd61d1eba1325d48a3a48dc141a\">Todo esto condujo a la gira en 2023 de 24 shows de Justin por Espa\u00f1a que comenz\u00f3 en pleno verano y se extendi\u00f3 durante todo agosto. Tambi\u00e9n continu\u00f3 una etapa de la gira por Estados Unidos durante diciembre para cerrar el a\u00f1o. Sin olvidar debutar su EP sorpresa \u201cLA TRILOG\u00cdA\u201d el cual estuvo compuesto por \u201cLa Verde, \u201cLa Manzana\u201d y \u201cTe Perdi\u00f3\u201d. Lo que lleva a los fan\u00e1ticos a una historia profunda, rica y llena de suspenso a trav\u00e9s de los giros y vueltas de una relaci\u00f3n que alguna vez fue hermosa y que se volvi\u00f3 t\u00f3xica.<\/p>\n\n\n\n<div style=\"height:20px\" aria-hidden=\"true\" class=\"wp-block-spacer\"><\/div>\n\n\n\n<p><\/p>\n","protected":false},"excerpt":{"rendered":"<p>MI\u00c9RCOLES 22 DE MAYO MOVISTAR ARENA<\/p>\n","protected":false},"author":5,"featured_media":4949,"comment_status":"open","ping_status":"open","sticky":false,"template":"","format":"standard","meta":{"om_disable_all_campaigns":false,"_uf_show_specific_survey":0,"_uf_disable_surveys":false,"footnotes":""},"categories":[36],"tags":[],"class_list":["post-4946","post","type-post","status-publish","format-standard","has-post-thumbnail","hentry","category-conciertos"],"_links":{"self":[{"href":"https:\/\/entrenotasyacordes.com\/index.php?rest_route=\/wp\/v2\/posts\/4946","targetHints":{"allow":["GET"]}}],"collection":[{"href":"https:\/\/entrenotasyacordes.com\/index.php?rest_route=\/wp\/v2\/posts"}],"about":[{"href":"https:\/\/entrenotasyacordes.com\/index.php?rest_route=\/wp\/v2\/types\/post"}],"author":[{"embeddable":true,"href":"https:\/\/entrenotasyacordes.com\/index.php?rest_route=\/wp\/v2\/users\/5"}],"replies":[{"embeddable":true,"href":"https:\/\/entrenotasyacordes.com\/index.php?rest_route=%2Fwp%2Fv2%2Fcomments&post=4946"}],"version-history":[{"count":2,"href":"https:\/\/entrenotasyacordes.com\/index.php?rest_route=\/wp\/v2\/posts\/4946\/revisions"}],"predecessor-version":[{"id":4951,"href":"https:\/\/entrenotasyacordes.com\/index.php?rest_route=\/wp\/v2\/posts\/4946\/revisions\/4951"}],"wp:featuredmedia":[{"embeddable":true,"href":"https:\/\/entrenotasyacordes.com\/index.php?rest_route=\/wp\/v2\/media\/4949"}],"wp:attachment":[{"href":"https:\/\/entrenotasyacordes.com\/index.php?rest_route=%2Fwp%2Fv2%2Fmedia&parent=4946"}],"wp:term":[{"taxonomy":"category","embeddable":true,"href":"https:\/\/entrenotasyacordes.com\/index.php?rest_route=%2Fwp%2Fv2%2Fcategories&post=4946"},{"taxonomy":"post_tag","embeddable":true,"href":"https:\/\/entrenotasyacordes.com\/index.php?rest_route=%2Fwp%2Fv2%2Ftags&post=4946"}],"curies":[{"name":"wp","href":"https:\/\/api.w.org\/{rel}","templated":true}]}}